{"id":9755,"date":"2025-10-29T02:01:12","date_gmt":"2025-10-29T05:01:12","guid":{"rendered":"https:\/\/magazineweb.com.ar\/?p=9755"},"modified":"2025-10-29T02:01:43","modified_gmt":"2025-10-29T05:01:43","slug":"la-libertad-avanza-busca-postergar-el-debate-del-presupuesto-2026-y-tratarlo-en-sesiones-extraordinarias","status":"publish","type":"post","link":"http:\/\/magazineweb.com.ar\/?p=9755","title":{"rendered":"La Libertad Avanza busca postergar el debate del Presupuesto 2026 y tratarlo en sesiones extraordinarias"},"content":{"rendered":"\n<p>El oficialismo encarar\u00e1 negociaciones con los bloques dialoguistas de diputados para postergar el debate y que se trate con la nueva composici\u00f3n del cuerpo.<\/p>\n\n\n\n<p>Por Silvia Rajcher periodista de Noticias Argentinas<\/p>\n\n\n\n<p>El bloque de diputados de La Libertad Avanza (LLA) buscar\u00e1 acuerdos con los bloques dialoguistas para postergar el debate del proyecto de Presupuesto 2026\u00a0<strong>a fin de tratar esa iniciativa en sesiones extraordinarias y luego de que asuman los diputados electos el domingo \u00faltimo, con lo que el oficialismo tendr\u00e1, junto a sus aliados, la primera minor\u00eda.<\/strong><\/p>\n\n\n\n<p>El bloque de diputados de La Libertad Avanza (LLA) buscar\u00e1 acuerdos con los bloques dialoguistas para postergar el debate del proyecto de Presupuesto 2026&nbsp;<strong>a fin de tratar esa iniciativa en sesiones extraordinarias y luego de que asuman los diputados electos el domingo \u00faltimo, con lo que el oficialismo tendr\u00e1, junto a sus aliados, la primera minor\u00eda.<\/strong><\/p>\n\n\n\n<p>Los bloques opositores aprobaron el 8 de octubre un emplazamiento donde se estableci\u00f3 el cronograma de audiencias, que establec\u00eda que el 11 de noviembre se trate en el recinto para que pueda discutirse en el Senado antes de la finalizaci\u00f3n de las sesiones ordinarias.<\/p>\n\n\n\n<p><strong>El peronismo quiere mantener la fecha del dictamen pero reconoce que hay bloques dialoguistas que est\u00e1n dispuestos a acordar una nueva citaci\u00f3n para que se trate con la nueva composici\u00f3n el cuerpo, indicaron fuentes parlamentarias.<\/strong><\/p>\n\n\n\n<p>El Gobierno tendr\u00e1 a partir del&nbsp;<strong>10 de diciembre 107 legisladores entre la LLA, PRO y la UCR, y podr\u00e1 contar con otros 6 diputados radicales cercanos al oficialismo, con lo cual necesitar\u00e1 solo 13 legisladores para aprobar el Presupuesto 2026.<\/strong><\/p>\n\n\n\n<p>Voceros parlamentarios de bloques provinciales se\u00f1alaron a la Agencia Noticias Argentinas que estas negociaciones se realizar\u00e1n entre los gobernadores y el Poder Ejecutivo, que acordar\u00e1n una postergaci\u00f3n del debate de la ley de gastos y recursos.<\/p>\n\n\n\n<p>En este escenario ser\u00e1 crucial la posici\u00f3n que adopte el bloque de Encuentro Federal, ya que uno de sus diputados, Nicolas Massot, hab\u00eda adelantado que presentar\u00e1 un dictamen de minor\u00eda donde mantiene un super\u00e1vit inferior al proyectado por el Gobierno para incluir las leyes de Discapacidad, Universidades y Garrahan.<\/p>\n\n\n\n<p>Tambi\u00e9n habr\u00e1 que esperar la posici\u00f3n que asumir\u00e1 Democracia para Siempre, que tambi\u00e9n hab\u00eda votado el emplazamiento en la sesi\u00f3n del 8 de octubre.<\/p>\n\n\n\n<p>En cambio, el oficialismo tendr\u00eda el aval de los bloques del PRO, la UCR y bancadas provinciales para postergar el tratamiento.<\/p>\n\n\n\n<p>Por lo tanto, resultar\u00e1n claves las conversaciones que puedan existir en los pr\u00f3ximos d\u00edas entre el oficialismo y los bloques dialoguistas para establecer un nuevo cronograma de dictamen y avanzar as\u00ed con las negociaciones para consensuar la ley de gastos y recursos para 2026.<\/p>\n\n\n\n<p>Por lo pronto, el presidente de la comisi\u00f3n de Presupuesto y Hacienda, Alberto Benegas Lynch, continuar\u00e1 esta semana con la ronda de consultas y para ma\u00f1ana est\u00e1 previsto que terminen de responder las preguntas de los legisladores el secretario de Hacienda, Carlos Guberman, adem\u00e1s funcionarios del Ministerio de Defensa y Hacienda.<\/p>\n\n\n\n<p>Para ma\u00f1ana a las 14.30 tambi\u00e9n est\u00e1 prevista la visita del secretario de Educaci\u00f3n, Carlos Torrendell, y el subsecretario de Pol\u00edticas Universitarias, Alejandro \u00c1lvarez.<\/p>\n\n\n\n<p>El proyecto de Presupuesto que est\u00e1 en discusi\u00f3n plantea un aumento de la econom\u00eda del 5% del PBI, una inflaci\u00f3n del 10,1%; un d\u00f3lar de 1423 a diciembre de 2026 y proyecta incrementos del 10,6 % de las exportaciones y 11 % de importaciones.<\/p>\n\n\n\n<p>Tambi\u00e9n fija que los gastos totales ser\u00e1n de 148 billones de pesos, con recursos de 148,2 billones de pesos, con lo cual proyecta un super\u00e1vit primario de 2 billones de pesos.<\/p>\n\n\n\n<p>En el proyecto girado en 2024, el Gobierno contemplaba recursos por 3,6 billones de pesos pero las universidades solicitaron 7,2 billones de pesos, y en ese punto no hubo acuerdo entre oficialismo y oposici\u00f3n.<\/p>\n","protected":false},"excerpt":{"rendered":"<p>El oficialismo encarar\u00e1 negociaciones con los bloques dialoguistas de diputados para postergar el debate y que se trate con la nueva composici\u00f3n del cuerpo. Por Silvia Rajcher periodista de Noticias&hellip;<\/p>\n","protected":false},"author":2,"featured_media":9756,"comment_status":"closed","ping_status":"closed","sticky":false,"template":"","format":"standard","meta":{"footnotes":""},"categories":[4,17,13],"tags":[503,502,504,505],"class_list":["post-9755","post","type-post","status-publish","format-standard","has-post-thumbnail","hentry","category-destacados","category-nacional","category-politica","tag-avanza","tag-libertad","tag-presupuesto","tag-sesiones"],"rttpg_featured_image_url":{"full":["http:\/\/magazineweb.com.ar\/wp-content\/uploads\/2025\/10\/Senado-Nacional-2025.jpeg",1600,1068,false],"landscape":["http:\/\/magazineweb.com.ar\/wp-content\/uploads\/2025\/10\/Senado-Nacional-2025.jpeg",1600,1068,false],"portraits":["http:\/\/magazineweb.com.ar\/wp-content\/uploads\/2025\/10\/Senado-Nacional-2025.jpeg",1600,1068,false],"thumbnail":["http:\/\/magazineweb.com.ar\/wp-content\/uploads\/2025\/10\/Senado-Nacional-2025-150x150.jpeg",150,150,true],"medium":["http:\/\/magazineweb.com.ar\/wp-content\/uploads\/2025\/10\/Senado-Nacional-2025-300x200.jpeg",300,200,true],"large":["http:\/\/magazineweb.com.ar\/wp-content\/uploads\/2025\/10\/Senado-Nacional-2025-1024x684.jpeg",1024,684,true],"1536x1536":["http:\/\/magazineweb.com.ar\/wp-content\/uploads\/2025\/10\/Senado-Nacional-2025-1536x1025.jpeg",1536,1025,true],"2048x2048":["http:\/\/magazineweb.com.ar\/wp-content\/uploads\/2025\/10\/Senado-Nacional-2025.jpeg",1600,1068,false],"ultp_layout_landscape_large":["http:\/\/magazineweb.com.ar\/wp-content\/uploads\/2025\/10\/Senado-Nacional-2025-1200x800.jpeg",1200,800,true],"ultp_layout_landscape":["http:\/\/magazineweb.com.ar\/wp-content\/uploads\/2025\/10\/Senado-Nacional-2025-870x570.jpeg",870,570,true],"ultp_layout_portrait":["http:\/\/magazineweb.com.ar\/wp-content\/uploads\/2025\/10\/Senado-Nacional-2025-600x900.jpeg",600,900,true],"ultp_layout_square":["http:\/\/magazineweb.com.ar\/wp-content\/uploads\/2025\/10\/Senado-Nacional-2025-600x600.jpeg",600,600,true]},"rttpg_author":{"display_name":"Roxana Reinoso","author_link":"http:\/\/magazineweb.com.ar\/?author=2"},"rttpg_comment":0,"rttpg_category":"<a href=\"http:\/\/magazineweb.com.ar\/?cat=4\" rel=\"category\">Destacados<\/a> <a href=\"http:\/\/magazineweb.com.ar\/?cat=17\" rel=\"category\">Nacional<\/a> <a href=\"http:\/\/magazineweb.com.ar\/?cat=13\" rel=\"category\">Pol\u00edtica<\/a>","rttpg_excerpt":"El oficialismo encarar\u00e1 negociaciones con los bloques dialoguistas de diputados para postergar el debate y que se trate con la nueva composici\u00f3n del cuerpo. Por Silvia Rajcher periodista de Noticias&hellip;","_links":{"self":[{"href":"http:\/\/magazineweb.com.ar\/index.php?rest_route=\/wp\/v2\/posts\/9755","targetHints":{"allow":["GET"]}}],"collection":[{"href":"http:\/\/magazineweb.com.ar\/index.php?rest_route=\/wp\/v2\/posts"}],"about":[{"href":"http:\/\/magazineweb.com.ar\/index.php?rest_route=\/wp\/v2\/types\/post"}],"author":[{"embeddable":true,"href":"http:\/\/magazineweb.com.ar\/index.php?rest_route=\/wp\/v2\/users\/2"}],"replies":[{"embeddable":true,"href":"http:\/\/magazineweb.com.ar\/index.php?rest_route=%2Fwp%2Fv2%2Fcomments&post=9755"}],"version-history":[{"count":1,"href":"http:\/\/magazineweb.com.ar\/index.php?rest_route=\/wp\/v2\/posts\/9755\/revisions"}],"predecessor-version":[{"id":9757,"href":"http:\/\/magazineweb.com.ar\/index.php?rest_route=\/wp\/v2\/posts\/9755\/revisions\/9757"}],"wp:featuredmedia":[{"embeddable":true,"href":"http:\/\/magazineweb.com.ar\/index.php?rest_route=\/wp\/v2\/media\/9756"}],"wp:attachment":[{"href":"http:\/\/magazineweb.com.ar\/index.php?rest_route=%2Fwp%2Fv2%2Fmedia&parent=9755"}],"wp:term":[{"taxonomy":"category","embeddable":true,"href":"http:\/\/magazineweb.com.ar\/index.php?rest_route=%2Fwp%2Fv2%2Fcategories&post=9755"},{"taxonomy":"post_tag","embeddable":true,"href":"http:\/\/magazineweb.com.ar\/index.php?rest_route=%2Fwp%2Fv2%2Ftags&post=9755"}],"curies":[{"name":"wp","href":"https:\/\/api.w.org\/{rel}","templated":true}]}}