{"id":9758,"date":"2025-10-31T14:33:13","date_gmt":"2025-10-31T17:33:13","guid":{"rendered":"https:\/\/magazineweb.com.ar\/?p=9758"},"modified":"2025-10-31T14:41:14","modified_gmt":"2025-10-31T17:41:14","slug":"por-que-se-celebra-halloween-hoy-31-de-octubre-el-origen-de-la-fecha","status":"publish","type":"post","link":"http:\/\/magazineweb.com.ar\/?p=9758","title":{"rendered":"\u00bfPor qu\u00e9 se celebra Halloween hoy, 31 de octubre?: el origen de la fecha"},"content":{"rendered":"\n<p>Por<a href=\"https:\/\/www.infobae.com\/autor\/constanza-almiron\/\">Constanza Almir\u00f3n<\/a> (infobae.com)<\/p>\n\n\n\n<p class=\"has-vivid-green-cyan-color has-black-background-color has-text-color has-background has-link-color wp-elements-56c965ecf58a827cb595471e15ca9d57\">Diversas comunidades rememoran el cambio de estaci\u00f3n mediante festejos nocturnos, actividades l\u00fadicas y expresiones simb\u00f3licas que reflejan el miedo y la admiraci\u00f3n por lo desconocido<\/p>\n\n\n\n<p>Cada a\u00f1o, al finalizar octubre, las calles se llenan de\u00a0<strong>calabazas talladas,\u00a0<\/strong><a href=\"https:\/\/www.infobae.com\/tendencias\/2025\/10\/28\/10-disfraces-de-halloween-para-ninos-que-se-pueden-hacer-en-casa\/\" target=\"_blank\" rel=\"noreferrer noopener\"><strong>disfraces<\/strong><\/a><strong>\u00a0extravagantes y ni\u00f1os en busca de caramelos<\/strong>, mientras los hogares se decoran con motivos tenebrosos,\u00a0<a href=\"https:\/\/www.infobae.com\/tag\/halloween\/\" target=\"_blank\" rel=\"noreferrer noopener\"><strong>Halloween<\/strong><\/a>, tambi\u00e9n conocida como\u00a0<strong>Noche de Brujas<\/strong>, re\u00fane a millones de personas el 31 de octubre en una celebraci\u00f3n cargada de misterio y tradici\u00f3n.<\/p>\n\n\n\n<p>La festividad se vive con especial intensidad en&nbsp;<strong>Estados Unidos<\/strong>,&nbsp;<strong>Canad\u00e1<\/strong>,&nbsp;<strong>Irlanda<\/strong>&nbsp;y el&nbsp;<strong>Reino Unido<\/strong>, aunque en los \u00faltimos a\u00f1os se expandi\u00f3 a pa\u00edses de Am\u00e9rica Latina y Europa, donde las celebraciones y costumbres propias de Halloween ganaron popularidad.<\/p>\n\n\n\n<h2 class=\"wp-block-heading\">Cu\u00e1l es el origen de Halloween<\/h2>\n\n\n\n<p>Seg\u00fan&nbsp;<em>National Geographic<\/em>, Halloween tiene sus or\u00edgenes en los rituales del&nbsp;<strong>pueblo celta<\/strong>&nbsp;hace m\u00e1s de dos mil a\u00f1os. Las comunidades ubicadas en Irlanda, Escocia y el norte de Francia segu\u00edan el ritmo de las estaciones: para ellos, el 31 de octubre marcaba el&nbsp;<strong>fin de la cosecha<\/strong>&nbsp;y el inicio del invierno, una etapa asociada con la oscuridad y la incertidumbre. Para se\u00f1alar este cambio, los celtas celebraban el&nbsp;<strong>Samhain<\/strong>, una festividad fundamental en su calendario.<\/p>\n\n\n\n<p>Durante Samhain, se cre\u00eda que la frontera entre el mundo de los vivos y los muertos se volv\u00eda difusa. Muchos pensaban que algunos esp\u00edritus regresaban para visitar a sus familias o ajustar cuentas pendientes. Para protegerse, los habitantes encend\u00edan hogueras, organizaban banquetes y dejaban ofrendas de alimentos en las puertas, como acto de respeto y para evitar el enojo de las fuerzas desconocidas.<\/p>\n\n\n\n<p>La conquista romana incorpor\u00f3 pr\u00e1cticas como el Mundus Patet, un rito en el que se consideraba que el \u201cmundo de los muertos\u201d se abr\u00eda en ocasiones especiales. Con la expansi\u00f3n del cristianismo, el&nbsp;<strong>Papa<\/strong>&nbsp;<strong>Gregorio III<\/strong>&nbsp;traslad\u00f3 el&nbsp;<strong>D\u00eda de Todos los Santos<\/strong>&nbsp;del 13 de mayo al 1 de noviembre, buscando integrar las celebraciones paganas de los difuntos. As\u00ed, la noche previa, conocida como \u201cAll Hallows\u2019 Eve\u201d, fue abrevi\u00e1ndose hasta convertirse en&nbsp;<strong>Halloween<\/strong>.<\/p>\n\n\n\n<p>El origen de Halloween se remonta al Samhain celta, una festividad donde se cre\u00eda que los esp\u00edritus regresaban al mundo de los vivos (Imagen Ilustrativa Infobae)<\/p>\n\n\n\n<p>La festividad cruz\u00f3 el Atl\u00e1ntico y lleg\u00f3 a Am\u00e9rica principalmente gracias a los inmigrantes irlandeses del siglo XIX. All\u00ed,&nbsp;<strong>se transform\u00f3 en una tradici\u00f3n con nuevas influencias culturales y del cine<\/strong>, hasta consolidarse como una celebraci\u00f3n central dedicada a la diversi\u00f3n y el misterio.<\/p>\n\n\n\n<h2 class=\"wp-block-heading\">\u00bfPor qu\u00e9 se asocia Halloween a los disfraces?<\/h2>\n\n\n\n<p>El uso de&nbsp;<strong>disfraces en Halloween<\/strong>&nbsp;no es solo una costumbre moderna. Su origen se encuentra en las creencias celtas del Samhain. Los habitantes tem\u00edan encontrarse con seres del otro mundo, por lo que se vest\u00edan con pieles de animales y m\u00e1scaras para pasar desapercibidos o intimidar a los esp\u00edritus malignos.<\/p>\n\n\n\n<p>Con el tiempo, esta costumbre fue evolucionando. Durante la Edad Media, se populariz\u00f3 la visita a casas cantando o rezando por los difuntos a cambio de alimentos, tradici\u00f3n conocida como&nbsp;<em>\u201csoul cake\u201d<\/em>. Los participantes sol\u00edan llevar vestimenta especial, anticipando el actual \u201ctruco o trato\u201d.<img loading=\"lazy\" decoding=\"async\" alt=\"Halloween lleg\u00f3 a Am\u00e9rica gracias\" height=\"768\" src=\"https:\/\/www.infobae.com\/resizer\/v2\/UKNVEF4FBFDBXFH53Q2TBT2JSQ.png?auth=ec04bbf3171e459ecce05fa6fa2db31ee6e7b2509183f8d9b30282b60f640ebe&amp;smart=true&amp;width=350&amp;height=191&amp;quality=85\" width=\"1408\">Halloween lleg\u00f3 a Am\u00e9rica gracias a los inmigrantes irlandeses del siglo XIX, transform\u00e1ndose en una celebraci\u00f3n de diversi\u00f3n y misterio (Imagen Ilustrativa Infobae)<\/p>\n\n\n\n<p>En<strong>&nbsp;Estados Unidos<\/strong>, durante el siglo XX, la industria del entretenimiento impuls\u00f3 disfraces inspirados en monstruos de la literatura y el cine, como vampiros, brujas y fantasmas, y posteriormente en personajes de pel\u00edculas y televisi\u00f3n. El disfraz permiti\u00f3 a ni\u00f1os y adultos adoptar identidades imaginarias por una noche.<\/p>\n\n\n\n<p>Hoy, la oferta de disfraces es pr\u00e1cticamente ilimitada: hay opciones terror\u00edficas, originales y humor\u00edsticas. Lo central permanece: el disfraz sigue siendo una forma de enfrentar los miedos, integrarse a la fiesta y compartir con la comunidad.<\/p>\n","protected":false},"excerpt":{"rendered":"<p>PorConstanza Almir\u00f3n (infobae.com) Diversas comunidades rememoran el cambio de estaci\u00f3n mediante festejos nocturnos, actividades l\u00fadicas y expresiones simb\u00f3licas que reflejan el miedo y la admiraci\u00f3n por lo desconocido Cada a\u00f1o,&hellip;<\/p>\n","protected":false},"author":2,"featured_media":9760,"comment_status":"closed","ping_status":"closed","sticky":false,"template":"","format":"standard","meta":{"footnotes":""},"categories":[4,8],"tags":[510,506,507,509,508,511],"class_list":["post-9758","post","type-post","status-publish","format-standard","has-post-thumbnail","hentry","category-destacados","category-hechos-historicos","tag-celebracion","tag-efemerides-2","tag-halloween","tag-hechos","tag-historia","tag-por-que"],"rttpg_featured_image_url":{"full":["http:\/\/magazineweb.com.ar\/wp-content\/uploads\/2025\/10\/hallowen-historia.jpg",299,168,false],"landscape":["http:\/\/magazineweb.com.ar\/wp-content\/uploads\/2025\/10\/hallowen-historia.jpg",299,168,false],"portraits":["http:\/\/magazineweb.com.ar\/wp-content\/uploads\/2025\/10\/hallowen-historia.jpg",299,168,false],"thumbnail":["http:\/\/magazineweb.com.ar\/wp-content\/uploads\/2025\/10\/hallowen-historia-150x150.jpg",150,150,true],"medium":["http:\/\/magazineweb.com.ar\/wp-content\/uploads\/2025\/10\/hallowen-historia.jpg",299,168,false],"large":["http:\/\/magazineweb.com.ar\/wp-content\/uploads\/2025\/10\/hallowen-historia.jpg",299,168,false],"1536x1536":["http:\/\/magazineweb.com.ar\/wp-content\/uploads\/2025\/10\/hallowen-historia.jpg",299,168,false],"2048x2048":["http:\/\/magazineweb.com.ar\/wp-content\/uploads\/2025\/10\/hallowen-historia.jpg",299,168,false],"ultp_layout_landscape_large":["http:\/\/magazineweb.com.ar\/wp-content\/uploads\/2025\/10\/hallowen-historia.jpg",299,168,false],"ultp_layout_landscape":["http:\/\/magazineweb.com.ar\/wp-content\/uploads\/2025\/10\/hallowen-historia.jpg",299,168,false],"ultp_layout_portrait":["http:\/\/magazineweb.com.ar\/wp-content\/uploads\/2025\/10\/hallowen-historia.jpg",299,168,false],"ultp_layout_square":["http:\/\/magazineweb.com.ar\/wp-content\/uploads\/2025\/10\/hallowen-historia.jpg",299,168,false]},"rttpg_author":{"display_name":"Roxana Reinoso","author_link":"http:\/\/magazineweb.com.ar\/?author=2"},"rttpg_comment":0,"rttpg_category":"<a href=\"http:\/\/magazineweb.com.ar\/?cat=4\" rel=\"category\">Destacados<\/a> <a href=\"http:\/\/magazineweb.com.ar\/?cat=8\" rel=\"category\">Hechos Hist\u00f3ricos<\/a>","rttpg_excerpt":"PorConstanza Almir\u00f3n (infobae.com) Diversas comunidades rememoran el cambio de estaci\u00f3n mediante festejos nocturnos, actividades l\u00fadicas y expresiones simb\u00f3licas que reflejan el miedo y la admiraci\u00f3n por lo desconocido Cada a\u00f1o,&hellip;","_links":{"self":[{"href":"http:\/\/magazineweb.com.ar\/index.php?rest_route=\/wp\/v2\/posts\/9758","targetHints":{"allow":["GET"]}}],"collection":[{"href":"http:\/\/magazineweb.com.ar\/index.php?rest_route=\/wp\/v2\/posts"}],"about":[{"href":"http:\/\/magazineweb.com.ar\/index.php?rest_route=\/wp\/v2\/types\/post"}],"author":[{"embeddable":true,"href":"http:\/\/magazineweb.com.ar\/index.php?rest_route=\/wp\/v2\/users\/2"}],"replies":[{"embeddable":true,"href":"http:\/\/magazineweb.com.ar\/index.php?rest_route=%2Fwp%2Fv2%2Fcomments&post=9758"}],"version-history":[{"count":1,"href":"http:\/\/magazineweb.com.ar\/index.php?rest_route=\/wp\/v2\/posts\/9758\/revisions"}],"predecessor-version":[{"id":9759,"href":"http:\/\/magazineweb.com.ar\/index.php?rest_route=\/wp\/v2\/posts\/9758\/revisions\/9759"}],"wp:featuredmedia":[{"embeddable":true,"href":"http:\/\/magazineweb.com.ar\/index.php?rest_route=\/wp\/v2\/media\/9760"}],"wp:attachment":[{"href":"http:\/\/magazineweb.com.ar\/index.php?rest_route=%2Fwp%2Fv2%2Fmedia&parent=9758"}],"wp:term":[{"taxonomy":"category","embeddable":true,"href":"http:\/\/magazineweb.com.ar\/index.php?rest_route=%2Fwp%2Fv2%2Fcategories&post=9758"},{"taxonomy":"post_tag","embeddable":true,"href":"http:\/\/magazineweb.com.ar\/index.php?rest_route=%2Fwp%2Fv2%2Ftags&post=9758"}],"curies":[{"name":"wp","href":"https:\/\/api.w.org\/{rel}","templated":true}]}}