{"id":10204,"date":"2026-03-18T16:05:00","date_gmt":"2026-03-18T19:05:00","guid":{"rendered":"https:\/\/magazineweb.com.ar\/?p=10204"},"modified":"2026-03-23T00:21:05","modified_gmt":"2026-03-23T03:21:05","slug":"mayra-la-intendente-eva-mieri-y-el-ministro-mena-inauguraron-la-puesta-en-valor-integral-del-ex-centro-clandestino-de-detencion-puesto-vasco-de-don-bosco","status":"publish","type":"post","link":"https:\/\/magazineweb.com.ar\/?p=10204","title":{"rendered":"Mayra, la intendente Eva Mieri y el Ministro Mena inauguraron la puesta en valor integral del ex Centro Clandestino de Detenci\u00f3n \u00abPuesto Vasco\u00bb de Don Bosco"},"content":{"rendered":"\n<p class=\"has-black-color has-vivid-green-cyan-background-color has-text-color has-background has-link-color wp-elements-1871752611ec725f45f6ad0d3ea3b3a0\">La diputada provincial e intendenta de Quilmes en uso de licencia, Mayra Mendoza, junto a la jefa comunal interina, Eva Mieri, y el ministro de Justicia y Derechos Humanos de la provincia de Buenos Aires, Juan Mart\u00edn Mena, inauguraron este mi\u00e9rcoles la puesta en valor integral del Espacio para la Memoria y la Promoci\u00f3n de los Derechos Humanos, ex Centro Clandestino de Detenci\u00f3n, Tortura y Exterminio (CCDTyE) \u201cPuesto Vasco\u201d, ubicado en Pilcomayo 69, en Don Bosco, un compromiso de gesti\u00f3n asumido en el Plan Bianual 2025-2027.<\/p>\n\n\n\n<p>\u201cTener pol\u00edticas p\u00fablicas y un ejercicio militante de memoria tiene que ver con poder defender a nuestra Patria de lo que sucedi\u00f3 en aquellos a\u00f1os oscuros, para poder seguir acompa\u00f1ando con profundo amor la tarea de las Madres y de las Abuelas en la recuperaci\u00f3n de nuestros nietos, para que nunca m\u00e1s se vuelvan a vivir en la Argentina esos a\u00f1os horribles para nuestro pa\u00eds\u201d, se\u00f1al\u00f3 Mayra, que estuvo acompa\u00f1ada por la secretaria de Desarrollo Urbano y Obra P\u00fablicas local, Ceci Soler, y su par de Mujeres, Diversidades y DDHH, B\u00e1rbara Cocimano.<\/p>\n\n\n\n<p>Por su parte, Juan Mart\u00edn Mena, afirm\u00f3: \u201cEstoy muy contento y emocionado. Hoy hay una llamita de cari\u00f1o y de amor por el otro en Quilmes que nosotros mantenemos viva con este nuevo espacio de memoria. Quiero felicitar a todo el equipo de la Municipalidad, a Eva, a Mayra, a las compa\u00f1eras y compa\u00f1eros que trabajaron much\u00edsimo por esto\u201d. En tanto, el subsecretario de Derechos Humanos bonaerense, Mat\u00edas Moreno, afirm\u00f3: \u201cEstamos convencidos de que el dolor lo tenemos que transformar en acci\u00f3n concreta y es el mejor homenaje al sue\u00f1o de todos nuestros compa\u00f1eros\u201d.<\/p>\n\n\n\n<p>Puesto Vasco es un ex CCDTyE utilizado durante la \u00faltima dictadura c\u00edvico militar. Actualmente, funciona como Espacio de Memoria y es visitado por vecinos y escuelas de la zona. Luego del relevamiento efectuado en el lugar que indic\u00f3 importantes deterioros en el edificio producto de su antig\u00fcedad y falta de mantenimiento (problemas de seguridad y humedad en cimientos, cielorrasos y da\u00f1os en artefactos sanitarios), el proyecto contempl\u00f3 el reacondicionamiento de algunos sectores interiores, la puesta en valor de la fachada exterior, la adaptaci\u00f3n de una oficina existente como ba\u00f1o apto para personas con discapacidad y la restauraci\u00f3n de la cubierta, con el objetivo de resolver los problemas de filtraciones existentes.<\/p>\n\n\n\n<p>Las tareas fueron financiadas con fondos netamente municipales, y tuvieron como finalidad el ajuste y reparaci\u00f3n de todos los componentes del edificio bajo condiciones b\u00e1sicas de habitabilidad y correcto funcionamiento del mismo, cumpliendo en todo momento con el resguardo de los sectores de memoria. La puesta en valor del edificio tiene un impacto positivo debido a que la obra brindar\u00e1 las condiciones necesarias para mejorar la vinculaci\u00f3n del establecimiento con los vecinos y reforzar la importancia de este espacio de memoria. Para aquellos que quieran visitarlo, escribir al correo:&nbsp;<a rel=\"noreferrer noopener\" target=\"_blank\" href=\"mailto:secretariaddhhquilmes@gmail.com\">secretariaddhhquilmes@gmail.com<\/a>&nbsp;o mandar mensaje al WhatsApp 11-7895-5656.<\/p>\n\n\n\n<p>Participaron tambi\u00e9n de la actividad la secretaria de Ni\u00f1ez y Desarrollo Social local, Florencia Di Tullio; los subsecretarios de Derechos Humanos locales, Hugo Colaone, y de Obras e Infraestructura, Ramiro Beltrani; el director general de Derechos Humanos, Rub\u00e9n Schell; el director general de Sitios, Mariano Orellana, y su par de Pol\u00edticas Socioculturales, Leandro Cepeda; la presidenta del Honorable Concejo Deliberante local, Berenice Latorre, y el bloque de concejales de FP; la directora de Sitios y Espacios de Memoria de la Subsecretar\u00eda de Derechos Humanos de la provincia de Buenos Aires, Lorena Battistiol, y el exintendente de Quilmes, Francisco Guti\u00e9rrez, entre otros funcionarios comunales y provinciales, y representantes de distintos organismos de DDHH.<\/p>\n","protected":false},"excerpt":{"rendered":"<p>La diputada provincial e intendenta de Quilmes en uso de licencia, Mayra Mendoza, junto a la jefa comunal interina, Eva Mieri, y el ministro de Justicia y Derechos Humanos de&hellip;<\/p>\n","protected":false},"author":2,"featured_media":10206,"comment_status":"closed","ping_status":"closed","sticky":false,"template":"","format":"standard","meta":{"footnotes":""},"categories":[4,13,15],"tags":[804,805,801,807,693,803,163,806,573,694,130],"class_list":["post-10204","post","type-post","status-publish","format-standard","has-post-thumbnail","hentry","category-destacados","category-politica","category-regional","tag-centro","tag-clandestino","tag-derechos","tag-don-bosco","tag-eva","tag-humanos","tag-mayra","tag-mena","tag-mendoza","tag-mieri","tag-quilmes"],"rttpg_featured_image_url":{"full":["https:\/\/magazineweb.com.ar\/wp-content\/uploads\/2026\/03\/MAYRA-EVA-Y-EL-MINISTRO-MENA-INAUGURARON-LA-PUESTA-EN-VALOR-INTEGRAL-DEL-EX-CENTRO-CLANDESTINO-DE-DETENCION-PUESTO-VASCO-DE-DON-BOSCO-2.jpg",1280,853,false],"landscape":["https:\/\/magazineweb.com.ar\/wp-content\/uploads\/2026\/03\/MAYRA-EVA-Y-EL-MINISTRO-MENA-INAUGURARON-LA-PUESTA-EN-VALOR-INTEGRAL-DEL-EX-CENTRO-CLANDESTINO-DE-DETENCION-PUESTO-VASCO-DE-DON-BOSCO-2.jpg",1280,853,false],"portraits":["https:\/\/magazineweb.com.ar\/wp-content\/uploads\/2026\/03\/MAYRA-EVA-Y-EL-MINISTRO-MENA-INAUGURARON-LA-PUESTA-EN-VALOR-INTEGRAL-DEL-EX-CENTRO-CLANDESTINO-DE-DETENCION-PUESTO-VASCO-DE-DON-BOSCO-2.jpg",1280,853,false],"thumbnail":["https:\/\/magazineweb.com.ar\/wp-content\/uploads\/2026\/03\/MAYRA-EVA-Y-EL-MINISTRO-MENA-INAUGURARON-LA-PUESTA-EN-VALOR-INTEGRAL-DEL-EX-CENTRO-CLANDESTINO-DE-DETENCION-PUESTO-VASCO-DE-DON-BOSCO-2-150x150.jpg",150,150,true],"medium":["https:\/\/magazineweb.com.ar\/wp-content\/uploads\/2026\/03\/MAYRA-EVA-Y-EL-MINISTRO-MENA-INAUGURARON-LA-PUESTA-EN-VALOR-INTEGRAL-DEL-EX-CENTRO-CLANDESTINO-DE-DETENCION-PUESTO-VASCO-DE-DON-BOSCO-2-300x200.jpg",300,200,true],"large":["https:\/\/magazineweb.com.ar\/wp-content\/uploads\/2026\/03\/MAYRA-EVA-Y-EL-MINISTRO-MENA-INAUGURARON-LA-PUESTA-EN-VALOR-INTEGRAL-DEL-EX-CENTRO-CLANDESTINO-DE-DETENCION-PUESTO-VASCO-DE-DON-BOSCO-2-1024x682.jpg",1024,682,true],"1536x1536":["https:\/\/magazineweb.com.ar\/wp-content\/uploads\/2026\/03\/MAYRA-EVA-Y-EL-MINISTRO-MENA-INAUGURARON-LA-PUESTA-EN-VALOR-INTEGRAL-DEL-EX-CENTRO-CLANDESTINO-DE-DETENCION-PUESTO-VASCO-DE-DON-BOSCO-2.jpg",1280,853,false],"2048x2048":["https:\/\/magazineweb.com.ar\/wp-content\/uploads\/2026\/03\/MAYRA-EVA-Y-EL-MINISTRO-MENA-INAUGURARON-LA-PUESTA-EN-VALOR-INTEGRAL-DEL-EX-CENTRO-CLANDESTINO-DE-DETENCION-PUESTO-VASCO-DE-DON-BOSCO-2.jpg",1280,853,false],"ultp_layout_landscape_large":["https:\/\/magazineweb.com.ar\/wp-content\/uploads\/2026\/03\/MAYRA-EVA-Y-EL-MINISTRO-MENA-INAUGURARON-LA-PUESTA-EN-VALOR-INTEGRAL-DEL-EX-CENTRO-CLANDESTINO-DE-DETENCION-PUESTO-VASCO-DE-DON-BOSCO-2-1200x800.jpg",1200,800,true],"ultp_layout_landscape":["https:\/\/magazineweb.com.ar\/wp-content\/uploads\/2026\/03\/MAYRA-EVA-Y-EL-MINISTRO-MENA-INAUGURARON-LA-PUESTA-EN-VALOR-INTEGRAL-DEL-EX-CENTRO-CLANDESTINO-DE-DETENCION-PUESTO-VASCO-DE-DON-BOSCO-2-870x570.jpg",870,570,true],"ultp_layout_portrait":["https:\/\/magazineweb.com.ar\/wp-content\/uploads\/2026\/03\/MAYRA-EVA-Y-EL-MINISTRO-MENA-INAUGURARON-LA-PUESTA-EN-VALOR-INTEGRAL-DEL-EX-CENTRO-CLANDESTINO-DE-DETENCION-PUESTO-VASCO-DE-DON-BOSCO-2-600x853.jpg",600,853,true],"ultp_layout_square":["https:\/\/magazineweb.com.ar\/wp-content\/uploads\/2026\/03\/MAYRA-EVA-Y-EL-MINISTRO-MENA-INAUGURARON-LA-PUESTA-EN-VALOR-INTEGRAL-DEL-EX-CENTRO-CLANDESTINO-DE-DETENCION-PUESTO-VASCO-DE-DON-BOSCO-2-600x600.jpg",600,600,true]},"rttpg_author":{"display_name":"Roxana Reinoso","author_link":"https:\/\/magazineweb.com.ar\/?author=2"},"rttpg_comment":0,"rttpg_category":"<a href=\"https:\/\/magazineweb.com.ar\/?cat=4\" rel=\"category\">Destacados<\/a> <a href=\"https:\/\/magazineweb.com.ar\/?cat=13\" rel=\"category\">Pol\u00edtica<\/a> <a href=\"https:\/\/magazineweb.com.ar\/?cat=15\" rel=\"category\">Regional<\/a>","rttpg_excerpt":"La diputada provincial e intendenta de Quilmes en uso de licencia, Mayra Mendoza, junto a la jefa comunal interina, Eva Mieri, y el ministro de Justicia y Derechos Humanos de&hellip;","_links":{"self":[{"href":"https:\/\/magazineweb.com.ar\/index.php?rest_route=\/wp\/v2\/posts\/10204","targetHints":{"allow":["GET"]}}],"collection":[{"href":"https:\/\/magazineweb.com.ar\/index.php?rest_route=\/wp\/v2\/posts"}],"about":[{"href":"https:\/\/magazineweb.com.ar\/index.php?rest_route=\/wp\/v2\/types\/post"}],"author":[{"embeddable":true,"href":"https:\/\/magazineweb.com.ar\/index.php?rest_route=\/wp\/v2\/users\/2"}],"replies":[{"embeddable":true,"href":"https:\/\/magazineweb.com.ar\/index.php?rest_route=%2Fwp%2Fv2%2Fcomments&post=10204"}],"version-history":[{"count":1,"href":"https:\/\/magazineweb.com.ar\/index.php?rest_route=\/wp\/v2\/posts\/10204\/revisions"}],"predecessor-version":[{"id":10205,"href":"https:\/\/magazineweb.com.ar\/index.php?rest_route=\/wp\/v2\/posts\/10204\/revisions\/10205"}],"wp:featuredmedia":[{"embeddable":true,"href":"https:\/\/magazineweb.com.ar\/index.php?rest_route=\/wp\/v2\/media\/10206"}],"wp:attachment":[{"href":"https:\/\/magazineweb.com.ar\/index.php?rest_route=%2Fwp%2Fv2%2Fmedia&parent=10204"}],"wp:term":[{"taxonomy":"category","embeddable":true,"href":"https:\/\/magazineweb.com.ar\/index.php?rest_route=%2Fwp%2Fv2%2Fcategories&post=10204"},{"taxonomy":"post_tag","embeddable":true,"href":"https:\/\/magazineweb.com.ar\/index.php?rest_route=%2Fwp%2Fv2%2Ftags&post=10204"}],"curies":[{"name":"wp","href":"https:\/\/api.w.org\/{rel}","templated":true}]}}