{"id":10212,"date":"2026-03-29T15:37:20","date_gmt":"2026-03-29T18:37:20","guid":{"rendered":"https:\/\/magazineweb.com.ar\/?p=10212"},"modified":"2026-03-29T15:40:47","modified_gmt":"2026-03-29T18:40:47","slug":"mujeres-unidas-por-la-paz-y-la-soberania-de-los-pueblos","status":"publish","type":"post","link":"https:\/\/magazineweb.com.ar\/?p=10212","title":{"rendered":"Mujeres unidas por la paz y la soberan\u00eda de los pueblos"},"content":{"rendered":"\n<h2 data-wp-context---core-fit-text=\"core\/fit-text::{&quot;fontSize&quot;:&quot;&quot;}\" data-wp-init---core-fit-text=\"core\/fit-text::callbacks.init\" data-wp-interactive data-wp-style--font-size=\"core\/fit-text::context.fontSize\" class=\"wp-block-heading has-fit-text\">Por Cecilia Arregues (FTNYP) y Juana Peralta (Jubiladxs por la Liberaci\u00f3n PC)<\/h2>\n\n\n\n<p>Desde Argentina formamos parte de la Brigada Internacional de Mujeres \u201cCilia Flores<br>por la Paz\u201d, organizada por el PSUV Mujeres. En nuestro rol de mujeres militantes del<br>campo nacional y popular.<\/p>\n\n\n\n<p>Es importante destacar que entre el 6 y el 8 de marzo del 2026 se realiz\u00f3 en Caracas<br>el primer encuentro en el que particip\u00f3 una delegaci\u00f3n de la Argentina de alrededor<br>de 25 compa\u00f1eras de distintos gremios, movimientos sociales y partidos pol\u00edticos.<br>Entre ellas Juana Peralta por el Movimiento Jubiladxs Liberaci\u00f3n y el PC.<br><\/p>\n\n\n\n<p>Reafirmamos el compromiso de solidaridad, por la libertad a la primera combatiente<br>Cilia Flores y al Presidente Nicol\u00e1s Maduro secuestrados por el imperialismo,<br>encarnado en la figura del nefasto Donald Trump el pasado 3 de enero.<\/p>\n\n\n\n<p><br>La experiencia militante de viajar y conocer la realidad que se vive en Venezuela y<br>c\u00f3mo defienden el proceso revolucionario, es muy fuerte en lo personal, muy rica en<br>conocimiento de distintas realidades y de experiencias de lucha. Y de organizaci\u00f3n<br>concreta de las comunas, donde las mujeres cumplen un rol fundamental, que se<br>expresa en forma de construcci\u00f3n colectiva y solidaria. Nos conmovieron los relatos<br>ciudadanos de como vivieron cada uno esa terrible situaci\u00f3n del corte de luz,<br>invasi\u00f3n y los estruendosos misiles sobre sus barrios.<\/p>\n\n\n\n<p><br>A pesar de estos ataques del imperialismo, adem\u00e1s de los a\u00f1os de bloqueo,<br>sanciones, intentos de golpe y el secuestro de la pareja presidencial, la revoluci\u00f3n<br>bolivariana sigue en pie, y el pueblo venezolano con su dirigencia muy firmes, en su<br>pol\u00edtica basada en el di\u00e1logo y en el fortalecimiento del poder popular.<\/p>\n\n\n\n<p><br>Como Argentinas es inevitable no parangonar las diferentes realidades y tambi\u00e9n es<br>inevitable visibilizar la tremenda conciencia de clase del pueblo venezolano!<\/p>\n\n\n\n<p><br>Las brigadas asumen y asumimos el compromiso de difundir lo vivido y multiplicar<br>con compa\u00f1eras militantes argentinas la brigada internacional Cilia Flores por la Paz,<br>y as\u00ed realizar alguna acci\u00f3n masiva en defensa de Venezuela y su hermoso pueblo,<br>que ser\u00e1 tambi\u00e9n en defensa de nuestra Argentina para derrotar las pol\u00edticas de<br>ajuste y represi\u00f3n del gobierno de Milei.<\/p>\n\n\n\n<p><br>Invitamos y convocamos a todas las compa\u00f1eras del campo Nacional y Popular a<br>formar parte de las brigadas de forma activa. Defender la democracia la<br>autodeterminaci\u00f3n de los pueblos y la historia de lucha independentista es tarea de<br>todas!<\/p>\n\n\n\n<p><\/p>\n","protected":false},"excerpt":{"rendered":"<p>Por Cecilia Arregues (FTNYP) y Juana Peralta (Jubiladxs por la Liberaci\u00f3n PC) Desde Argentina formamos parte de la Brigada Internacional de Mujeres \u201cCilia Florespor la Paz\u201d, organizada por el PSUV&hellip;<\/p>\n","protected":false},"author":2,"featured_media":10214,"comment_status":"closed","ping_status":"closed","sticky":false,"template":"","format":"standard","meta":{"footnotes":""},"categories":[4,10],"tags":[40,261,817,260,818,815,85,814,816],"class_list":["post-10212","post","type-post","status-publish","format-standard","has-post-thumbnail","hentry","category-destacados","category-internacionales","tag-argentina","tag-arregues","tag-brigada","tag-cecilia","tag-internacional","tag-juana","tag-mujeres","tag-paz","tag-peralta"],"rttpg_featured_image_url":{"full":["https:\/\/magazineweb.com.ar\/wp-content\/uploads\/2026\/03\/Brigadas-Internacionales-de-Mujeres-2026.jpg",900,1200,false],"landscape":["https:\/\/magazineweb.com.ar\/wp-content\/uploads\/2026\/03\/Brigadas-Internacionales-de-Mujeres-2026.jpg",900,1200,false],"portraits":["https:\/\/magazineweb.com.ar\/wp-content\/uploads\/2026\/03\/Brigadas-Internacionales-de-Mujeres-2026.jpg",900,1200,false],"thumbnail":["https:\/\/magazineweb.com.ar\/wp-content\/uploads\/2026\/03\/Brigadas-Internacionales-de-Mujeres-2026-150x150.jpg",150,150,true],"medium":["https:\/\/magazineweb.com.ar\/wp-content\/uploads\/2026\/03\/Brigadas-Internacionales-de-Mujeres-2026-225x300.jpg",225,300,true],"large":["https:\/\/magazineweb.com.ar\/wp-content\/uploads\/2026\/03\/Brigadas-Internacionales-de-Mujeres-2026-768x1024.jpg",768,1024,true],"1536x1536":["https:\/\/magazineweb.com.ar\/wp-content\/uploads\/2026\/03\/Brigadas-Internacionales-de-Mujeres-2026.jpg",900,1200,false],"2048x2048":["https:\/\/magazineweb.com.ar\/wp-content\/uploads\/2026\/03\/Brigadas-Internacionales-de-Mujeres-2026.jpg",900,1200,false],"ultp_layout_landscape_large":["https:\/\/magazineweb.com.ar\/wp-content\/uploads\/2026\/03\/Brigadas-Internacionales-de-Mujeres-2026-900x800.jpg",900,800,true],"ultp_layout_landscape":["https:\/\/magazineweb.com.ar\/wp-content\/uploads\/2026\/03\/Brigadas-Internacionales-de-Mujeres-2026-870x570.jpg",870,570,true],"ultp_layout_portrait":["https:\/\/magazineweb.com.ar\/wp-content\/uploads\/2026\/03\/Brigadas-Internacionales-de-Mujeres-2026-600x900.jpg",600,900,true],"ultp_layout_square":["https:\/\/magazineweb.com.ar\/wp-content\/uploads\/2026\/03\/Brigadas-Internacionales-de-Mujeres-2026-600x600.jpg",600,600,true]},"rttpg_author":{"display_name":"Roxana Reinoso","author_link":"https:\/\/magazineweb.com.ar\/?author=2"},"rttpg_comment":0,"rttpg_category":"<a href=\"https:\/\/magazineweb.com.ar\/?cat=4\" rel=\"category\">Destacados<\/a> <a href=\"https:\/\/magazineweb.com.ar\/?cat=10\" rel=\"category\">Internacionales<\/a>","rttpg_excerpt":"Por Cecilia Arregues (FTNYP) y Juana Peralta (Jubiladxs por la Liberaci\u00f3n PC) Desde Argentina formamos parte de la Brigada Internacional de Mujeres \u201cCilia Florespor la Paz\u201d, organizada por el PSUV&hellip;","_links":{"self":[{"href":"https:\/\/magazineweb.com.ar\/index.php?rest_route=\/wp\/v2\/posts\/10212","targetHints":{"allow":["GET"]}}],"collection":[{"href":"https:\/\/magazineweb.com.ar\/index.php?rest_route=\/wp\/v2\/posts"}],"about":[{"href":"https:\/\/magazineweb.com.ar\/index.php?rest_route=\/wp\/v2\/types\/post"}],"author":[{"embeddable":true,"href":"https:\/\/magazineweb.com.ar\/index.php?rest_route=\/wp\/v2\/users\/2"}],"replies":[{"embeddable":true,"href":"https:\/\/magazineweb.com.ar\/index.php?rest_route=%2Fwp%2Fv2%2Fcomments&post=10212"}],"version-history":[{"count":1,"href":"https:\/\/magazineweb.com.ar\/index.php?rest_route=\/wp\/v2\/posts\/10212\/revisions"}],"predecessor-version":[{"id":10213,"href":"https:\/\/magazineweb.com.ar\/index.php?rest_route=\/wp\/v2\/posts\/10212\/revisions\/10213"}],"wp:featuredmedia":[{"embeddable":true,"href":"https:\/\/magazineweb.com.ar\/index.php?rest_route=\/wp\/v2\/media\/10214"}],"wp:attachment":[{"href":"https:\/\/magazineweb.com.ar\/index.php?rest_route=%2Fwp%2Fv2%2Fmedia&parent=10212"}],"wp:term":[{"taxonomy":"category","embeddable":true,"href":"https:\/\/magazineweb.com.ar\/index.php?rest_route=%2Fwp%2Fv2%2Fcategories&post=10212"},{"taxonomy":"post_tag","embeddable":true,"href":"https:\/\/magazineweb.com.ar\/index.php?rest_route=%2Fwp%2Fv2%2Ftags&post=10212"}],"curies":[{"name":"wp","href":"https:\/\/api.w.org\/{rel}","templated":true}]}}