{"id":10218,"date":"2026-03-26T23:00:00","date_gmt":"2026-03-27T02:00:00","guid":{"rendered":"https:\/\/magazineweb.com.ar\/?p=10218"},"modified":"2026-03-29T17:41:34","modified_gmt":"2026-03-29T20:41:34","slug":"eva-mieri-participo-de-la-reinauguracion-del-museo-roverano","status":"publish","type":"post","link":"https:\/\/magazineweb.com.ar\/?p=10218","title":{"rendered":"Eva Mieri particip\u00f3 de la reinauguraci\u00f3n del Museo Roverano"},"content":{"rendered":"\n<p class=\"has-black-color has-vivid-green-cyan-background-color has-text-color has-background has-link-color wp-elements-adced7501a7addea8c46fa1d1a13a0d0\">La intendenta interina de Quilmes, Eva Mieri, particip\u00f3 este jueves de la reinauguraci\u00f3n del Museo de Artes Visuales \u201cV\u00edctor Roverano\u201d, ubicado en Rivadavia 498, donde adem\u00e1s visit\u00f3 la muestra fotogr\u00e1fica \u201c50 a\u00f1os-Nunca M\u00e1s\u201d, organizada junto a ARGRA, que re\u00fane im\u00e1genes del archivo de su Fototeca y del relevamiento de centros clandestinos de detenci\u00f3n realizado en 1984. La exposici\u00f3n propone una reflexi\u00f3n sobre la memoria colectiva a 50 a\u00f1os del golpe de Estado c\u00edvico-militar.<\/p>\n\n\n\n<p>\u201cDesborda la emoci\u00f3n. Es un orgullo para el equipo de trabajo que conforma la gesti\u00f3n de nuestra querida compa\u00f1era Mayra Mendoza, que se comprometi\u00f3 desde el primer d\u00eda a poner a la cultura, a la identidad quilme\u00f1a en el centro de la escena\u201d, expres\u00f3 Eva, acompa\u00f1ada por la secretaria de Educaci\u00f3n y Culturas del Municipio, Evangelina Ram\u00edrez y su par de Mujeres, Diversidades y DDHH, B\u00e1rbara&nbsp;Cocimano, con quienes recorri\u00f3 las instalaciones.<\/p>\n\n\n\n<p>Y enfatiz\u00f3: \u201cEs un esfuerzo enorme de la gesti\u00f3n que con 100 por ciento de fondos municipales hizo posible que hoy el Roverano vuelva a reabrir sus puertas y a ser un espacio donde la cultura vive y late, y que lo sepan las nuevas generaciones\u201d.<\/p>\n\n\n\n<p>A su vez, Ram\u00edrez se\u00f1al\u00f3: \u201cPoder contar con estos espacios que son abiertos y adem\u00e1s son accesibles, por esta posibilidad de poder estar, mirar y sobre todo de poder transitarlos en comunidad. Ese es el gran aporte a la cultura y de una gesti\u00f3n que la tiene como eje\u201d.<\/p>\n\n\n\n<p>Por su parte, el director de Pol\u00edticas Socioculturales, Leandro Cepeda, cont\u00f3: \u201cEstamos muy contentos de ser parte de este proceso de trabajo. Y obviamente, queremos agradecer que existe una gesti\u00f3n que ya hace 6 a\u00f1os, tiene a la cultura como un derecho fundamental y hace que nosotros, a quienes nos tocan estas responsabilidades, trabajemos con los equipos que pudimos construir y podamos llegar a esta instancia\u201d.<\/p>\n\n\n\n<p>Tambi\u00e9n se presenta \u201cRoverano en carteles\u201d, una exhibici\u00f3n de afiches originales de distintas muestras realizadas en el museo, que permite recorrer parte de su historia cultural, especialmente durante la d\u00e9cada del 80, con obras y exposiciones de destacados artistas como Antonio Berni, Carlos Alonso, Antonio Segu\u00ed, Juan Del Prete y Garaycochea.<\/p>\n\n\n\n<p>La reinauguraci\u00f3n se da luego de una serie de obras, ejecutadas con fondos 100% municipales, orientadas a mejorar las condiciones edilicias y garantizar una mejor conservaci\u00f3n del patrimonio. Entre los trabajos realizados se destacan el recambio integral del techo y la zinguer\u00eda, la renovaci\u00f3n de cielorrasos, la reparaci\u00f3n de paredes con humedad, el acondicionamiento del dep\u00f3sito, mejoras en la instalaci\u00f3n sanitaria, y la separaci\u00f3n funcional y puesta en valor integral del \u00e1rea de Talleres Barriales.<\/p>\n\n\n\n<p>Uno de los ejes principales de la intervenci\u00f3n fue la reorganizaci\u00f3n del espacio destinado al acervo patrimonial. Se ampli\u00f3 el sector conocido como \u201cla pecera\u201d, permitiendo optimizar las condiciones de conservaci\u00f3n y, a su vez, hacer visible el patrimonio desde la Sala 1 para el p\u00fablico visitante. Adem\u00e1s, se llev\u00f3 adelante el mantenimiento general del edificio, que incluy\u00f3 tareas de limpieza, pintura, incorporaci\u00f3n de nuevos paneles expositivos y ajustes en la instalaci\u00f3n el\u00e9ctrica. Estas obras fueron realizadas en conjunto con el equipo de Arte P\u00fablico y Muralismo, y personal del museo.<\/p>\n\n\n\n<p>Fundado en 1944, el museo cuenta con un patrimonio de m\u00e1s de 600 obras que abarcan desde mediados del siglo XX hasta la actualidad, incluyendo producciones de artistas locales, regionales y nacionales. En los \u00faltimos a\u00f1os, la instituci\u00f3n fortaleci\u00f3 su funci\u00f3n como museo, profundizando las tareas de preservaci\u00f3n, estudio y exhibici\u00f3n de su acervo, al tiempo que consolid\u00f3 una programaci\u00f3n activa de exposiciones temporales, actividades educativas y encuentros culturales. En este marco, el Roverano se posiciona como un espacio vivo, articulado con la comunidad art\u00edstica y educativa de Quilmes.<\/p>\n\n\n\n<p>De cara a 2026, el Museo Roverano proyecta una agenda basada en convocatorias p\u00fablicas, con el objetivo de fortalecer el v\u00ednculo con artistas y gestores culturales, consolid\u00e1ndose como un espacio de referencia para la producci\u00f3n, exhibici\u00f3n y reflexi\u00f3n en torno a las artes visuales en Quilmes.<\/p>\n\n\n\n<figure class=\"wp-block-image size-large\"><img loading=\"lazy\" decoding=\"async\" width=\"1024\" height=\"684\" src=\"https:\/\/magazineweb.com.ar\/wp-content\/uploads\/2026\/03\/1000282883-1024x684.jpg\" alt=\"\" class=\"wp-image-10222\" srcset=\"https:\/\/magazineweb.com.ar\/wp-content\/uploads\/2026\/03\/1000282883-1024x684.jpg 1024w, https:\/\/magazineweb.com.ar\/wp-content\/uploads\/2026\/03\/1000282883-300x200.jpg 300w, https:\/\/magazineweb.com.ar\/wp-content\/uploads\/2026\/03\/1000282883-768x513.jpg 768w, https:\/\/magazineweb.com.ar\/wp-content\/uploads\/2026\/03\/1000282883-1200x800.jpg 1200w, https:\/\/magazineweb.com.ar\/wp-content\/uploads\/2026\/03\/1000282883.jpg 1280w\" sizes=\"auto, (max-width: 1024px) 100vw, 1024px\" \/><\/figure>\n\n\n\n<p>Estuvieron presentes en la jornada el subsecretario de Derechos Humanos local, Hugo Colaone; la directora de Relaciones Internacionales, Amparo Sayago; el coordinador del Museo Hist\u00f3rico Fotogr\u00e1fico y presidente de ARGRA, Sebasti\u00e1n Vricella, adem\u00e1s otros funcionarios, reporteros gr\u00e1ficos, vecinos y vecinas.<\/p>\n","protected":false},"excerpt":{"rendered":"<p>La intendenta interina de Quilmes, Eva Mieri, particip\u00f3 este jueves de la reinauguraci\u00f3n del Museo de Artes Visuales \u201cV\u00edctor Roverano\u201d, ubicado en Rivadavia 498, donde adem\u00e1s visit\u00f3 la muestra fotogr\u00e1fica&hellip;<\/p>\n","protected":false},"author":2,"featured_media":10219,"comment_status":"closed","ping_status":"closed","sticky":false,"template":"","format":"standard","meta":{"footnotes":""},"categories":[9],"tags":[829,824,830,832,833,694,424,827,828,823,826],"class_list":["post-10218","post","type-post","status-publish","format-standard","has-post-thumbnail","hentry","category-informacion-general","tag-argra","tag-artes","tag-clandestinos","tag-detencion","tag-exposicion","tag-mieri","tag-museo","tag-nunca-mas","tag-nuncamas","tag-reinauguracion","tag-victor-roverano"],"rttpg_featured_image_url":{"full":["https:\/\/magazineweb.com.ar\/wp-content\/uploads\/2026\/03\/1000282836.jpg",1280,855,false],"landscape":["https:\/\/magazineweb.com.ar\/wp-content\/uploads\/2026\/03\/1000282836.jpg",1280,855,false],"portraits":["https:\/\/magazineweb.com.ar\/wp-content\/uploads\/2026\/03\/1000282836.jpg",1280,855,false],"thumbnail":["https:\/\/magazineweb.com.ar\/wp-content\/uploads\/2026\/03\/1000282836-150x150.jpg",150,150,true],"medium":["https:\/\/magazineweb.com.ar\/wp-content\/uploads\/2026\/03\/1000282836-300x200.jpg",300,200,true],"large":["https:\/\/magazineweb.com.ar\/wp-content\/uploads\/2026\/03\/1000282836-1024x684.jpg",1024,684,true],"1536x1536":["https:\/\/magazineweb.com.ar\/wp-content\/uploads\/2026\/03\/1000282836.jpg",1280,855,false],"2048x2048":["https:\/\/magazineweb.com.ar\/wp-content\/uploads\/2026\/03\/1000282836.jpg",1280,855,false],"ultp_layout_landscape_large":["https:\/\/magazineweb.com.ar\/wp-content\/uploads\/2026\/03\/1000282836-1200x800.jpg",1200,800,true],"ultp_layout_landscape":["https:\/\/magazineweb.com.ar\/wp-content\/uploads\/2026\/03\/1000282836-870x570.jpg",870,570,true],"ultp_layout_portrait":["https:\/\/magazineweb.com.ar\/wp-content\/uploads\/2026\/03\/1000282836-600x855.jpg",600,855,true],"ultp_layout_square":["https:\/\/magazineweb.com.ar\/wp-content\/uploads\/2026\/03\/1000282836-600x600.jpg",600,600,true]},"rttpg_author":{"display_name":"Roxana Reinoso","author_link":"https:\/\/magazineweb.com.ar\/?author=2"},"rttpg_comment":0,"rttpg_category":"<a href=\"https:\/\/magazineweb.com.ar\/?cat=9\" rel=\"category\">Informaci\u00f3n General<\/a>","rttpg_excerpt":"La intendenta interina de Quilmes, Eva Mieri, particip\u00f3 este jueves de la reinauguraci\u00f3n del Museo de Artes Visuales \u201cV\u00edctor Roverano\u201d, ubicado en Rivadavia 498, donde adem\u00e1s visit\u00f3 la muestra fotogr\u00e1fica&hellip;","_links":{"self":[{"href":"https:\/\/magazineweb.com.ar\/index.php?rest_route=\/wp\/v2\/posts\/10218","targetHints":{"allow":["GET"]}}],"collection":[{"href":"https:\/\/magazineweb.com.ar\/index.php?rest_route=\/wp\/v2\/posts"}],"about":[{"href":"https:\/\/magazineweb.com.ar\/index.php?rest_route=\/wp\/v2\/types\/post"}],"author":[{"embeddable":true,"href":"https:\/\/magazineweb.com.ar\/index.php?rest_route=\/wp\/v2\/users\/2"}],"replies":[{"embeddable":true,"href":"https:\/\/magazineweb.com.ar\/index.php?rest_route=%2Fwp%2Fv2%2Fcomments&post=10218"}],"version-history":[{"count":2,"href":"https:\/\/magazineweb.com.ar\/index.php?rest_route=\/wp\/v2\/posts\/10218\/revisions"}],"predecessor-version":[{"id":10223,"href":"https:\/\/magazineweb.com.ar\/index.php?rest_route=\/wp\/v2\/posts\/10218\/revisions\/10223"}],"wp:featuredmedia":[{"embeddable":true,"href":"https:\/\/magazineweb.com.ar\/index.php?rest_route=\/wp\/v2\/media\/10219"}],"wp:attachment":[{"href":"https:\/\/magazineweb.com.ar\/index.php?rest_route=%2Fwp%2Fv2%2Fmedia&parent=10218"}],"wp:term":[{"taxonomy":"category","embeddable":true,"href":"https:\/\/magazineweb.com.ar\/index.php?rest_route=%2Fwp%2Fv2%2Fcategories&post=10218"},{"taxonomy":"post_tag","embeddable":true,"href":"https:\/\/magazineweb.com.ar\/index.php?rest_route=%2Fwp%2Fv2%2Ftags&post=10218"}],"curies":[{"name":"wp","href":"https:\/\/api.w.org\/{rel}","templated":true}]}}