{"id":10262,"date":"2026-03-24T15:50:04","date_gmt":"2026-03-24T18:50:04","guid":{"rendered":"https:\/\/magazineweb.com.ar\/?p=10262"},"modified":"2026-04-03T16:14:04","modified_gmt":"2026-04-03T19:14:04","slug":"que-digan-donde-estan","status":"publish","type":"post","link":"https:\/\/magazineweb.com.ar\/?p=10262","title":{"rendered":"QUE DIGAN DONDE EST\u00c1N"},"content":{"rendered":"\n<h2 class=\"wp-block-heading\">\u00a1Son 30.000! Fue y es genocidio. \u00a1No olvidamos, no perdonamos y no nos reconciliamos!<\/h2>\n\n\n\n<p>La necesidad de mantener la Memoria viva, se manifest\u00f3 este 24 de marzo en plazas y decenas de calles a lo largo y ancho de pa\u00eds. Fuimos millones, si millones, no solo en las Plazas de Mayo y Congreso y sus alrededores, testigos eternos de todos los reclamos de un pueblo que no olvida, sino en los lugares m\u00e1s peque\u00f1os y apartados de nuestra geograf\u00eda se grab\u00f3 a fuego el Nunca M\u00e1s.<\/p>\n\n\n\n<p>Fue un duro golpe a este Gobierno negacionista, entreguista y reaccionario que una vez m\u00e1s intent\u00f3 ocultar la historia y reivindicar a los genocidas.<\/p>\n\n\n\n<p>A 50 a\u00f1os del golpe genocida, estuvimos juntos nuevamente en las calles con profunda convicci\u00f3n, para reafirmar que la memoria se defiende luchando y porque sabemos que es necesario unir las luchas para fortalecerlas en tiempos dif\u00edciles, empieza diciendo el documento firmado por los movimientos de DD.HH. que siguen manteniendo viva la llama del Nunca M\u00e1s.<\/p>\n\n\n\n<p>Una enorme bandera con las fotos de las y los desaparecidos recorri\u00f3 las calles y ocup\u00f3 el lugar principal en una plaza colmada una vez m\u00e1s. Estamos aqu\u00ed para recordar a esas generaciones que a mediados del siglo pasado comenzaron a organizarse para luchar contra quienes, como hoy, quer\u00edan convertir la Argentina en colonia del imperialismo yanki y europeo, dijeron Madres y Abuelas de Plaza de Mayo.<\/p>\n\n\n\n<p>El documento recuerda que: \u201cEl 24 de marzo de 1976 se nacionaliz\u00f3 el plan sistem\u00e1tico para desaparecer y asesinar a miles de militantes y luchadores. Se pusieron en funcionamiento m\u00e1s de 800 centros clandestinos de detenci\u00f3n, por donde pasaron miles de compa\u00f1eras y compa\u00f1eros. Fueron robados cientos de beb\u00e9s que nacieron durante el cautiverio de sus madres y que crecieron con su identidad arrebatada.\u201d<\/p>\n\n\n\n<p>\u201cLa gran mayor\u00eda de las y los detenidos-desaparecidos fueron fusilados o murieron como consecuencia de las torturas a las que fueron sometidos, muchos fueron asesinados en los \u201cvuelos de la muerte\u201d. Nunca nos entregaron sus cuerpos: por eso exigimos \u00a1que digan d\u00f3nde est\u00e1n!\u201d<\/p>\n\n\n\n<p>En otro tramo el documento reafirma: \u201cA partir de aquel 24 de marzo de 1976, con el quiebre institucional, se cerr\u00f3 el Congreso, se suspendieron los partidos pol\u00edticos y se intervinieron los sindicatos. Se prohibieron los centros de estudiantes y todo tipo de organizaci\u00f3n social. Se censur\u00f3 a la prensa, la ciencia y el arte. Construyeron el enemigo interno, los llamaron \u201csubversivos y terroristas\u201d para justificar el accionar criminal contra las organizaciones sociales, pol\u00edticas, estudiantiles, sindicales, culturales, religiosas y toda forma de lucha y resistencia de nuestro pueblo\u201d.<\/p>\n\n\n\n<p>\u201cCuando decimos que SON 30.000 hablamos de sus vidas, de sus luchas, de sus militancias y de sus compromisos con los pueblos oprimidos\u201d.<\/p>\n\n\n\n<p>\u201cEse golpe genocida fue c\u00edvico-militar, con la participaci\u00f3n de grupos econ\u00f3micos, sectores de la Iglesia y la embajada de Estados Unidos\u201d.<\/p>\n\n\n\n<p>Los que tenemos algunos a\u00f1os y muchas marchas sobre nuestros hombros volvimos a ilusionarnos, las familias brotaban entre la multitud, y eran miles los j\u00f3venes organizados o en peque\u00f1os grupos los que estaban gritando presentes. La juventud estaba all\u00ed y as\u00ed renacen las esperanzas, quiz\u00e1s muchos de ellos hab\u00edan confiado en que Milei hubiese significado un cambio, pero nos estaban demostrando que su error lo pagan acompa\u00f1ando y muchas veces encabezando las luchas. La alegr\u00eda, entonces, es inmensa.<\/p>\n\n\n\n<p>La semana de la memoria, se complet\u00f3 con otro hecho de enorme significancia: m\u00e1s de 103.000 inscriptos en la fraudulenta audiencia para consultar sobre la reforma a la ley de glaciares que pone en riesgo el agua en todo nuestro territorio y solo beneficia a las empresas mineras. Solo pudieron hablar algo menos de 300, pero la lucha reci\u00e9n empieza.<\/p>\n\n\n\n<p>Una semana que nos llena de vitalidad y ayuda a recargar los pilas.<\/p>\n\n\n\n<p>Ernesto Salgado<br>30 de marzo de 2026<\/p>\n","protected":false},"excerpt":{"rendered":"<p>\u00a1Son 30.000! Fue y es genocidio. \u00a1No olvidamos, no perdonamos y no nos reconciliamos! La necesidad de mantener la Memoria viva, se manifest\u00f3 este 24 de marzo en plazas y&hellip;<\/p>\n","protected":false},"author":2,"featured_media":10263,"comment_status":"closed","ping_status":"closed","sticky":false,"template":"","format":"standard","meta":{"footnotes":""},"categories":[12],"tags":[840,673,434,842,841],"class_list":["post-10262","post","type-post","status-publish","format-standard","has-post-thumbnail","hentry","category-notas-de-opinion","tag-840","tag-desaparecidos","tag-memoria","tag-militares","tag-proceso"],"rttpg_featured_image_url":{"full":["https:\/\/magazineweb.com.ar\/wp-content\/uploads\/2026\/04\/dia-nacional-de-la-memoria-por-la-verdad-y-la-justicia.19532.jpg",900,600,false],"landscape":["https:\/\/magazineweb.com.ar\/wp-content\/uploads\/2026\/04\/dia-nacional-de-la-memoria-por-la-verdad-y-la-justicia.19532.jpg",900,600,false],"portraits":["https:\/\/magazineweb.com.ar\/wp-content\/uploads\/2026\/04\/dia-nacional-de-la-memoria-por-la-verdad-y-la-justicia.19532.jpg",900,600,false],"thumbnail":["https:\/\/magazineweb.com.ar\/wp-content\/uploads\/2026\/04\/dia-nacional-de-la-memoria-por-la-verdad-y-la-justicia.19532-150x150.jpg",150,150,true],"medium":["https:\/\/magazineweb.com.ar\/wp-content\/uploads\/2026\/04\/dia-nacional-de-la-memoria-por-la-verdad-y-la-justicia.19532-300x200.jpg",300,200,true],"large":["https:\/\/magazineweb.com.ar\/wp-content\/uploads\/2026\/04\/dia-nacional-de-la-memoria-por-la-verdad-y-la-justicia.19532.jpg",900,600,false],"1536x1536":["https:\/\/magazineweb.com.ar\/wp-content\/uploads\/2026\/04\/dia-nacional-de-la-memoria-por-la-verdad-y-la-justicia.19532.jpg",900,600,false],"2048x2048":["https:\/\/magazineweb.com.ar\/wp-content\/uploads\/2026\/04\/dia-nacional-de-la-memoria-por-la-verdad-y-la-justicia.19532.jpg",900,600,false],"ultp_layout_landscape_large":["https:\/\/magazineweb.com.ar\/wp-content\/uploads\/2026\/04\/dia-nacional-de-la-memoria-por-la-verdad-y-la-justicia.19532.jpg",900,600,false],"ultp_layout_landscape":["https:\/\/magazineweb.com.ar\/wp-content\/uploads\/2026\/04\/dia-nacional-de-la-memoria-por-la-verdad-y-la-justicia.19532-870x570.jpg",870,570,true],"ultp_layout_portrait":["https:\/\/magazineweb.com.ar\/wp-content\/uploads\/2026\/04\/dia-nacional-de-la-memoria-por-la-verdad-y-la-justicia.19532-600x600.jpg",600,600,true],"ultp_layout_square":["https:\/\/magazineweb.com.ar\/wp-content\/uploads\/2026\/04\/dia-nacional-de-la-memoria-por-la-verdad-y-la-justicia.19532-600x600.jpg",600,600,true]},"rttpg_author":{"display_name":"Roxana Reinoso","author_link":"https:\/\/magazineweb.com.ar\/?author=2"},"rttpg_comment":0,"rttpg_category":"<a href=\"https:\/\/magazineweb.com.ar\/?cat=12\" rel=\"category\">Notas de Opini\u00f3n<\/a>","rttpg_excerpt":"\u00a1Son 30.000! Fue y es genocidio. \u00a1No olvidamos, no perdonamos y no nos reconciliamos! La necesidad de mantener la Memoria viva, se manifest\u00f3 este 24 de marzo en plazas y&hellip;","_links":{"self":[{"href":"https:\/\/magazineweb.com.ar\/index.php?rest_route=\/wp\/v2\/posts\/10262","targetHints":{"allow":["GET"]}}],"collection":[{"href":"https:\/\/magazineweb.com.ar\/index.php?rest_route=\/wp\/v2\/posts"}],"about":[{"href":"https:\/\/magazineweb.com.ar\/index.php?rest_route=\/wp\/v2\/types\/post"}],"author":[{"embeddable":true,"href":"https:\/\/magazineweb.com.ar\/index.php?rest_route=\/wp\/v2\/users\/2"}],"replies":[{"embeddable":true,"href":"https:\/\/magazineweb.com.ar\/index.php?rest_route=%2Fwp%2Fv2%2Fcomments&post=10262"}],"version-history":[{"count":1,"href":"https:\/\/magazineweb.com.ar\/index.php?rest_route=\/wp\/v2\/posts\/10262\/revisions"}],"predecessor-version":[{"id":10264,"href":"https:\/\/magazineweb.com.ar\/index.php?rest_route=\/wp\/v2\/posts\/10262\/revisions\/10264"}],"wp:featuredmedia":[{"embeddable":true,"href":"https:\/\/magazineweb.com.ar\/index.php?rest_route=\/wp\/v2\/media\/10263"}],"wp:attachment":[{"href":"https:\/\/magazineweb.com.ar\/index.php?rest_route=%2Fwp%2Fv2%2Fmedia&parent=10262"}],"wp:term":[{"taxonomy":"category","embeddable":true,"href":"https:\/\/magazineweb.com.ar\/index.php?rest_route=%2Fwp%2Fv2%2Fcategories&post=10262"},{"taxonomy":"post_tag","embeddable":true,"href":"https:\/\/magazineweb.com.ar\/index.php?rest_route=%2Fwp%2Fv2%2Ftags&post=10262"}],"curies":[{"name":"wp","href":"https:\/\/api.w.org\/{rel}","templated":true}]}}