{"id":10306,"date":"2026-04-22T22:08:34","date_gmt":"2026-04-23T01:08:34","guid":{"rendered":"https:\/\/magazineweb.com.ar\/?p=10306"},"modified":"2026-04-22T22:11:16","modified_gmt":"2026-04-23T01:11:16","slug":"en-la-50-feria-internacional-del-libro-de-buenos-aires-ruben-dario-roche-presentara-su-ultima-obra-literaria-heracles-gym","status":"publish","type":"post","link":"https:\/\/magazineweb.com.ar\/?p=10306","title":{"rendered":"En la 50\u00b0 Feria Internacional del Libro de Buenos Aires, Rub\u00e9n Dar\u00edo Roche presentar\u00e1 su \u00faltima obra literaria \u00abHeracles Gym\u00bb"},"content":{"rendered":"\n<p class=\"has-black-color has-vivid-green-cyan-background-color has-text-color has-background has-link-color has-medium-font-size wp-elements-b79b14f0191e352ad747d3867e2ac8e6\"><strong>El periodista y escritor berazateguense, Rub\u00e9n Dar\u00edo Roche, estar\u00e1 presente en la 50\u00b0 Feria Internacional del Libro, que se llevar\u00e1 a cabo desde el 23 de abril al 11 de mayo en la Sociedad Rural. En el Pabell\u00f3n Azul, Stand 154 de la Editorial SERVICOP, se podr\u00e1 adquirir su libro Heracles Gym, que narra la historia del gimnasio pionero del fisicoculturismo federado, en los partidos de Berazategui y\u00a0 Quilmes. <\/strong><\/p>\n\n\n\n<p class=\"has-medium-font-size\">Vale destacar <strong>que esta obra literaria se present\u00f3 el a\u00f1o pasado (2025), en la Feria del Libro de Berazategui y fue declarada de Inter\u00e9s Cultural y Deportivo; por el Honorable Consejo Deliberante de Berazategui. En esa ocasi\u00f3n, en el acto de la presentaci\u00f3n,\u00a0 particip\u00f3 Ernesto Pi\u00f1eyro, Campe\u00f3n Argentino, trece veces Campe\u00f3n Sudamericano y seis veces Campe\u00f3n Ibero-Sudamericano; uno de los m\u00e1ximos exponentes de ese deporte a nivel mundial. <\/strong><\/p>\n\n\n\n<p class=\"has-black-color has-text-color has-link-color has-medium-font-size wp-elements-4d4ef29a2446b5d9f2ce2aef87b3c0ef\"><strong>Si bien Roche es reconocido como escritor, recordamos sus libros \u00abLa Misi\u00f3n\/The Mission\u00bb, cuentos fant\u00e1sticos en edici\u00f3n biling\u00fce, \u00abEl Le\u00f3n y la Cruz\u00bb, novela hist\u00f3rica sobre la Guerra de Malvinas y el poemario, \u00abCiudad de Calles sin Nombre\u00bb; todos ellos con varias distinciones otorgadas por distintos organismos del estado argentino; muchos no conocen su pasado como entrenador y pionero del fisicoculturismo en las partidos de Berazategui y Quilmes. <\/strong><\/p>\n\n\n\n<p class=\"has-medium-font-size\"><strong>En este libro, Heracles Gym, relatado en primera persona, documenta como en 1975 inaugur\u00f3 el primer gimnasio culturista en Berazategui y narra su participaci\u00f3n en el Torneo Nacional de Apertura, a\u00f1o 1981, campeonato de levantamiento de potencia, donde obtuvo el subcampeonato en su categor\u00eda.\u00a0 Tambi\u00e9n cuenta como su disc\u00edpulo Daniel Tamola, en el a\u00f1o 1987, se coron\u00f3 Campe\u00f3n Argentino de Fisicoculturismo, el primero oriundo de los partidos de Quilmes y Berazategui.<\/strong><\/p>\n\n\n\n<p><\/p>\n","protected":false},"excerpt":{"rendered":"<p>El periodista y escritor berazateguense, Rub\u00e9n Dar\u00edo Roche, estar\u00e1 presente en la 50\u00b0 Feria Internacional del Libro, que se llevar\u00e1 a cabo desde el 23 de abril al 11 de&hellip;<\/p>\n","protected":false},"author":2,"featured_media":10308,"comment_status":"closed","ping_status":"closed","sticky":false,"template":"","format":"standard","meta":{"footnotes":""},"categories":[4,9],"tags":[871,377,873,818,438,872],"class_list":["post-10306","post","type-post","status-publish","format-standard","has-post-thumbnail","hentry","category-destacados","category-informacion-general","tag-871","tag-feria","tag-heraclesgym","tag-internacional","tag-libro","tag-roche"],"rttpg_featured_image_url":{"full":["https:\/\/magazineweb.com.ar\/wp-content\/uploads\/2026\/04\/ruben-dario-roche.jpg",252,307,false],"landscape":["https:\/\/magazineweb.com.ar\/wp-content\/uploads\/2026\/04\/ruben-dario-roche.jpg",252,307,false],"portraits":["https:\/\/magazineweb.com.ar\/wp-content\/uploads\/2026\/04\/ruben-dario-roche.jpg",252,307,false],"thumbnail":["https:\/\/magazineweb.com.ar\/wp-content\/uploads\/2026\/04\/ruben-dario-roche-150x150.jpg",150,150,true],"medium":["https:\/\/magazineweb.com.ar\/wp-content\/uploads\/2026\/04\/ruben-dario-roche-246x300.jpg",246,300,true],"large":["https:\/\/magazineweb.com.ar\/wp-content\/uploads\/2026\/04\/ruben-dario-roche.jpg",252,307,false],"1536x1536":["https:\/\/magazineweb.com.ar\/wp-content\/uploads\/2026\/04\/ruben-dario-roche.jpg",252,307,false],"2048x2048":["https:\/\/magazineweb.com.ar\/wp-content\/uploads\/2026\/04\/ruben-dario-roche.jpg",252,307,false],"ultp_layout_landscape_large":["https:\/\/magazineweb.com.ar\/wp-content\/uploads\/2026\/04\/ruben-dario-roche.jpg",252,307,false],"ultp_layout_landscape":["https:\/\/magazineweb.com.ar\/wp-content\/uploads\/2026\/04\/ruben-dario-roche.jpg",252,307,false],"ultp_layout_portrait":["https:\/\/magazineweb.com.ar\/wp-content\/uploads\/2026\/04\/ruben-dario-roche.jpg",252,307,false],"ultp_layout_square":["https:\/\/magazineweb.com.ar\/wp-content\/uploads\/2026\/04\/ruben-dario-roche.jpg",252,307,false]},"rttpg_author":{"display_name":"Roxana Reinoso","author_link":"https:\/\/magazineweb.com.ar\/?author=2"},"rttpg_comment":0,"rttpg_category":"<a href=\"https:\/\/magazineweb.com.ar\/?cat=4\" rel=\"category\">Destacados<\/a> <a href=\"https:\/\/magazineweb.com.ar\/?cat=9\" rel=\"category\">Informaci\u00f3n General<\/a>","rttpg_excerpt":"El periodista y escritor berazateguense, Rub\u00e9n Dar\u00edo Roche, estar\u00e1 presente en la 50\u00b0 Feria Internacional del Libro, que se llevar\u00e1 a cabo desde el 23 de abril al 11 de&hellip;","_links":{"self":[{"href":"https:\/\/magazineweb.com.ar\/index.php?rest_route=\/wp\/v2\/posts\/10306","targetHints":{"allow":["GET"]}}],"collection":[{"href":"https:\/\/magazineweb.com.ar\/index.php?rest_route=\/wp\/v2\/posts"}],"about":[{"href":"https:\/\/magazineweb.com.ar\/index.php?rest_route=\/wp\/v2\/types\/post"}],"author":[{"embeddable":true,"href":"https:\/\/magazineweb.com.ar\/index.php?rest_route=\/wp\/v2\/users\/2"}],"replies":[{"embeddable":true,"href":"https:\/\/magazineweb.com.ar\/index.php?rest_route=%2Fwp%2Fv2%2Fcomments&post=10306"}],"version-history":[{"count":1,"href":"https:\/\/magazineweb.com.ar\/index.php?rest_route=\/wp\/v2\/posts\/10306\/revisions"}],"predecessor-version":[{"id":10307,"href":"https:\/\/magazineweb.com.ar\/index.php?rest_route=\/wp\/v2\/posts\/10306\/revisions\/10307"}],"wp:featuredmedia":[{"embeddable":true,"href":"https:\/\/magazineweb.com.ar\/index.php?rest_route=\/wp\/v2\/media\/10308"}],"wp:attachment":[{"href":"https:\/\/magazineweb.com.ar\/index.php?rest_route=%2Fwp%2Fv2%2Fmedia&parent=10306"}],"wp:term":[{"taxonomy":"category","embeddable":true,"href":"https:\/\/magazineweb.com.ar\/index.php?rest_route=%2Fwp%2Fv2%2Fcategories&post=10306"},{"taxonomy":"post_tag","embeddable":true,"href":"https:\/\/magazineweb.com.ar\/index.php?rest_route=%2Fwp%2Fv2%2Ftags&post=10306"}],"curies":[{"name":"wp","href":"https:\/\/api.w.org\/{rel}","templated":true}]}}