{"id":10321,"date":"2026-05-01T16:03:18","date_gmt":"2026-05-01T19:03:18","guid":{"rendered":"https:\/\/magazineweb.com.ar\/?p=10321"},"modified":"2026-05-01T16:06:18","modified_gmt":"2026-05-01T19:06:18","slug":"los-martires-de-chicago","status":"publish","type":"post","link":"https:\/\/magazineweb.com.ar\/?p=10321","title":{"rendered":"Los M\u00e1rtires de Chicago"},"content":{"rendered":"\n<p>&#8216;\u2026salen de sus celdas. Se dan la mano, sonr\u00eden. Les leen la sentencia, les sujetan las manos por la espalda con esposas plateadas, les ci\u00f1en los brazos al cuerpo con una faja de cuero y les ponen una mortaja blanca como la t\u00fanica de los catec\u00famenos cristianos\u2026 abajo la concurrencia sentada en hilera de sillas delante del cadalso como en un teatro\u2026 plegaria es el rostro de Spies, firmeza el de Fischer, orgullo el de Parsons, Engel hace un chiste a prop\u00f3sito de su capucha, Spies grita que la voz que vais a sofocar ser\u00e1 m\u00e1s poderosa en el futuro que cuantas palabras pudiera yo decir ahora\u2026 los encapuchan, luego una se\u00f1a, un ruido, la trampa cede, los cuatro cuerpos cuelgan y se balancean en una danza espantable\u2026&#8217;<\/p>\n\n\n\n<pre class=\"wp-block-code\"><code>             Jos\u00e9 Marti (Corresponsal en Chicago de 'La Naci\u00f3n' de Buenos Aires)<\/code><\/pre>\n\n\n\n<p>La Revuelta de Haymarket&nbsp;<mark>fue un violento enfrentamiento entre manifestantes obreros y la polic\u00eda en la Plaza Haymarket de Chicago el 4 de mayo de 1886, que surgi\u00f3 de una huelga general por la jornada laboral de ocho horas<\/mark>.&nbsp;El incidente, que comenz\u00f3 con una protesta pac\u00edfica y escal\u00f3 tras el lanzamiento de una bomba, result\u00f3 en muertes y arrestos, y sus l\u00edderes, conocidos como los \u00abM\u00e1rtires de Chicago\u00bb, fueron condenados injustamente, convirti\u00e9ndose en un s\u00edmbolo de la lucha por los derechos de los trabajadores y el origen del D\u00eda Internacional del Trabajo (1 de mayo).&nbsp;<\/p>\n\n\n\n<p>Origen y contexto<\/p>\n\n\n\n<ul class=\"wp-block-list\">\n<li><strong>Huelga general:<\/strong>\u00a0Desde el 1 de mayo de 1886, miles de trabajadores en Chicago estaban en huelga, exigiendo la jornada laboral de ocho horas.\u00a0<\/li>\n\n\n\n<li><strong>Escalada de violencia:<\/strong>\u00a0La tensi\u00f3n aument\u00f3 con enfrentamientos previos entre la polic\u00eda y los huelguistas, incluyendo disparos contra trabajadores en la f\u00e1brica McCormick.\u00a0<\/li>\n<\/ul>\n\n\n\n<p>El incidente de Haymarket (4 de mayo de 1886)<\/p>\n\n\n\n<ul class=\"wp-block-list\">\n<li><strong>Manifestaci\u00f3n:<\/strong>\u00a0Se convoc\u00f3 una concentraci\u00f3n en la Plaza Haymarket para apoyar a los huelguistas.\u00a0<\/li>\n\n\n\n<li><strong>La bomba:<\/strong>\u00a0Durante la protesta, alguien lanz\u00f3 una bomba contra la polic\u00eda, que respondi\u00f3 con disparos indiscriminados contra la multitud.\u00a0<\/li>\n\n\n\n<li><strong>Consecuencias:<\/strong>\u00a0Hubo muertos y heridos, y se produjeron arrestos masivos de l\u00edderes anarquistas y sindicales.\u00a0<\/li>\n<\/ul>\n\n\n\n<p>Los \u00abM\u00e1rtires de Chicago\u00bb<\/p>\n\n\n\n<ul class=\"wp-block-list\">\n<li><strong>Juicio y condena:<\/strong>\u00a0Ocho l\u00edderes fueron juzgados, y aunque su culpabilidad nunca se prob\u00f3, cuatro fueron condenados a muerte y otros a prisi\u00f3n.\u00a0<\/li>\n\n\n\n<li><strong>Legado:<\/strong>\u00a0Su ejecuci\u00f3n los convirti\u00f3 en m\u00e1rtires y su sacrificio impuls\u00f3 la lucha por los derechos laborales, llevando a la reducci\u00f3n de la jornada laboral a ocho horas y estableciendo el 1 de mayo como el D\u00eda del Trabajador.\u00a0<\/li>\n<\/ul>\n","protected":false},"excerpt":{"rendered":"<p>&#8216;\u2026salen de sus celdas. Se dan la mano, sonr\u00eden. Les leen la sentencia, les sujetan las manos por la espalda con esposas plateadas, les ci\u00f1en los brazos al cuerpo con&hellip;<\/p>\n","protected":false},"author":2,"featured_media":10323,"comment_status":"closed","ping_status":"closed","sticky":false,"template":"","format":"standard","meta":{"footnotes":""},"categories":[4,8],"tags":[889,887,890,891,888,297,599],"class_list":["post-10321","post","type-post","status-publish","format-standard","has-post-thumbnail","hentry","category-destacados","category-hechos-historicos","tag-chicago","tag-diainternacionaldelostrabajadores","tag-ejecucion","tag-josemarti","tag-martires","tag-trabajadores","tag-trabajo"],"rttpg_featured_image_url":{"full":["https:\/\/magazineweb.com.ar\/wp-content\/uploads\/2026\/05\/IMG-20260501-WA0031.jpg",720,602,false],"landscape":["https:\/\/magazineweb.com.ar\/wp-content\/uploads\/2026\/05\/IMG-20260501-WA0031.jpg",720,602,false],"portraits":["https:\/\/magazineweb.com.ar\/wp-content\/uploads\/2026\/05\/IMG-20260501-WA0031.jpg",720,602,false],"thumbnail":["https:\/\/magazineweb.com.ar\/wp-content\/uploads\/2026\/05\/IMG-20260501-WA0031-150x150.jpg",150,150,true],"medium":["https:\/\/magazineweb.com.ar\/wp-content\/uploads\/2026\/05\/IMG-20260501-WA0031-300x251.jpg",300,251,true],"large":["https:\/\/magazineweb.com.ar\/wp-content\/uploads\/2026\/05\/IMG-20260501-WA0031.jpg",720,602,false],"1536x1536":["https:\/\/magazineweb.com.ar\/wp-content\/uploads\/2026\/05\/IMG-20260501-WA0031.jpg",720,602,false],"2048x2048":["https:\/\/magazineweb.com.ar\/wp-content\/uploads\/2026\/05\/IMG-20260501-WA0031.jpg",720,602,false],"ultp_layout_landscape_large":["https:\/\/magazineweb.com.ar\/wp-content\/uploads\/2026\/05\/IMG-20260501-WA0031.jpg",720,602,false],"ultp_layout_landscape":["https:\/\/magazineweb.com.ar\/wp-content\/uploads\/2026\/05\/IMG-20260501-WA0031-720x570.jpg",720,570,true],"ultp_layout_portrait":["https:\/\/magazineweb.com.ar\/wp-content\/uploads\/2026\/05\/IMG-20260501-WA0031-600x602.jpg",600,602,true],"ultp_layout_square":["https:\/\/magazineweb.com.ar\/wp-content\/uploads\/2026\/05\/IMG-20260501-WA0031-600x600.jpg",600,600,true]},"rttpg_author":{"display_name":"Roxana Reinoso","author_link":"https:\/\/magazineweb.com.ar\/?author=2"},"rttpg_comment":0,"rttpg_category":"<a href=\"https:\/\/magazineweb.com.ar\/?cat=4\" rel=\"category\">Destacados<\/a> <a href=\"https:\/\/magazineweb.com.ar\/?cat=8\" rel=\"category\">Hechos Hist\u00f3ricos<\/a>","rttpg_excerpt":"&#8216;\u2026salen de sus celdas. Se dan la mano, sonr\u00eden. Les leen la sentencia, les sujetan las manos por la espalda con esposas plateadas, les ci\u00f1en los brazos al cuerpo con&hellip;","_links":{"self":[{"href":"https:\/\/magazineweb.com.ar\/index.php?rest_route=\/wp\/v2\/posts\/10321","targetHints":{"allow":["GET"]}}],"collection":[{"href":"https:\/\/magazineweb.com.ar\/index.php?rest_route=\/wp\/v2\/posts"}],"about":[{"href":"https:\/\/magazineweb.com.ar\/index.php?rest_route=\/wp\/v2\/types\/post"}],"author":[{"embeddable":true,"href":"https:\/\/magazineweb.com.ar\/index.php?rest_route=\/wp\/v2\/users\/2"}],"replies":[{"embeddable":true,"href":"https:\/\/magazineweb.com.ar\/index.php?rest_route=%2Fwp%2Fv2%2Fcomments&post=10321"}],"version-history":[{"count":1,"href":"https:\/\/magazineweb.com.ar\/index.php?rest_route=\/wp\/v2\/posts\/10321\/revisions"}],"predecessor-version":[{"id":10322,"href":"https:\/\/magazineweb.com.ar\/index.php?rest_route=\/wp\/v2\/posts\/10321\/revisions\/10322"}],"wp:featuredmedia":[{"embeddable":true,"href":"https:\/\/magazineweb.com.ar\/index.php?rest_route=\/wp\/v2\/media\/10323"}],"wp:attachment":[{"href":"https:\/\/magazineweb.com.ar\/index.php?rest_route=%2Fwp%2Fv2%2Fmedia&parent=10321"}],"wp:term":[{"taxonomy":"category","embeddable":true,"href":"https:\/\/magazineweb.com.ar\/index.php?rest_route=%2Fwp%2Fv2%2Fcategories&post=10321"},{"taxonomy":"post_tag","embeddable":true,"href":"https:\/\/magazineweb.com.ar\/index.php?rest_route=%2Fwp%2Fv2%2Ftags&post=10321"}],"curies":[{"name":"wp","href":"https:\/\/api.w.org\/{rel}","templated":true}]}}