{"id":3593,"date":"2023-11-26T01:11:00","date_gmt":"2023-11-25T22:11:00","guid":{"rendered":"https:\/\/prueba03.vdb.com.ar\/?p=3593"},"modified":"2023-11-26T01:11:00","modified_gmt":"2023-11-25T22:11:00","slug":"mussi-reconocio-a-la-sociedad-de-fomento-sarmiento-por-su-accionar-solidario-en-la-pandemia","status":"publish","type":"post","link":"https:\/\/magazineweb.com.ar\/?p=3593","title":{"rendered":"Mussi reconoci\u00f3 a la Sociedad de Fomento Sarmiento por su accionar solidario en la pandemia"},"content":{"rendered":"\n<p><strong>El intendente de Berazategui, Juan Jos\u00e9 Mussi, reconoci\u00f3 a la Sociedad de Fomento D. F. Sarmiento por sus acciones solidarias y colaboraci\u00f3n en los Operativos DetectAR durante la pandemia de COVID-19. Asimismo, en el emotivo encuentro con la comunidad local, destac\u00f3 a las y los comerciantes que cada a\u00f1o organizan la jornada \u201cLa Noche de Hudson\u201d. Finalmente, se rindi\u00f3 un sentido homenaje a Jos\u00e9 Magari\u00f1os, quien integr\u00f3 la Comisi\u00f3n Pro Autonom\u00eda.<br><\/strong><br>\u201cHay que reconocer a la buena gente que tuvo una actuaci\u00f3n importante, porque son ejemplos a imitar\u201d, expres\u00f3 Mussi durante el c\u00e1lido encuentro con los vecinos y vecinas de Hudson. Y asegur\u00f3: \u201cSigamos mejorando y creciendo entre todos. Cuando hicieron \u201cLa Noche de Hudson\u201d estuvo muy lindo; cuenten con nosotros para concretarlo nuevamente\u201d.<\/p>\n\n\n\n<p>En el marco del acto de reconocimiento, los y las comerciantes que cada a\u00f1o organizan \u201cLa Noche de Hudson\u201d recibieron una copia de la Ordenanza N\u00b0 6419, aprobada por el Concejo Deliberante de Berazategui, que declara de Inter\u00e9s Municipal al evento que este a\u00f1o se llevar\u00e1 a cabo el 21 de diciembre en la Av. Bemberg (55), desde la calle 150 hasta la 154. Asimismo, se descubrieron placas conmemorativas que destacan la labor de los vecinos y vecinas de la Sociedad de Fomento Sarmiento y de quien fue integrante de la Comisi\u00f3n de Autonomistas, Jos\u00e9 Magari\u00f1os.<\/p>\n\n\n\n<p>Por su parte, el secretario de Salud P\u00fablica e Higiene de la Municipalidad, Dr. Pablo Costa, afirm\u00f3: \u201cEsta Sociedad de Fomento fue reconocida por su acto solidario durante la pandemia, ya que ha sido base de la realizaci\u00f3n del operativo DetectAR. Llevamos a cabo 143 operativos y recorrimos 30 manzanas por d\u00eda. Agradecemos a este espacio y a toda la gente que espont\u00e1neamente nos ofreci\u00f3 las instituciones para ayudar a toda la comunidad de los barrios de Berazategui\u201d.<\/p>\n\n\n\n<p>Finalmente, Fabi\u00e1n D\u00edaz, comerciante de Hudson, manifest\u00f3: \u201cAgradezco al Dr. Mussi porque mediante el Concejo Deliberante declar\u00f3 de inter\u00e9s para la comunidad a \u00abLa Noche de Hudson\u00bb. Los esperamos el 21 de diciembre, desde las 18.00. Habr\u00e1 grupos musicales y comparsas, queremos alegrar a los clientes de Berazategui\u201d.<\/p>\n","protected":false},"excerpt":{"rendered":"<p>El intendente de Berazategui, Juan Jos\u00e9 Mussi, reconoci\u00f3 a la Sociedad de Fomento D. F. Sarmiento por sus acciones solidarias y colaboraci\u00f3n en los Operativos DetectAR durante la pandemia de&hellip;<\/p>\n","protected":false},"author":1,"featured_media":3595,"comment_status":"open","ping_status":"open","sticky":false,"template":"","format":"standard","meta":{"footnotes":""},"categories":[4,9],"tags":[],"class_list":["post-3593","post","type-post","status-publish","format-standard","has-post-thumbnail","hentry","category-destacados","category-informacion-general"],"rttpg_featured_image_url":{"full":["https:\/\/magazineweb.com.ar\/wp-content\/uploads\/2023\/11\/thumbnail_MUSSI-RECONOCIO-A-LA-SOCIEDAD-DE-FOMENTO-SARMIENTO-POR-SU-ACCIONAR-SOLIDARIO-EN-LA-PANDEMIA3.jpg",1920,1280,false],"landscape":["https:\/\/magazineweb.com.ar\/wp-content\/uploads\/2023\/11\/thumbnail_MUSSI-RECONOCIO-A-LA-SOCIEDAD-DE-FOMENTO-SARMIENTO-POR-SU-ACCIONAR-SOLIDARIO-EN-LA-PANDEMIA3.jpg",1920,1280,false],"portraits":["https:\/\/magazineweb.com.ar\/wp-content\/uploads\/2023\/11\/thumbnail_MUSSI-RECONOCIO-A-LA-SOCIEDAD-DE-FOMENTO-SARMIENTO-POR-SU-ACCIONAR-SOLIDARIO-EN-LA-PANDEMIA3.jpg",1920,1280,false],"thumbnail":["https:\/\/magazineweb.com.ar\/wp-content\/uploads\/2023\/11\/thumbnail_MUSSI-RECONOCIO-A-LA-SOCIEDAD-DE-FOMENTO-SARMIENTO-POR-SU-ACCIONAR-SOLIDARIO-EN-LA-PANDEMIA3-150x150.jpg",150,150,true],"medium":["https:\/\/magazineweb.com.ar\/wp-content\/uploads\/2023\/11\/thumbnail_MUSSI-RECONOCIO-A-LA-SOCIEDAD-DE-FOMENTO-SARMIENTO-POR-SU-ACCIONAR-SOLIDARIO-EN-LA-PANDEMIA3-300x200.jpg",300,200,true],"large":["https:\/\/magazineweb.com.ar\/wp-content\/uploads\/2023\/11\/thumbnail_MUSSI-RECONOCIO-A-LA-SOCIEDAD-DE-FOMENTO-SARMIENTO-POR-SU-ACCIONAR-SOLIDARIO-EN-LA-PANDEMIA3-1024x683.jpg",1024,683,true],"1536x1536":["https:\/\/magazineweb.com.ar\/wp-content\/uploads\/2023\/11\/thumbnail_MUSSI-RECONOCIO-A-LA-SOCIEDAD-DE-FOMENTO-SARMIENTO-POR-SU-ACCIONAR-SOLIDARIO-EN-LA-PANDEMIA3-1536x1024.jpg",1536,1024,true],"2048x2048":["https:\/\/magazineweb.com.ar\/wp-content\/uploads\/2023\/11\/thumbnail_MUSSI-RECONOCIO-A-LA-SOCIEDAD-DE-FOMENTO-SARMIENTO-POR-SU-ACCIONAR-SOLIDARIO-EN-LA-PANDEMIA3.jpg",1920,1280,false],"ultp_layout_landscape_large":["https:\/\/magazineweb.com.ar\/wp-content\/uploads\/2023\/11\/thumbnail_MUSSI-RECONOCIO-A-LA-SOCIEDAD-DE-FOMENTO-SARMIENTO-POR-SU-ACCIONAR-SOLIDARIO-EN-LA-PANDEMIA3.jpg",1200,800,false],"ultp_layout_landscape":["https:\/\/magazineweb.com.ar\/wp-content\/uploads\/2023\/11\/thumbnail_MUSSI-RECONOCIO-A-LA-SOCIEDAD-DE-FOMENTO-SARMIENTO-POR-SU-ACCIONAR-SOLIDARIO-EN-LA-PANDEMIA3.jpg",855,570,false],"ultp_layout_portrait":["https:\/\/magazineweb.com.ar\/wp-content\/uploads\/2023\/11\/thumbnail_MUSSI-RECONOCIO-A-LA-SOCIEDAD-DE-FOMENTO-SARMIENTO-POR-SU-ACCIONAR-SOLIDARIO-EN-LA-PANDEMIA3.jpg",600,400,false],"ultp_layout_square":["https:\/\/magazineweb.com.ar\/wp-content\/uploads\/2023\/11\/thumbnail_MUSSI-RECONOCIO-A-LA-SOCIEDAD-DE-FOMENTO-SARMIENTO-POR-SU-ACCIONAR-SOLIDARIO-EN-LA-PANDEMIA3.jpg",600,400,false]},"rttpg_author":{"display_name":"admin-vdb","author_link":"https:\/\/magazineweb.com.ar\/?author=1"},"rttpg_comment":0,"rttpg_category":"<a href=\"https:\/\/magazineweb.com.ar\/?cat=4\" rel=\"category\">Destacados<\/a> <a href=\"https:\/\/magazineweb.com.ar\/?cat=9\" rel=\"category\">Informaci\u00f3n General<\/a>","rttpg_excerpt":"El intendente de Berazategui, Juan Jos\u00e9 Mussi, reconoci\u00f3 a la Sociedad de Fomento D. F. Sarmiento por sus acciones solidarias y colaboraci\u00f3n en los Operativos DetectAR durante la pandemia de&hellip;","_links":{"self":[{"href":"https:\/\/magazineweb.com.ar\/index.php?rest_route=\/wp\/v2\/posts\/3593","targetHints":{"allow":["GET"]}}],"collection":[{"href":"https:\/\/magazineweb.com.ar\/index.php?rest_route=\/wp\/v2\/posts"}],"about":[{"href":"https:\/\/magazineweb.com.ar\/index.php?rest_route=\/wp\/v2\/types\/post"}],"author":[{"embeddable":true,"href":"https:\/\/magazineweb.com.ar\/index.php?rest_route=\/wp\/v2\/users\/1"}],"replies":[{"embeddable":true,"href":"https:\/\/magazineweb.com.ar\/index.php?rest_route=%2Fwp%2Fv2%2Fcomments&post=3593"}],"version-history":[{"count":0,"href":"https:\/\/magazineweb.com.ar\/index.php?rest_route=\/wp\/v2\/posts\/3593\/revisions"}],"wp:featuredmedia":[{"embeddable":true,"href":"https:\/\/magazineweb.com.ar\/index.php?rest_route=\/wp\/v2\/media\/3595"}],"wp:attachment":[{"href":"https:\/\/magazineweb.com.ar\/index.php?rest_route=%2Fwp%2Fv2%2Fmedia&parent=3593"}],"wp:term":[{"taxonomy":"category","embeddable":true,"href":"https:\/\/magazineweb.com.ar\/index.php?rest_route=%2Fwp%2Fv2%2Fcategories&post=3593"},{"taxonomy":"post_tag","embeddable":true,"href":"https:\/\/magazineweb.com.ar\/index.php?rest_route=%2Fwp%2Fv2%2Ftags&post=3593"}],"curies":[{"name":"wp","href":"https:\/\/api.w.org\/{rel}","templated":true}]}}