{"id":3831,"date":"2023-12-09T00:30:37","date_gmt":"2023-12-09T00:30:37","guid":{"rendered":"https:\/\/magazineweb.com.ar\/?p=3831"},"modified":"2023-12-09T00:30:38","modified_gmt":"2023-12-09T00:30:38","slug":"bolsonaro-se-reunio-con-milei-fue-una-conversacion-entre-amigos","status":"publish","type":"post","link":"https:\/\/magazineweb.com.ar\/?p=3831","title":{"rendered":"Bolsonaro se reuni\u00f3 con Milei: \u00abFue una conversaci\u00f3n entre amigos\u00bb"},"content":{"rendered":"\n<p>As\u00ed lo expres\u00f3 el ex presidente brasile\u00f1o tras su encuentro con el mandatario electo en el Hotel Libertador. Eduardo Bolsonaro, el hijo del exmandatario puntualiz\u00f3 que hay \u00abmucha esperanza\u00bb en la Argentina por la \u00abposibilidad de un cambio real\u00bb.<\/p>\n\n\n\n<p>El expresidente brasile\u00f1o\u00a0Jair Bolsonaro, quien lleg\u00f3 en la noche del jueves al pa\u00eds, mantuvo en la ma\u00f1ana del viernes un encuentro con el mandatario electo\u00a0Javier Milei, que defini\u00f3 como \u00abuna conversaci\u00f3n entre amigos\u00bb en la que tocaron temas como\u00a0\u00abeconom\u00eda, seguridad y f\u00fatbol\u00bb.<\/p>\n\n\n\n<p>Bolsonaro y su hijo Eduardo arribaron a las 10 al hotel ubicado en la avenida C\u00f3rdoba y Maip\u00fa, de la ciudad de Buenos Aires, donde Milei se aloja y mantiene reuniones con sus equipos t\u00e9cnicos.<\/p>\n\n\n\n<p>\u00abFue una conversaci\u00f3n entre amigos\u00bb, defini\u00f3 Bolsonaro a la prensa tras el encuentro que dur\u00f3 cerca de 90 minutos mientras caminaba por la calle del hotel rodeado por periodistas.<\/p>\n\n\n\n<p>\u00abHablamos de econom\u00eda, seguridad y f\u00fatbol\u00bb, puntualiz\u00f3\u00a0Eduardo Bolsonaro\u00a0y asegur\u00f3 que hay \u00abmucha esperanza\u00bb en la Argentina por la \u00abposibilidad de un cambio real\u00bb.<\/p>\n\n\n\n<p>\u00abTiene todo para ser un buen gobierno. La Libertad Avanza y Juntos por el Cambio tienen la posibilidad de formar mayor\u00eda en el Congreso\u00bb, a\u00f1adi\u00f3 el hijo de Bolsonaro.<\/p>\n\n\n\n<p>En tanto, el expresidente de Brasil sostuvo que no le sorprendi\u00f3 que Milei fuese elegido como presidente, afirm\u00f3 que&nbsp;deber\u00e1 \u00abtomar medidas r\u00e1pidas\u00bb&nbsp;y destac\u00f3 el equipo de trabajo que asumir\u00e1 este domingo.<\/p>\n\n\n\n<p>\u00abArgentina es muy importante para el mundo. En la cuesti\u00f3n ideol\u00f3gica el mundo esta polarizado\u00bb, afirm\u00f3 y consider\u00f3 que es necesario respetar \u00abla autonom\u00eda de cada pa\u00eds\u00bb.<\/p>\n\n\n\n<p>Tambi\u00e9n dijo que hubo \u00abmuchas coincidencias\u00bb entre \u00e9l y Milei, dese\u00f3 que \u00abArgentina crezca\u00bb y consider\u00f3 que la situaci\u00f3n \u00abest\u00e1 peor\u00bb que la de Brasil. <\/p>\n\n\n\n<p>Fuente: Agencia Telam<\/p>\n","protected":false},"excerpt":{"rendered":"<p>As\u00ed lo expres\u00f3 el ex presidente brasile\u00f1o tras su encuentro con el mandatario electo en el Hotel Libertador. Eduardo Bolsonaro, el hijo del exmandatario puntualiz\u00f3 que hay \u00abmucha esperanza\u00bb en&hellip;<\/p>\n","protected":false},"author":2,"featured_media":3832,"comment_status":"closed","ping_status":"closed","sticky":false,"template":"","format":"standard","meta":{"footnotes":""},"categories":[17,13],"tags":[41,40,38,39],"class_list":["post-3831","post","type-post","status-publish","format-standard","has-post-thumbnail","hentry","category-nacional","category-politica","tag-amigos","tag-argentina","tag-bolsonaro","tag-milei"],"rttpg_featured_image_url":{"full":["https:\/\/magazineweb.com.ar\/wp-content\/uploads\/2023\/12\/Bolsonaro-en-Argentina-Dic-2023.jpg",688,387,false],"landscape":["https:\/\/magazineweb.com.ar\/wp-content\/uploads\/2023\/12\/Bolsonaro-en-Argentina-Dic-2023.jpg",688,387,false],"portraits":["https:\/\/magazineweb.com.ar\/wp-content\/uploads\/2023\/12\/Bolsonaro-en-Argentina-Dic-2023.jpg",688,387,false],"thumbnail":["https:\/\/magazineweb.com.ar\/wp-content\/uploads\/2023\/12\/Bolsonaro-en-Argentina-Dic-2023-150x150.jpg",150,150,true],"medium":["https:\/\/magazineweb.com.ar\/wp-content\/uploads\/2023\/12\/Bolsonaro-en-Argentina-Dic-2023-300x169.jpg",300,169,true],"large":["https:\/\/magazineweb.com.ar\/wp-content\/uploads\/2023\/12\/Bolsonaro-en-Argentina-Dic-2023.jpg",688,387,false],"1536x1536":["https:\/\/magazineweb.com.ar\/wp-content\/uploads\/2023\/12\/Bolsonaro-en-Argentina-Dic-2023.jpg",688,387,false],"2048x2048":["https:\/\/magazineweb.com.ar\/wp-content\/uploads\/2023\/12\/Bolsonaro-en-Argentina-Dic-2023.jpg",688,387,false],"ultp_layout_landscape_large":["https:\/\/magazineweb.com.ar\/wp-content\/uploads\/2023\/12\/Bolsonaro-en-Argentina-Dic-2023.jpg",688,387,false],"ultp_layout_landscape":["https:\/\/magazineweb.com.ar\/wp-content\/uploads\/2023\/12\/Bolsonaro-en-Argentina-Dic-2023.jpg",688,387,false],"ultp_layout_portrait":["https:\/\/magazineweb.com.ar\/wp-content\/uploads\/2023\/12\/Bolsonaro-en-Argentina-Dic-2023-600x387.jpg",600,387,true],"ultp_layout_square":["https:\/\/magazineweb.com.ar\/wp-content\/uploads\/2023\/12\/Bolsonaro-en-Argentina-Dic-2023-600x387.jpg",600,387,true]},"rttpg_author":{"display_name":"Roxana Reinoso","author_link":"https:\/\/magazineweb.com.ar\/?author=2"},"rttpg_comment":0,"rttpg_category":"<a href=\"https:\/\/magazineweb.com.ar\/?cat=17\" rel=\"category\">Nacional<\/a> <a href=\"https:\/\/magazineweb.com.ar\/?cat=13\" rel=\"category\">Pol\u00edtica<\/a>","rttpg_excerpt":"As\u00ed lo expres\u00f3 el ex presidente brasile\u00f1o tras su encuentro con el mandatario electo en el Hotel Libertador. Eduardo Bolsonaro, el hijo del exmandatario puntualiz\u00f3 que hay \u00abmucha esperanza\u00bb en&hellip;","_links":{"self":[{"href":"https:\/\/magazineweb.com.ar\/index.php?rest_route=\/wp\/v2\/posts\/3831","targetHints":{"allow":["GET"]}}],"collection":[{"href":"https:\/\/magazineweb.com.ar\/index.php?rest_route=\/wp\/v2\/posts"}],"about":[{"href":"https:\/\/magazineweb.com.ar\/index.php?rest_route=\/wp\/v2\/types\/post"}],"author":[{"embeddable":true,"href":"https:\/\/magazineweb.com.ar\/index.php?rest_route=\/wp\/v2\/users\/2"}],"replies":[{"embeddable":true,"href":"https:\/\/magazineweb.com.ar\/index.php?rest_route=%2Fwp%2Fv2%2Fcomments&post=3831"}],"version-history":[{"count":1,"href":"https:\/\/magazineweb.com.ar\/index.php?rest_route=\/wp\/v2\/posts\/3831\/revisions"}],"predecessor-version":[{"id":3833,"href":"https:\/\/magazineweb.com.ar\/index.php?rest_route=\/wp\/v2\/posts\/3831\/revisions\/3833"}],"wp:featuredmedia":[{"embeddable":true,"href":"https:\/\/magazineweb.com.ar\/index.php?rest_route=\/wp\/v2\/media\/3832"}],"wp:attachment":[{"href":"https:\/\/magazineweb.com.ar\/index.php?rest_route=%2Fwp%2Fv2%2Fmedia&parent=3831"}],"wp:term":[{"taxonomy":"category","embeddable":true,"href":"https:\/\/magazineweb.com.ar\/index.php?rest_route=%2Fwp%2Fv2%2Fcategories&post=3831"},{"taxonomy":"post_tag","embeddable":true,"href":"https:\/\/magazineweb.com.ar\/index.php?rest_route=%2Fwp%2Fv2%2Ftags&post=3831"}],"curies":[{"name":"wp","href":"https:\/\/api.w.org\/{rel}","templated":true}]}}