{"id":3858,"date":"2023-12-11T16:52:00","date_gmt":"2023-12-11T16:52:00","guid":{"rendered":"https:\/\/magazineweb.com.ar\/?p=3858"},"modified":"2023-12-15T18:08:34","modified_gmt":"2023-12-15T18:08:34","slug":"intendente-mussi-hay-que-hacer-lo-posible-para-que-el-vecino-de-berazategui-no-padezca-el-ajuste","status":"publish","type":"post","link":"https:\/\/magazineweb.com.ar\/?p=3858","title":{"rendered":"Intendente Mussi: \u201cHay que hacer lo posible para que el vecino de Berazategui no padezca el ajuste\u201d"},"content":{"rendered":"\n<p class=\"has-vivid-green-cyan-color has-black-background-color has-text-color has-background has-link-color wp-elements-fba28fb4579f977b05247cbd8ac8d96e\">Lo se\u00f1al\u00f3 el jefe comunal al asumir un nuevo mandato, ante el cuerpo legislativo y ante la militancia que estaba en el ingreso al edificio<\/p>\n\n\n\n<p>Juan Jos\u00e9 Mussi asumi\u00f3 su sexto mandato en el distrito de Berazategui. Al tomar la palabra, el jefe comunal habl\u00f3 sobre la presidencia de Alberto Fern\u00e1ndez: \u201cEse gobierno peronista asumi\u00f3 con una inflaci\u00f3n del 55 por ciento y hambre. Lamentablemente hoy la situaci\u00f3n no es mejor\u201d.<\/p>\n\n\n\n<p>Mussi solicit\u00f3, tanto a los ediles municipales como a la militancia, colaboraci\u00f3n para ayudar a los vecinos: \u00abSe vienen a\u00f1os dif\u00edciles y hay que hacer lo posible para que el vecino de Berazategui no padezca el ajuste\u201d.<\/p>\n\n\n\n<p>\u201cFui candidato de un sector pero ahora soy el intendente de todos. Hay principios en los que no vamos a claudicar. Ayudar a los que menos tienen, que se sostenga la salud p\u00fablica, la educaci\u00f3n p\u00fablica, y pedirle un esfuerzo mayor a los que m\u00e1s tienen\u201d, a\u00f1adi\u00f3.<\/p>\n\n\n\n<p>Finalmente, Mussi expres\u00f3: \u201cEn los momentos f\u00e1ciles est\u00e1n todos, pero en los dif\u00edciles hay muchos que se borran. Que quede bien claro: yo no me voy a borrar\u201d.<\/p>\n\n\n\n<p>Durante el acto protocolar, se les tom\u00f3 juramento a los concejales electos de Uni\u00f3n Por la Patria: Carlos Balor, Mar\u00eda Del Carmen Flores, Federico L\u00f3pez, Luc\u00eda Vega, Mat\u00edas Aguirre, Jennifer Noro y Omar Acosta; por La Libertad Avanza: Ezequiel Troncoso, Rosal\u00eda Garc\u00eda y Rub\u00e9n Romano; y \u00a0por Juntos por el Cambio: H\u00e9ctor Ravelo y Sandra Massimino. <\/p>\n\n\n\n<p>Por estas horas, al pedir licencia los 4 primeros de la lista de concejales electos por Uni\u00f3n Por la Patria, ya que estar\u00edan continuando en sus cargos de funcionarios, asumen los que siguen, de acuerdo al orden de la lista de postulaci\u00f3n. A saber: Salom\u00e9 Pereyra, Andr\u00e9s Nikitiuk, Mabel Dias, Juan L\u00f3pez<\/p>\n","protected":false},"excerpt":{"rendered":"<p>Lo se\u00f1al\u00f3 el jefe comunal al asumir un nuevo mandato, ante el cuerpo legislativo y ante la militancia que estaba en el ingreso al edificio Juan Jos\u00e9 Mussi asumi\u00f3 su&hellip;<\/p>\n","protected":false},"author":2,"featured_media":3860,"comment_status":"closed","ping_status":"closed","sticky":false,"template":"","format":"standard","meta":{"footnotes":""},"categories":[13,15],"tags":[59,56,61,55,58,60,53],"class_list":["post-3858","post","type-post","status-publish","format-standard","has-post-thumbnail","hentry","category-politica","category-regional","tag-asumen","tag-berazategui","tag-concejales","tag-intendente","tag-licencia","tag-militancia","tag-mussi"],"rttpg_featured_image_url":{"full":["https:\/\/magazineweb.com.ar\/wp-content\/uploads\/2023\/12\/Mussi-6to.-Mandato-2023.jpg",1920,1280,false],"landscape":["https:\/\/magazineweb.com.ar\/wp-content\/uploads\/2023\/12\/Mussi-6to.-Mandato-2023.jpg",1920,1280,false],"portraits":["https:\/\/magazineweb.com.ar\/wp-content\/uploads\/2023\/12\/Mussi-6to.-Mandato-2023.jpg",1920,1280,false],"thumbnail":["https:\/\/magazineweb.com.ar\/wp-content\/uploads\/2023\/12\/Mussi-6to.-Mandato-2023-150x150.jpg",150,150,true],"medium":["https:\/\/magazineweb.com.ar\/wp-content\/uploads\/2023\/12\/Mussi-6to.-Mandato-2023-300x200.jpg",300,200,true],"large":["https:\/\/magazineweb.com.ar\/wp-content\/uploads\/2023\/12\/Mussi-6to.-Mandato-2023-1024x683.jpg",1024,683,true],"1536x1536":["https:\/\/magazineweb.com.ar\/wp-content\/uploads\/2023\/12\/Mussi-6to.-Mandato-2023-1536x1024.jpg",1536,1024,true],"2048x2048":["https:\/\/magazineweb.com.ar\/wp-content\/uploads\/2023\/12\/Mussi-6to.-Mandato-2023.jpg",1920,1280,false],"ultp_layout_landscape_large":["https:\/\/magazineweb.com.ar\/wp-content\/uploads\/2023\/12\/Mussi-6to.-Mandato-2023-1200x800.jpg",1200,800,true],"ultp_layout_landscape":["https:\/\/magazineweb.com.ar\/wp-content\/uploads\/2023\/12\/Mussi-6to.-Mandato-2023-870x570.jpg",870,570,true],"ultp_layout_portrait":["https:\/\/magazineweb.com.ar\/wp-content\/uploads\/2023\/12\/Mussi-6to.-Mandato-2023-600x900.jpg",600,900,true],"ultp_layout_square":["https:\/\/magazineweb.com.ar\/wp-content\/uploads\/2023\/12\/Mussi-6to.-Mandato-2023-600x600.jpg",600,600,true]},"rttpg_author":{"display_name":"Roxana Reinoso","author_link":"https:\/\/magazineweb.com.ar\/?author=2"},"rttpg_comment":0,"rttpg_category":"<a href=\"https:\/\/magazineweb.com.ar\/?cat=13\" rel=\"category\">Pol\u00edtica<\/a> <a href=\"https:\/\/magazineweb.com.ar\/?cat=15\" rel=\"category\">Regional<\/a>","rttpg_excerpt":"Lo se\u00f1al\u00f3 el jefe comunal al asumir un nuevo mandato, ante el cuerpo legislativo y ante la militancia que estaba en el ingreso al edificio Juan Jos\u00e9 Mussi asumi\u00f3 su&hellip;","_links":{"self":[{"href":"https:\/\/magazineweb.com.ar\/index.php?rest_route=\/wp\/v2\/posts\/3858","targetHints":{"allow":["GET"]}}],"collection":[{"href":"https:\/\/magazineweb.com.ar\/index.php?rest_route=\/wp\/v2\/posts"}],"about":[{"href":"https:\/\/magazineweb.com.ar\/index.php?rest_route=\/wp\/v2\/types\/post"}],"author":[{"embeddable":true,"href":"https:\/\/magazineweb.com.ar\/index.php?rest_route=\/wp\/v2\/users\/2"}],"replies":[{"embeddable":true,"href":"https:\/\/magazineweb.com.ar\/index.php?rest_route=%2Fwp%2Fv2%2Fcomments&post=3858"}],"version-history":[{"count":1,"href":"https:\/\/magazineweb.com.ar\/index.php?rest_route=\/wp\/v2\/posts\/3858\/revisions"}],"predecessor-version":[{"id":3859,"href":"https:\/\/magazineweb.com.ar\/index.php?rest_route=\/wp\/v2\/posts\/3858\/revisions\/3859"}],"wp:featuredmedia":[{"embeddable":true,"href":"https:\/\/magazineweb.com.ar\/index.php?rest_route=\/wp\/v2\/media\/3860"}],"wp:attachment":[{"href":"https:\/\/magazineweb.com.ar\/index.php?rest_route=%2Fwp%2Fv2%2Fmedia&parent=3858"}],"wp:term":[{"taxonomy":"category","embeddable":true,"href":"https:\/\/magazineweb.com.ar\/index.php?rest_route=%2Fwp%2Fv2%2Fcategories&post=3858"},{"taxonomy":"post_tag","embeddable":true,"href":"https:\/\/magazineweb.com.ar\/index.php?rest_route=%2Fwp%2Fv2%2Ftags&post=3858"}],"curies":[{"name":"wp","href":"https:\/\/api.w.org\/{rel}","templated":true}]}}