{"id":3874,"date":"2023-05-31T14:16:15","date_gmt":"2023-05-31T14:16:15","guid":{"rendered":"https:\/\/magazineweb.com.ar\/?p=3874"},"modified":"2023-12-19T14:22:00","modified_gmt":"2023-12-19T14:22:00","slug":"reconocimiento-a-ricky-giacobbe-en-berazategui-el-lugar-que-lo-vio-crecer","status":"publish","type":"post","link":"https:\/\/magazineweb.com.ar\/?p=3874","title":{"rendered":"Reconocimiento a Ricky Giacobbe en Berazategui el lugar que lo vio crecer"},"content":{"rendered":"\n<p>El Concejo Deliberante de Berazategui sancion\u00f3 la O R D E N A N Z A N\u00b0 5894 en la que se designa con el nombre de \u201cDiputado Provincial Ricardo Fabio Giacobbe\u201d al tramo de la Calle 34 desde Av. N\u00e9stor Kirchner hasta la intersecci\u00f3n con la Costa del Rio de la Plata.<\/p>\n\n\n\n<p>Ricardo Fabio Giacobbe, creci\u00f3 en Berazategui, naci\u00f3 el 18 de Junio de 1967, desde muy joven abraz\u00f3 las banderas de la acci\u00f3n social y de la pol\u00edtica del distrito logrando a lo largo de su vida una gran trayectoria pol\u00edtica y reconocimiento de los vecinos.<\/p>\n\n\n\n<p>En el a\u00f1o 1988 ingres\u00f3 como empleado de bloque en el Honorable Concejo Deliberante de Berazategui. Fue elegido Presidente de la Juventud Peronista del distrito; logrando ser Secretario del Congreso Provincial del Partido Justicialista.<\/p>\n\n\n\n<p>Siguiendo con su actividad pol\u00edtica y social dentro de Berazategui, fue nombrado como Director de Ceremonial y Relaciones P\u00fablicas del Honorable Concejo Deliberante.<\/p>\n\n\n\n<p>En el a\u00f1o 1999 asumi\u00f3 el cargo de Gerente de Relaciones Institucionales en el Astillero Rio Santiago de la Provincia de Buenos Aires.<\/p>\n\n\n\n<p>En 2003 fue designado como subdirector provincial de la escuela de Gobierno, permiti\u00e9ndole, ese puesto, una gesti\u00f3n pol\u00edtica en toda la Provincia de Buenos Aires (con m\u00e1s de 200 sindicatos de la \u00f3rbita provincial).<\/p>\n\n\n\n<p>Siendo la pol\u00edtica el gran pilar de su vida p\u00fablica, en el a\u00f1o 2009 asumi\u00f3 como Diputado Provincial, convirti\u00e9ndose luego en el vicepresidente del Bloque de Pro-Peronismo dentro de la Honorable C\u00e1mara de Diputados. Debido a su experiencia en la labor legislativa asumi\u00f3 la presidencia del mencionado bloque legislativo en el a\u00f1o 2011.<\/p>\n\n\n\n<p>Cuando llevaba m\u00e1s de 30 a\u00f1os de su carrera pol\u00edtica, se desempe\u00f1\u00f3 como Subsecretario del Interior, cargo dependiente del Ministerio de Interior, Obras P\u00fablicas y Vivienda, fue en el mes de Diciembre del a\u00f1o 2015, formando parte del gabinete Nacional, y manteniendo estrecha la relaci\u00f3n con intendentes y gobernadores de toda la Argentina.<\/p>\n\n\n\n<p>En el a\u00f1o 2017 fue designado como Subdirector Nacional del Registro Nacional de las Personas. Estuvo a cargo de la implementaci\u00f3n del plan de documentaci\u00f3n m\u00e1s importante realizado en el pa\u00eds.<\/p>\n\n\n\n<p>Todo lo que hizo \u201cRicky\u201d (Ricardo Giacobbe) como lo llam\u00e1bamos sus amigos, no era ni m\u00e1s ni menos que mera acci\u00f3n pol\u00edtica social. Un dirigente siempre atento a las necesidades de la gente, dando todo de s\u00ed, hasta su fuerza f\u00edsica (a pesar de su complicado estado de salud).<\/p>\n\n\n\n<p>Con orgullo podemos decir, aquellos que lo conocimos bien, que adem\u00e1s de ser un gran pol\u00edtico siempre presente en Berazategui, fue mejor persona, demostrando su esmero por ver felices a toda su familia, y en especial a sus hijos y nietos.<\/p>\n\n\n\n<p>Se fue muy pronto, a los 52 a\u00f1os. En noviembre de 2019. Nos volveremos a ver AMIGO!!!<\/p>\n\n\n\n<figure class=\"wp-block-image size-full\"><img loading=\"lazy\" decoding=\"async\" width=\"1024\" height=\"497\" src=\"https:\/\/magazineweb.com.ar\/wp-content\/uploads\/2023\/12\/Acto-por-nombre-de-calle-a-Ricky.jpg-2-1024x497-1.jpg\" alt=\"\" class=\"wp-image-3875\" srcset=\"https:\/\/magazineweb.com.ar\/wp-content\/uploads\/2023\/12\/Acto-por-nombre-de-calle-a-Ricky.jpg-2-1024x497-1.jpg 1024w, https:\/\/magazineweb.com.ar\/wp-content\/uploads\/2023\/12\/Acto-por-nombre-de-calle-a-Ricky.jpg-2-1024x497-1-300x146.jpg 300w, https:\/\/magazineweb.com.ar\/wp-content\/uploads\/2023\/12\/Acto-por-nombre-de-calle-a-Ricky.jpg-2-1024x497-1-768x373.jpg 768w\" sizes=\"auto, (max-width: 1024px) 100vw, 1024px\" \/><\/figure>\n\n\n\n<p>El intendente Juan Jos\u00e9 Mussi junto a la familia de Ricardo Giacobbe en el momento de descubrir la placa<\/p>\n\n\n\n<figure class=\"wp-block-image size-full\"><img loading=\"lazy\" decoding=\"async\" width=\"1024\" height=\"497\" src=\"https:\/\/magazineweb.com.ar\/wp-content\/uploads\/2023\/12\/Acto-por-nombre-de-calle-a-Ricky.jpg-3-1024x497-1.jpg\" alt=\"\" class=\"wp-image-3878\" srcset=\"https:\/\/magazineweb.com.ar\/wp-content\/uploads\/2023\/12\/Acto-por-nombre-de-calle-a-Ricky.jpg-3-1024x497-1.jpg 1024w, https:\/\/magazineweb.com.ar\/wp-content\/uploads\/2023\/12\/Acto-por-nombre-de-calle-a-Ricky.jpg-3-1024x497-1-300x146.jpg 300w, https:\/\/magazineweb.com.ar\/wp-content\/uploads\/2023\/12\/Acto-por-nombre-de-calle-a-Ricky.jpg-3-1024x497-1-768x373.jpg 768w\" sizes=\"auto, (max-width: 1024px) 100vw, 1024px\" \/><\/figure>\n\n\n\n<p>Funcionarios, Vecinos y Amigos de Ricardo Giacobbe<\/p>\n\n\n\n<figure class=\"wp-block-image size-full\"><img loading=\"lazy\" decoding=\"async\" width=\"1024\" height=\"497\" src=\"https:\/\/magazineweb.com.ar\/wp-content\/uploads\/2023\/12\/Acto-por-nombre-de-calle-a-Ricky.jpg-4-1024x497-1.jpg\" alt=\"\" class=\"wp-image-3879\" srcset=\"https:\/\/magazineweb.com.ar\/wp-content\/uploads\/2023\/12\/Acto-por-nombre-de-calle-a-Ricky.jpg-4-1024x497-1.jpg 1024w, https:\/\/magazineweb.com.ar\/wp-content\/uploads\/2023\/12\/Acto-por-nombre-de-calle-a-Ricky.jpg-4-1024x497-1-300x146.jpg 300w, https:\/\/magazineweb.com.ar\/wp-content\/uploads\/2023\/12\/Acto-por-nombre-de-calle-a-Ricky.jpg-4-1024x497-1-768x373.jpg 768w\" sizes=\"auto, (max-width: 1024px) 100vw, 1024px\" \/><\/figure>\n\n\n\n<figure class=\"wp-block-image size-full\"><img loading=\"lazy\" decoding=\"async\" width=\"1024\" height=\"497\" src=\"https:\/\/magazineweb.com.ar\/wp-content\/uploads\/2023\/12\/Acto-por-nombre-de-calle-a-Ricky.jpg-5-1024x497-1.jpg\" alt=\"\" class=\"wp-image-3880\" srcset=\"https:\/\/magazineweb.com.ar\/wp-content\/uploads\/2023\/12\/Acto-por-nombre-de-calle-a-Ricky.jpg-5-1024x497-1.jpg 1024w, https:\/\/magazineweb.com.ar\/wp-content\/uploads\/2023\/12\/Acto-por-nombre-de-calle-a-Ricky.jpg-5-1024x497-1-300x146.jpg 300w, https:\/\/magazineweb.com.ar\/wp-content\/uploads\/2023\/12\/Acto-por-nombre-de-calle-a-Ricky.jpg-5-1024x497-1-768x373.jpg 768w\" sizes=\"auto, (max-width: 1024px) 100vw, 1024px\" \/><\/figure>\n\n\n\n<p>La Marcha Peronista y el aplauso sostenido fueron el mejor homenaje para Ricardo Giacobbe<\/p>\n\n\n\n<figure class=\"wp-block-image size-full\"><img loading=\"lazy\" decoding=\"async\" width=\"1024\" height=\"497\" src=\"https:\/\/magazineweb.com.ar\/wp-content\/uploads\/2023\/12\/Acto-por-nombre-de-calle-a-Ricky.jpg-6-1024x497-1.jpg\" alt=\"\" class=\"wp-image-3881\" srcset=\"https:\/\/magazineweb.com.ar\/wp-content\/uploads\/2023\/12\/Acto-por-nombre-de-calle-a-Ricky.jpg-6-1024x497-1.jpg 1024w, https:\/\/magazineweb.com.ar\/wp-content\/uploads\/2023\/12\/Acto-por-nombre-de-calle-a-Ricky.jpg-6-1024x497-1-300x146.jpg 300w, https:\/\/magazineweb.com.ar\/wp-content\/uploads\/2023\/12\/Acto-por-nombre-de-calle-a-Ricky.jpg-6-1024x497-1-768x373.jpg 768w\" sizes=\"auto, (max-width: 1024px) 100vw, 1024px\" \/><\/figure>\n\n\n\n<p>Gran parte de la familia de Ricardo Giacobbe junto al intendente municipal<\/p>\n\n\n\n<p><\/p>\n","protected":false},"excerpt":{"rendered":"<p>El Concejo Deliberante de Berazategui sancion\u00f3 la O R D E N A N Z A N\u00b0 5894 en la que se designa con el nombre de \u201cDiputado Provincial Ricardo&hellip;<\/p>\n","protected":false},"author":1,"featured_media":3882,"comment_status":"closed","ping_status":"closed","sticky":false,"template":"","format":"standard","meta":{"footnotes":""},"categories":[9,15],"tags":[],"class_list":["post-3874","post","type-post","status-publish","format-standard","has-post-thumbnail","hentry","category-informacion-general","category-regional"],"rttpg_featured_image_url":{"full":["https:\/\/magazineweb.com.ar\/wp-content\/uploads\/2023\/12\/Acto-por-nombre-de-calle-a-Ricky-696x1433-1-497x1024-1.jpg",497,1024,false],"landscape":["https:\/\/magazineweb.com.ar\/wp-content\/uploads\/2023\/12\/Acto-por-nombre-de-calle-a-Ricky-696x1433-1-497x1024-1.jpg",497,1024,false],"portraits":["https:\/\/magazineweb.com.ar\/wp-content\/uploads\/2023\/12\/Acto-por-nombre-de-calle-a-Ricky-696x1433-1-497x1024-1.jpg",497,1024,false],"thumbnail":["https:\/\/magazineweb.com.ar\/wp-content\/uploads\/2023\/12\/Acto-por-nombre-de-calle-a-Ricky-696x1433-1-497x1024-1-150x150.jpg",150,150,true],"medium":["https:\/\/magazineweb.com.ar\/wp-content\/uploads\/2023\/12\/Acto-por-nombre-de-calle-a-Ricky-696x1433-1-497x1024-1-146x300.jpg",146,300,true],"large":["https:\/\/magazineweb.com.ar\/wp-content\/uploads\/2023\/12\/Acto-por-nombre-de-calle-a-Ricky-696x1433-1-497x1024-1.jpg",497,1024,false],"1536x1536":["https:\/\/magazineweb.com.ar\/wp-content\/uploads\/2023\/12\/Acto-por-nombre-de-calle-a-Ricky-696x1433-1-497x1024-1.jpg",497,1024,false],"2048x2048":["https:\/\/magazineweb.com.ar\/wp-content\/uploads\/2023\/12\/Acto-por-nombre-de-calle-a-Ricky-696x1433-1-497x1024-1.jpg",497,1024,false],"ultp_layout_landscape_large":["https:\/\/magazineweb.com.ar\/wp-content\/uploads\/2023\/12\/Acto-por-nombre-de-calle-a-Ricky-696x1433-1-497x1024-1-497x800.jpg",497,800,true],"ultp_layout_landscape":["https:\/\/magazineweb.com.ar\/wp-content\/uploads\/2023\/12\/Acto-por-nombre-de-calle-a-Ricky-696x1433-1-497x1024-1-497x570.jpg",497,570,true],"ultp_layout_portrait":["https:\/\/magazineweb.com.ar\/wp-content\/uploads\/2023\/12\/Acto-por-nombre-de-calle-a-Ricky-696x1433-1-497x1024-1-497x900.jpg",497,900,true],"ultp_layout_square":["https:\/\/magazineweb.com.ar\/wp-content\/uploads\/2023\/12\/Acto-por-nombre-de-calle-a-Ricky-696x1433-1-497x1024-1-497x600.jpg",497,600,true]},"rttpg_author":{"display_name":"admin-vdb","author_link":"https:\/\/magazineweb.com.ar\/?author=1"},"rttpg_comment":0,"rttpg_category":"<a href=\"https:\/\/magazineweb.com.ar\/?cat=9\" rel=\"category\">Informaci\u00f3n General<\/a> <a href=\"https:\/\/magazineweb.com.ar\/?cat=15\" rel=\"category\">Regional<\/a>","rttpg_excerpt":"El Concejo Deliberante de Berazategui sancion\u00f3 la O R D E N A N Z A N\u00b0 5894 en la que se designa con el nombre de \u201cDiputado Provincial Ricardo&hellip;","_links":{"self":[{"href":"https:\/\/magazineweb.com.ar\/index.php?rest_route=\/wp\/v2\/posts\/3874","targetHints":{"allow":["GET"]}}],"collection":[{"href":"https:\/\/magazineweb.com.ar\/index.php?rest_route=\/wp\/v2\/posts"}],"about":[{"href":"https:\/\/magazineweb.com.ar\/index.php?rest_route=\/wp\/v2\/types\/post"}],"author":[{"embeddable":true,"href":"https:\/\/magazineweb.com.ar\/index.php?rest_route=\/wp\/v2\/users\/1"}],"replies":[{"embeddable":true,"href":"https:\/\/magazineweb.com.ar\/index.php?rest_route=%2Fwp%2Fv2%2Fcomments&post=3874"}],"version-history":[{"count":1,"href":"https:\/\/magazineweb.com.ar\/index.php?rest_route=\/wp\/v2\/posts\/3874\/revisions"}],"predecessor-version":[{"id":3883,"href":"https:\/\/magazineweb.com.ar\/index.php?rest_route=\/wp\/v2\/posts\/3874\/revisions\/3883"}],"wp:featuredmedia":[{"embeddable":true,"href":"https:\/\/magazineweb.com.ar\/index.php?rest_route=\/wp\/v2\/media\/3882"}],"wp:attachment":[{"href":"https:\/\/magazineweb.com.ar\/index.php?rest_route=%2Fwp%2Fv2%2Fmedia&parent=3874"}],"wp:term":[{"taxonomy":"category","embeddable":true,"href":"https:\/\/magazineweb.com.ar\/index.php?rest_route=%2Fwp%2Fv2%2Fcategories&post=3874"},{"taxonomy":"post_tag","embeddable":true,"href":"https:\/\/magazineweb.com.ar\/index.php?rest_route=%2Fwp%2Fv2%2Ftags&post=3874"}],"curies":[{"name":"wp","href":"https:\/\/api.w.org\/{rel}","templated":true}]}}