{"id":3939,"date":"2024-01-12T01:05:00","date_gmt":"2024-01-12T01:05:00","guid":{"rendered":"https:\/\/magazineweb.com.ar\/?p=3939"},"modified":"2024-01-09T19:18:51","modified_gmt":"2024-01-09T19:18:51","slug":"vuelven-los-food-trucks-a-la-costa-de-hudson","status":"publish","type":"post","link":"https:\/\/magazineweb.com.ar\/?p=3939","title":{"rendered":"Vuelven los food trucks a la costa de Hudson"},"content":{"rendered":"\n<p>Este verano 2024 vuelven los food trucks a la Costa de Hudson (acceso por Av. Diego A. Maradona -63-). Este cl\u00e1sico de la gastronom\u00eda local estar\u00e1 disponible todos los s\u00e1bados y domingos de enero y febrero, de 13.00 a 23.00. Se suspender\u00e1n en caso de lluvias.<\/p>\n\n\n\n<p>La propuesta incluye alternativas muy recomendables para degustar al paso, como variedades de s\u00e1ndwiches, hamburguesas, comida gourmet, crepes, waffles, y papas fritas, adem\u00e1s de postres dulces y helados.<\/p>\n\n\n\n<p>Asimismo, la Municipalidad de Berazategui articular\u00e1 con la empresa de colectivos MOQSA para que incluya en sus servicios recorridos ida y vuelta desde la Estaci\u00f3n de Hudson (Av. Presidente N\u00e9stor Kirchner entre 58 y 58 A) hasta la Costa. Para quienes no tienen movilidad y desean disfrutar del R\u00edo, los s\u00e1bados y domingos, de 8.00 a 21.00 este servicio les ofrecer\u00e1 la posibilidad de hacerlo, con frecuencia cada una hora.<\/p>\n","protected":false},"excerpt":{"rendered":"<p>Este verano 2024 vuelven los food trucks a la Costa de Hudson (acceso por Av. Diego A. Maradona -63-). Este cl\u00e1sico de la gastronom\u00eda local estar\u00e1 disponible todos los s\u00e1bados&hellip;<\/p>\n","protected":false},"author":3,"featured_media":3940,"comment_status":"closed","ping_status":"closed","sticky":false,"template":"","format":"standard","meta":{"footnotes":""},"categories":[9],"tags":[],"class_list":["post-3939","post","type-post","status-publish","format-standard","has-post-thumbnail","hentry","category-informacion-general"],"rttpg_featured_image_url":{"full":["https:\/\/magazineweb.com.ar\/wp-content\/uploads\/2024\/01\/thumbnail_VUELVEN-LOS-FOOD-TRUCKS-A-LA-COSTA-DE-HUDSON_2.jpg",1772,1181,false],"landscape":["https:\/\/magazineweb.com.ar\/wp-content\/uploads\/2024\/01\/thumbnail_VUELVEN-LOS-FOOD-TRUCKS-A-LA-COSTA-DE-HUDSON_2.jpg",1772,1181,false],"portraits":["https:\/\/magazineweb.com.ar\/wp-content\/uploads\/2024\/01\/thumbnail_VUELVEN-LOS-FOOD-TRUCKS-A-LA-COSTA-DE-HUDSON_2.jpg",1772,1181,false],"thumbnail":["https:\/\/magazineweb.com.ar\/wp-content\/uploads\/2024\/01\/thumbnail_VUELVEN-LOS-FOOD-TRUCKS-A-LA-COSTA-DE-HUDSON_2-150x150.jpg",150,150,true],"medium":["https:\/\/magazineweb.com.ar\/wp-content\/uploads\/2024\/01\/thumbnail_VUELVEN-LOS-FOOD-TRUCKS-A-LA-COSTA-DE-HUDSON_2-300x200.jpg",300,200,true],"large":["https:\/\/magazineweb.com.ar\/wp-content\/uploads\/2024\/01\/thumbnail_VUELVEN-LOS-FOOD-TRUCKS-A-LA-COSTA-DE-HUDSON_2-1024x682.jpg",1024,682,true],"1536x1536":["https:\/\/magazineweb.com.ar\/wp-content\/uploads\/2024\/01\/thumbnail_VUELVEN-LOS-FOOD-TRUCKS-A-LA-COSTA-DE-HUDSON_2-1536x1024.jpg",1536,1024,true],"2048x2048":["https:\/\/magazineweb.com.ar\/wp-content\/uploads\/2024\/01\/thumbnail_VUELVEN-LOS-FOOD-TRUCKS-A-LA-COSTA-DE-HUDSON_2.jpg",1772,1181,false],"ultp_layout_landscape_large":["https:\/\/magazineweb.com.ar\/wp-content\/uploads\/2024\/01\/thumbnail_VUELVEN-LOS-FOOD-TRUCKS-A-LA-COSTA-DE-HUDSON_2-1200x800.jpg",1200,800,true],"ultp_layout_landscape":["https:\/\/magazineweb.com.ar\/wp-content\/uploads\/2024\/01\/thumbnail_VUELVEN-LOS-FOOD-TRUCKS-A-LA-COSTA-DE-HUDSON_2-870x570.jpg",870,570,true],"ultp_layout_portrait":["https:\/\/magazineweb.com.ar\/wp-content\/uploads\/2024\/01\/thumbnail_VUELVEN-LOS-FOOD-TRUCKS-A-LA-COSTA-DE-HUDSON_2-600x900.jpg",600,900,true],"ultp_layout_square":["https:\/\/magazineweb.com.ar\/wp-content\/uploads\/2024\/01\/thumbnail_VUELVEN-LOS-FOOD-TRUCKS-A-LA-COSTA-DE-HUDSON_2-600x600.jpg",600,600,true]},"rttpg_author":{"display_name":"Redacci\u00f3n Magazine Web","author_link":"https:\/\/magazineweb.com.ar\/?author=3"},"rttpg_comment":0,"rttpg_category":"<a href=\"https:\/\/magazineweb.com.ar\/?cat=9\" rel=\"category\">Informaci\u00f3n General<\/a>","rttpg_excerpt":"Este verano 2024 vuelven los food trucks a la Costa de Hudson (acceso por Av. Diego A. Maradona -63-). Este cl\u00e1sico de la gastronom\u00eda local estar\u00e1 disponible todos los s\u00e1bados&hellip;","_links":{"self":[{"href":"https:\/\/magazineweb.com.ar\/index.php?rest_route=\/wp\/v2\/posts\/3939","targetHints":{"allow":["GET"]}}],"collection":[{"href":"https:\/\/magazineweb.com.ar\/index.php?rest_route=\/wp\/v2\/posts"}],"about":[{"href":"https:\/\/magazineweb.com.ar\/index.php?rest_route=\/wp\/v2\/types\/post"}],"author":[{"embeddable":true,"href":"https:\/\/magazineweb.com.ar\/index.php?rest_route=\/wp\/v2\/users\/3"}],"replies":[{"embeddable":true,"href":"https:\/\/magazineweb.com.ar\/index.php?rest_route=%2Fwp%2Fv2%2Fcomments&post=3939"}],"version-history":[{"count":1,"href":"https:\/\/magazineweb.com.ar\/index.php?rest_route=\/wp\/v2\/posts\/3939\/revisions"}],"predecessor-version":[{"id":3941,"href":"https:\/\/magazineweb.com.ar\/index.php?rest_route=\/wp\/v2\/posts\/3939\/revisions\/3941"}],"wp:featuredmedia":[{"embeddable":true,"href":"https:\/\/magazineweb.com.ar\/index.php?rest_route=\/wp\/v2\/media\/3940"}],"wp:attachment":[{"href":"https:\/\/magazineweb.com.ar\/index.php?rest_route=%2Fwp%2Fv2%2Fmedia&parent=3939"}],"wp:term":[{"taxonomy":"category","embeddable":true,"href":"https:\/\/magazineweb.com.ar\/index.php?rest_route=%2Fwp%2Fv2%2Fcategories&post=3939"},{"taxonomy":"post_tag","embeddable":true,"href":"https:\/\/magazineweb.com.ar\/index.php?rest_route=%2Fwp%2Fv2%2Ftags&post=3939"}],"curies":[{"name":"wp","href":"https:\/\/api.w.org\/{rel}","templated":true}]}}