{"id":4029,"date":"2024-01-15T02:02:41","date_gmt":"2024-01-15T05:02:41","guid":{"rendered":"https:\/\/magazineweb.com.ar\/?p=4029"},"modified":"2024-01-15T02:02:41","modified_gmt":"2024-01-15T05:02:41","slug":"se-viene-el-ciclo-de-verano-con-variedad-de-propuestas-culturales-y-artisticas-en-berazategui","status":"publish","type":"post","link":"https:\/\/magazineweb.com.ar\/?p=4029","title":{"rendered":"Se viene el ciclo de verano con variedad de propuestas culturales y art\u00edsticas en Berazategui"},"content":{"rendered":"\n<p>A partir del 17 de enero, el cl\u00e1sico Ciclo de Verano llega a los barrios y Complejos Culturales Municipales de Berazategui -en su edici\u00f3n 2024-, con cine, m\u00fasica en vivo, festivales, shows infantiles y talleres, entre muchas otras opciones gratuitas para disfrutar en familia o con amigos.<\/p>\n\n\n\n<p>A\u00f1o tras a\u00f1o, esta propuesta esperada por la comunidad local y regional es impulsada por el intendente Juan Jos\u00e9 Mussi y organizada por la Secretar\u00eda de Cultura y Educaci\u00f3n. En esta nueva edici\u00f3n habr\u00e1 un mont\u00f3n de alternativas culturales y art\u00edsticas abiertas y gratuitas para todos los gustos y edades, en distintos puntos de la ciudad.<\/p>\n\n\n\n<p>Para conocer el cronograma completo de enero, se puede ingresar a\u00a0<a href=\"http:\/\/berazategui.gob.ar\/cultura\" target=\"_blank\" rel=\"noreferrer noopener\">berazategui.gob.ar\/cultura<\/a>\u00a0o a las redes sociales de la Secretar\u00eda de Cultura y Educaci\u00f3n (@culturabe) y del Municipio (@MuniBerazategui).<\/p>\n","protected":false},"excerpt":{"rendered":"<p>A partir del 17 de enero, el cl\u00e1sico Ciclo de Verano llega a los barrios y Complejos Culturales Municipales de Berazategui -en su edici\u00f3n 2024-, con cine, m\u00fasica en vivo,&hellip;<\/p>\n","protected":false},"author":3,"featured_media":4030,"comment_status":"closed","ping_status":"closed","sticky":false,"template":"","format":"standard","meta":{"footnotes":""},"categories":[7],"tags":[],"class_list":["post-4029","post","type-post","status-publish","format-standard","has-post-thumbnail","hentry","category-espectaculos"],"rttpg_featured_image_url":{"full":["https:\/\/magazineweb.com.ar\/wp-content\/uploads\/2024\/01\/thumbnail_SE-VIENE-EL-CICLO-DE-VERANO-CON-VARIEDAD-DE-PROPUESTAS-CULTURALES-Y-ARTISTICAS2.jpg",1920,1280,false],"landscape":["https:\/\/magazineweb.com.ar\/wp-content\/uploads\/2024\/01\/thumbnail_SE-VIENE-EL-CICLO-DE-VERANO-CON-VARIEDAD-DE-PROPUESTAS-CULTURALES-Y-ARTISTICAS2.jpg",1920,1280,false],"portraits":["https:\/\/magazineweb.com.ar\/wp-content\/uploads\/2024\/01\/thumbnail_SE-VIENE-EL-CICLO-DE-VERANO-CON-VARIEDAD-DE-PROPUESTAS-CULTURALES-Y-ARTISTICAS2.jpg",1920,1280,false],"thumbnail":["https:\/\/magazineweb.com.ar\/wp-content\/uploads\/2024\/01\/thumbnail_SE-VIENE-EL-CICLO-DE-VERANO-CON-VARIEDAD-DE-PROPUESTAS-CULTURALES-Y-ARTISTICAS2-150x150.jpg",150,150,true],"medium":["https:\/\/magazineweb.com.ar\/wp-content\/uploads\/2024\/01\/thumbnail_SE-VIENE-EL-CICLO-DE-VERANO-CON-VARIEDAD-DE-PROPUESTAS-CULTURALES-Y-ARTISTICAS2-300x200.jpg",300,200,true],"large":["https:\/\/magazineweb.com.ar\/wp-content\/uploads\/2024\/01\/thumbnail_SE-VIENE-EL-CICLO-DE-VERANO-CON-VARIEDAD-DE-PROPUESTAS-CULTURALES-Y-ARTISTICAS2-1024x683.jpg",1024,683,true],"1536x1536":["https:\/\/magazineweb.com.ar\/wp-content\/uploads\/2024\/01\/thumbnail_SE-VIENE-EL-CICLO-DE-VERANO-CON-VARIEDAD-DE-PROPUESTAS-CULTURALES-Y-ARTISTICAS2-1536x1024.jpg",1536,1024,true],"2048x2048":["https:\/\/magazineweb.com.ar\/wp-content\/uploads\/2024\/01\/thumbnail_SE-VIENE-EL-CICLO-DE-VERANO-CON-VARIEDAD-DE-PROPUESTAS-CULTURALES-Y-ARTISTICAS2.jpg",1920,1280,false],"ultp_layout_landscape_large":["https:\/\/magazineweb.com.ar\/wp-content\/uploads\/2024\/01\/thumbnail_SE-VIENE-EL-CICLO-DE-VERANO-CON-VARIEDAD-DE-PROPUESTAS-CULTURALES-Y-ARTISTICAS2-1200x800.jpg",1200,800,true],"ultp_layout_landscape":["https:\/\/magazineweb.com.ar\/wp-content\/uploads\/2024\/01\/thumbnail_SE-VIENE-EL-CICLO-DE-VERANO-CON-VARIEDAD-DE-PROPUESTAS-CULTURALES-Y-ARTISTICAS2-870x570.jpg",870,570,true],"ultp_layout_portrait":["https:\/\/magazineweb.com.ar\/wp-content\/uploads\/2024\/01\/thumbnail_SE-VIENE-EL-CICLO-DE-VERANO-CON-VARIEDAD-DE-PROPUESTAS-CULTURALES-Y-ARTISTICAS2-600x900.jpg",600,900,true],"ultp_layout_square":["https:\/\/magazineweb.com.ar\/wp-content\/uploads\/2024\/01\/thumbnail_SE-VIENE-EL-CICLO-DE-VERANO-CON-VARIEDAD-DE-PROPUESTAS-CULTURALES-Y-ARTISTICAS2-600x600.jpg",600,600,true]},"rttpg_author":{"display_name":"Redacci\u00f3n Magazine Web","author_link":"https:\/\/magazineweb.com.ar\/?author=3"},"rttpg_comment":0,"rttpg_category":"<a href=\"https:\/\/magazineweb.com.ar\/?cat=7\" rel=\"category\">Espect\u00e1culos<\/a>","rttpg_excerpt":"A partir del 17 de enero, el cl\u00e1sico Ciclo de Verano llega a los barrios y Complejos Culturales Municipales de Berazategui -en su edici\u00f3n 2024-, con cine, m\u00fasica en vivo,&hellip;","_links":{"self":[{"href":"https:\/\/magazineweb.com.ar\/index.php?rest_route=\/wp\/v2\/posts\/4029","targetHints":{"allow":["GET"]}}],"collection":[{"href":"https:\/\/magazineweb.com.ar\/index.php?rest_route=\/wp\/v2\/posts"}],"about":[{"href":"https:\/\/magazineweb.com.ar\/index.php?rest_route=\/wp\/v2\/types\/post"}],"author":[{"embeddable":true,"href":"https:\/\/magazineweb.com.ar\/index.php?rest_route=\/wp\/v2\/users\/3"}],"replies":[{"embeddable":true,"href":"https:\/\/magazineweb.com.ar\/index.php?rest_route=%2Fwp%2Fv2%2Fcomments&post=4029"}],"version-history":[{"count":1,"href":"https:\/\/magazineweb.com.ar\/index.php?rest_route=\/wp\/v2\/posts\/4029\/revisions"}],"predecessor-version":[{"id":4031,"href":"https:\/\/magazineweb.com.ar\/index.php?rest_route=\/wp\/v2\/posts\/4029\/revisions\/4031"}],"wp:featuredmedia":[{"embeddable":true,"href":"https:\/\/magazineweb.com.ar\/index.php?rest_route=\/wp\/v2\/media\/4030"}],"wp:attachment":[{"href":"https:\/\/magazineweb.com.ar\/index.php?rest_route=%2Fwp%2Fv2%2Fmedia&parent=4029"}],"wp:term":[{"taxonomy":"category","embeddable":true,"href":"https:\/\/magazineweb.com.ar\/index.php?rest_route=%2Fwp%2Fv2%2Fcategories&post=4029"},{"taxonomy":"post_tag","embeddable":true,"href":"https:\/\/magazineweb.com.ar\/index.php?rest_route=%2Fwp%2Fv2%2Ftags&post=4029"}],"curies":[{"name":"wp","href":"https:\/\/api.w.org\/{rel}","templated":true}]}}