{"id":4062,"date":"2024-01-12T01:05:00","date_gmt":"2024-01-12T01:05:00","guid":{"rendered":"https:\/\/magazineweb.com.ar\/?p=4062"},"modified":"2024-01-11T15:03:12","modified_gmt":"2024-01-11T15:03:12","slug":"se-abrio-la-consulta-ciudadana-para-debatir-la-tarifa-de-transporte-interurbano-bonaerense","status":"publish","type":"post","link":"https:\/\/magazineweb.com.ar\/?p=4062","title":{"rendered":"Se abri\u00f3 la consulta ciudadana para debatir la tarifa de transporte interurbano bonaerense"},"content":{"rendered":"\n<p>El Gobierno bonaerense puso en marcha esta semana un proceso de \u00abconsulta ciudadana\u00bb para debatir el aumento de las tarifas del transporte p\u00fablico interurbano de pasajeros en distritos que no forman parte del \u00c1rea Metropolitana Buenos Aires, inform\u00f3 el Ministerio de Transporte de la provincia de Buenos Aires.<\/p>\n\n\n\n<p>Seg\u00fan explic\u00f3 la cartera a cargo de Jorge D\u00b4Onofrio, \u00abcon la apertura de esta instancia de &#8216;consulta ciudadana&#8217;, buscamos que todas las personas usuarias del sistema de transporte p\u00fablico de pasajeros de jurisdicci\u00f3n provincial puedan participar expresando sus opiniones y consultas sobre la medida puesta a consideraci\u00f3n, asumiendo un rol protag\u00f3nico en el desarrollo de las propuestas de la gesti\u00f3n y colaborando en el fortalecimiento de la confianza p\u00fablica y la transparencia, garantizando los principios de publicidad, informalidad y gratuidad de la ciudadan\u00eda en general\u00bb.<\/p>\n\n\n\n<p>Para participar de la \u00abconsulta p\u00fablica\u00bb, los interesados en emitir su opini\u00f3n y\/o sugerencia respecto del Proyecto Tarifario propuesto podr\u00e1n realizarla a trav\u00e9s de la direcci\u00f3n de correo electr\u00f3nico: consultaciudadana@transporte.gba.gob.ar .<\/p>\n\n\n\n<p>El proyecto de actualizaci\u00f3n tarifa tiene por objetivo los servicios de transporte p\u00fablico de pasajeros de car\u00e1cter interurbano y\/o rurales (larga distancia), no comprendidos dentro del \u00c1rea Metropolitana de Buenos Aires (AMBA).<\/p>\n\n\n\n<p>En la actualidad la base tarifaria media para un servicio ordinario es de $2,0074 por kil\u00f3metros por pasajero ($\/km\/pas), mientras que la actualizaci\u00f3n prev\u00e9 un valor de 2,9156 $\/km\/pas. De manera espec\u00edfica, en el caso de los servicios con aire acondicionado pasar\u00edan de 2,4032 $\/km\/pas a 3,49804 %\/km\/pas; mientras que el servicio semicama -que en la actualidad es de 2,8283 $\/km\/pas- pasar\u00eda a ser de 4,1064 %\/km\/pas. Por \u00faltimo, el servicio interurbano rural pasar\u00eda de $31,40 a $45,61 pesos.<\/p>\n\n\n\n<p><a href=\"javascript:void(0);\"><\/a><\/p>\n","protected":false},"excerpt":{"rendered":"<p>El Gobierno bonaerense puso en marcha esta semana un proceso de \u00abconsulta ciudadana\u00bb para debatir el aumento de las tarifas del transporte p\u00fablico interurbano de pasajeros en distritos que no&hellip;<\/p>\n","protected":false},"author":3,"featured_media":4065,"comment_status":"closed","ping_status":"closed","sticky":false,"template":"","format":"standard","meta":{"footnotes":""},"categories":[9],"tags":[],"class_list":["post-4062","post","type-post","status-publish","format-standard","has-post-thumbnail","hentry","category-informacion-general"],"rttpg_featured_image_url":{"full":["https:\/\/magazineweb.com.ar\/wp-content\/uploads\/2024\/01\/659d2db286554_1200.jpg",1200,675,false],"landscape":["https:\/\/magazineweb.com.ar\/wp-content\/uploads\/2024\/01\/659d2db286554_1200.jpg",1200,675,false],"portraits":["https:\/\/magazineweb.com.ar\/wp-content\/uploads\/2024\/01\/659d2db286554_1200.jpg",1200,675,false],"thumbnail":["https:\/\/magazineweb.com.ar\/wp-content\/uploads\/2024\/01\/659d2db286554_1200-150x150.jpg",150,150,true],"medium":["https:\/\/magazineweb.com.ar\/wp-content\/uploads\/2024\/01\/659d2db286554_1200-300x169.jpg",300,169,true],"large":["https:\/\/magazineweb.com.ar\/wp-content\/uploads\/2024\/01\/659d2db286554_1200-1024x576.jpg",1024,576,true],"1536x1536":["https:\/\/magazineweb.com.ar\/wp-content\/uploads\/2024\/01\/659d2db286554_1200.jpg",1200,675,false],"2048x2048":["https:\/\/magazineweb.com.ar\/wp-content\/uploads\/2024\/01\/659d2db286554_1200.jpg",1200,675,false],"ultp_layout_landscape_large":["https:\/\/magazineweb.com.ar\/wp-content\/uploads\/2024\/01\/659d2db286554_1200.jpg",1200,675,false],"ultp_layout_landscape":["https:\/\/magazineweb.com.ar\/wp-content\/uploads\/2024\/01\/659d2db286554_1200-870x570.jpg",870,570,true],"ultp_layout_portrait":["https:\/\/magazineweb.com.ar\/wp-content\/uploads\/2024\/01\/659d2db286554_1200-600x675.jpg",600,675,true],"ultp_layout_square":["https:\/\/magazineweb.com.ar\/wp-content\/uploads\/2024\/01\/659d2db286554_1200-600x600.jpg",600,600,true]},"rttpg_author":{"display_name":"Redacci\u00f3n Magazine Web","author_link":"https:\/\/magazineweb.com.ar\/?author=3"},"rttpg_comment":0,"rttpg_category":"<a href=\"https:\/\/magazineweb.com.ar\/?cat=9\" rel=\"category\">Informaci\u00f3n General<\/a>","rttpg_excerpt":"El Gobierno bonaerense puso en marcha esta semana un proceso de \u00abconsulta ciudadana\u00bb para debatir el aumento de las tarifas del transporte p\u00fablico interurbano de pasajeros en distritos que no&hellip;","_links":{"self":[{"href":"https:\/\/magazineweb.com.ar\/index.php?rest_route=\/wp\/v2\/posts\/4062","targetHints":{"allow":["GET"]}}],"collection":[{"href":"https:\/\/magazineweb.com.ar\/index.php?rest_route=\/wp\/v2\/posts"}],"about":[{"href":"https:\/\/magazineweb.com.ar\/index.php?rest_route=\/wp\/v2\/types\/post"}],"author":[{"embeddable":true,"href":"https:\/\/magazineweb.com.ar\/index.php?rest_route=\/wp\/v2\/users\/3"}],"replies":[{"embeddable":true,"href":"https:\/\/magazineweb.com.ar\/index.php?rest_route=%2Fwp%2Fv2%2Fcomments&post=4062"}],"version-history":[{"count":1,"href":"https:\/\/magazineweb.com.ar\/index.php?rest_route=\/wp\/v2\/posts\/4062\/revisions"}],"predecessor-version":[{"id":4064,"href":"https:\/\/magazineweb.com.ar\/index.php?rest_route=\/wp\/v2\/posts\/4062\/revisions\/4064"}],"wp:featuredmedia":[{"embeddable":true,"href":"https:\/\/magazineweb.com.ar\/index.php?rest_route=\/wp\/v2\/media\/4065"}],"wp:attachment":[{"href":"https:\/\/magazineweb.com.ar\/index.php?rest_route=%2Fwp%2Fv2%2Fmedia&parent=4062"}],"wp:term":[{"taxonomy":"category","embeddable":true,"href":"https:\/\/magazineweb.com.ar\/index.php?rest_route=%2Fwp%2Fv2%2Fcategories&post=4062"},{"taxonomy":"post_tag","embeddable":true,"href":"https:\/\/magazineweb.com.ar\/index.php?rest_route=%2Fwp%2Fv2%2Ftags&post=4062"}],"curies":[{"name":"wp","href":"https:\/\/api.w.org\/{rel}","templated":true}]}}