{"id":4080,"date":"2024-01-12T16:08:57","date_gmt":"2024-01-12T16:08:57","guid":{"rendered":"https:\/\/magazineweb.com.ar\/?p=4080"},"modified":"2024-01-12T16:08:58","modified_gmt":"2024-01-12T16:08:58","slug":"vuelve-el-cine-movil-a-la-plata-con-nuevas-funciones-y-propuestas-culturales","status":"publish","type":"post","link":"https:\/\/magazineweb.com.ar\/?p=4080","title":{"rendered":"Vuelve el cine m\u00f3vil a La Plata con nuevas funciones y propuestas culturales"},"content":{"rendered":"\n<p>El Cine M\u00f3vil, un evento al aire libre para que los vecinos puedan observar las obras cinematogr\u00e1ficas de los artistas de La Plata, retoma hoy sus actividades con una agenda cargada de propuestas para el verano.<\/p>\n\n\n\n<p>La Municipalidad de La Plata inform\u00f3 que durante los fines de semana de enero se presentar\u00e1n una gran variedad de cortos platenses y largometrajes argentinos en pantalla gigante y al aire libre.<\/p>\n\n\n\n<p>De viernes a domingos se llevar\u00e1 adelante en el play\u00f3n de Meridiano V un extenso cronograma que comenzar\u00e1 desde hoy a las 20.30 con la proyecci\u00f3n de \u00abHabitantes, y continuar\u00e1 con \u00abCambio Cambio\u00bb de Lautaro Garc\u00eda Candela.<\/p>\n\n\n\n<p>El domingo 14, en tanto, se proyectar\u00e1 a las 20.30 el corto \u00abCr\u00f3nicas de Susy Shock\u00bb de Sof\u00eda Blanco. Acto seguido, se presentar\u00e1 la pel\u00edcula \u00abLas buenas intenciones\u00bb de Ana Garc\u00eda Blaya.<\/p>\n\n\n\n<p>Las funciones ser\u00e1n los viernes en Meridiano V (17 y 71) y los domingos en el Centro Cultural Islas Malvinas (Avenida 19 y 51).<\/p>\n\n\n\n<p>En ambos espacios se recomienda llevar una reposera. <\/p>\n","protected":false},"excerpt":{"rendered":"<p>El Cine M\u00f3vil, un evento al aire libre para que los vecinos puedan observar las obras cinematogr\u00e1ficas de los artistas de La Plata, retoma hoy sus actividades con una agenda&hellip;<\/p>\n","protected":false},"author":3,"featured_media":4081,"comment_status":"closed","ping_status":"closed","sticky":false,"template":"","format":"standard","meta":{"footnotes":""},"categories":[7],"tags":[],"class_list":["post-4080","post","type-post","status-publish","format-standard","has-post-thumbnail","hentry","category-espectaculos"],"rttpg_featured_image_url":{"full":["https:\/\/magazineweb.com.ar\/wp-content\/uploads\/2024\/01\/cine-movil-la-plata-2jpg.webp",1400,1400,false],"landscape":["https:\/\/magazineweb.com.ar\/wp-content\/uploads\/2024\/01\/cine-movil-la-plata-2jpg.webp",1400,1400,false],"portraits":["https:\/\/magazineweb.com.ar\/wp-content\/uploads\/2024\/01\/cine-movil-la-plata-2jpg.webp",1400,1400,false],"thumbnail":["https:\/\/magazineweb.com.ar\/wp-content\/uploads\/2024\/01\/cine-movil-la-plata-2jpg-150x150.webp",150,150,true],"medium":["https:\/\/magazineweb.com.ar\/wp-content\/uploads\/2024\/01\/cine-movil-la-plata-2jpg-300x300.webp",300,300,true],"large":["https:\/\/magazineweb.com.ar\/wp-content\/uploads\/2024\/01\/cine-movil-la-plata-2jpg-1024x1024.webp",1024,1024,true],"1536x1536":["https:\/\/magazineweb.com.ar\/wp-content\/uploads\/2024\/01\/cine-movil-la-plata-2jpg.webp",1400,1400,false],"2048x2048":["https:\/\/magazineweb.com.ar\/wp-content\/uploads\/2024\/01\/cine-movil-la-plata-2jpg.webp",1400,1400,false],"ultp_layout_landscape_large":["https:\/\/magazineweb.com.ar\/wp-content\/uploads\/2024\/01\/cine-movil-la-plata-2jpg-1200x800.webp",1200,800,true],"ultp_layout_landscape":["https:\/\/magazineweb.com.ar\/wp-content\/uploads\/2024\/01\/cine-movil-la-plata-2jpg-870x570.webp",870,570,true],"ultp_layout_portrait":["https:\/\/magazineweb.com.ar\/wp-content\/uploads\/2024\/01\/cine-movil-la-plata-2jpg-600x900.webp",600,900,true],"ultp_layout_square":["https:\/\/magazineweb.com.ar\/wp-content\/uploads\/2024\/01\/cine-movil-la-plata-2jpg-600x600.webp",600,600,true]},"rttpg_author":{"display_name":"Redacci\u00f3n Magazine Web","author_link":"https:\/\/magazineweb.com.ar\/?author=3"},"rttpg_comment":0,"rttpg_category":"<a href=\"https:\/\/magazineweb.com.ar\/?cat=7\" rel=\"category\">Espect\u00e1culos<\/a>","rttpg_excerpt":"El Cine M\u00f3vil, un evento al aire libre para que los vecinos puedan observar las obras cinematogr\u00e1ficas de los artistas de La Plata, retoma hoy sus actividades con una agenda&hellip;","_links":{"self":[{"href":"https:\/\/magazineweb.com.ar\/index.php?rest_route=\/wp\/v2\/posts\/4080","targetHints":{"allow":["GET"]}}],"collection":[{"href":"https:\/\/magazineweb.com.ar\/index.php?rest_route=\/wp\/v2\/posts"}],"about":[{"href":"https:\/\/magazineweb.com.ar\/index.php?rest_route=\/wp\/v2\/types\/post"}],"author":[{"embeddable":true,"href":"https:\/\/magazineweb.com.ar\/index.php?rest_route=\/wp\/v2\/users\/3"}],"replies":[{"embeddable":true,"href":"https:\/\/magazineweb.com.ar\/index.php?rest_route=%2Fwp%2Fv2%2Fcomments&post=4080"}],"version-history":[{"count":1,"href":"https:\/\/magazineweb.com.ar\/index.php?rest_route=\/wp\/v2\/posts\/4080\/revisions"}],"predecessor-version":[{"id":4082,"href":"https:\/\/magazineweb.com.ar\/index.php?rest_route=\/wp\/v2\/posts\/4080\/revisions\/4082"}],"wp:featuredmedia":[{"embeddable":true,"href":"https:\/\/magazineweb.com.ar\/index.php?rest_route=\/wp\/v2\/media\/4081"}],"wp:attachment":[{"href":"https:\/\/magazineweb.com.ar\/index.php?rest_route=%2Fwp%2Fv2%2Fmedia&parent=4080"}],"wp:term":[{"taxonomy":"category","embeddable":true,"href":"https:\/\/magazineweb.com.ar\/index.php?rest_route=%2Fwp%2Fv2%2Fcategories&post=4080"},{"taxonomy":"post_tag","embeddable":true,"href":"https:\/\/magazineweb.com.ar\/index.php?rest_route=%2Fwp%2Fv2%2Ftags&post=4080"}],"curies":[{"name":"wp","href":"https:\/\/api.w.org\/{rel}","templated":true}]}}