{"id":4083,"date":"2024-01-12T16:46:02","date_gmt":"2024-01-12T16:46:02","guid":{"rendered":"https:\/\/magazineweb.com.ar\/?p=4083"},"modified":"2024-01-12T16:46:03","modified_gmt":"2024-01-12T16:46:03","slug":"messi-inicia-la-pretemporada-con-objetivos-en-inter-miami-y-la-seleccion-argentina","status":"publish","type":"post","link":"https:\/\/magazineweb.com.ar\/?p=4083","title":{"rendered":"Messi inicia la pretemporada con objetivos en Inter Miami y la Selecci\u00f3n Argentina"},"content":{"rendered":"\n<p>El astro argentino Lionel Messi iniciar\u00e1 este s\u00e1bado su preparaci\u00f3n con Inter Miami de cara a su primera temporada completa en la franquicia de la Major League Soccer (MLS) y con la defensa de la Copa Am\u00e9rica con el seleccionado argentino como objetivo principal en 2024.<\/p>\n\n\n\n<p>El capit\u00e1n del campe\u00f3n mundial en Qatar 2022 est\u00e1 citado para ma\u00f1ana a las 11:30 de Argentina en el Florida Blue Training Center para la primera pr\u00e1ctica con el plantel de Gerardo Martino, que este a\u00f1o tendr\u00e1 como desaf\u00edos la conquista de la MLS, la Concachampions y la Leagues Cup.<\/p>\n\n\n\n<p>Messi volvi\u00f3 a Miami el pasado 7 de enero luego de pasar las vacaciones y las fiestas de fin de a\u00f1o en su casa de Funes y el mismo d\u00eda se present\u00f3 en las instalaciones del club de la Florida para los ex\u00e1menes m\u00e9dicos.<\/p>\n\n\n\n<p>En el primer d\u00eda de pretemporada, Messi se reencontrar\u00e1 con su amigo y antiguo socio en Barcelona de Espa\u00f1a, el uruguayo Luis Su\u00e1rez, quien ser\u00e1 presentado oficialmente despu\u00e9s de la pr\u00e1ctica en conferencia de prensa.<\/p>\n\n\n\n<p>El goleador \u00abcharr\u00faa\u00bb se suma al grupo de los ex Barcelona que completan el lateral izquierdo Jordi Alba y el mediocampista Sergio Busquets. A sus 37 a\u00f1os, el \u00abPistolero\u00bb viene de ser una de las grandes figuras del Gremio de Porto Alegre, subcampe\u00f3n de la Serie A de Brasil, con 27 goles y 19 asistencias en 53 encuentros disputados el a\u00f1o pasado.<\/p>\n\n\n\n<p>En el plantel del \u00abTata\u00bb Martino tambi\u00e9n estar\u00e1n los juveniles Tom\u00e1s Avil\u00e9s y Facundo Far\u00edas, quien despu\u00e9s de entrenarse con el seleccionado Sub 23 finalmente qued\u00f3 afuera del torneo Preol\u00edmpico de Venezuela.<br>Inter Miami comenzar\u00e1 el a\u00f1o con una ajetreada agenda de seis partidos amistosos en cinco pa\u00edses, lo que demandar\u00e1 viajes por Estados Unidos, El Salvador, Arabia Saudita, Hong Kong y Jap\u00f3n.<\/p>\n\n\n\n<p>Despu\u00e9s de una semana de entrenamientos en Miami, \u00abLas Garzas\u00bb comenzar\u00e1n su recorrido por la ciudad de San Salvador en Centroam\u00e9rica para un amistoso con el seleccionado local, que se disputar\u00e1 el viernes 19 en el estadio Cuscatl\u00e1n.<\/p>\n\n\n\n<p>Tres d\u00edas m\u00e1s tarde, el plantel de Inter Miami regresar\u00e1 a Estados Unidos y se probar\u00e1 ante el FC Dallas en el Cotton Bowl Stadium, un imponente escenario con capacidad para 92.000 espectadores.<\/p>\n\n\n\n<p>Posteriormente, la franquicia de Miami iniciar\u00e1 una larga gira por Asia, cuya primera estaci\u00f3n ser\u00e1 en Arabia Saudita para enfrentar al Al Hilal de Neymar -ausente por lesi\u00f3n- el lunes 29 de enero y el 1 de febrero al Al-Nasrr de Cristiano Ronaldo.<\/p>\n\n\n\n<p>El astro argentino y el portugu\u00e9s reeditar\u00e1n los viejos cruces en el cl\u00e1sico del f\u00fatbol espa\u00f1ol, uno como futbolista de Barcelona y el otro con la camiseta de Real Madrid, en lo que probablemente sea el \u00faltimo choque entre ambos por la Riyadh Season Cup en el Kingdom Arena.<\/p>\n\n\n\n<p>Messi, de 36 a\u00f1os, y Cristiano Ronaldo, de 38, tienen un historial de 35 ocasiones enfrentamientos a lo largo de sus carreras, con un balance favorable para el argentino, que gan\u00f3 16 veces, perdi\u00f3 10 y empat\u00f3 9.<\/p>\n\n\n\n<p>Finalizada la estad\u00eda en Arabia Saudita, Inter Miami volar\u00e1 a Hong Kong para jugar el 4 de febrero contra un equipo integrado por las estrellas de la liga local y tres d\u00edas despu\u00e9s viajar\u00e1 a Jap\u00f3n, donde agend\u00f3 un amistoso con Vissel Kobe, que tendr\u00e1 como invitado al espa\u00f1ol Andr\u00e9s Iniesta, amigo y ex compa\u00f1ero de Leo en Barcelona.<\/p>\n\n\n\n<p>La pretemporada terminar\u00e1 en casa, el 15 de febrero, cuando Inter Miami enfrente a Newell&#8217;s Old Boys de Rosario en el DRV PNK Stadium, en un partido sin dudas especial para Messi y Martino.<\/p>\n\n\n\n<p>El 10 de la Selecci\u00f3n Argentina nunca jug\u00f3 contra el club de sus amores, mientras que el \u00abTata\u00bb lo enfrent\u00f3 como DT de Col\u00f3n de Santa Fe en 2005.<\/p>\n\n\n\n<p>Finalmente, el 21 de febrero comenzar\u00e1 la temporada oficial con el inicio de la MLS y \u00abLas Garzas\u00bb tendr\u00e1n a cargo el juego inaugural ante Real Salt Lake, de local.<\/p>\n\n\n\n<p>La organizaci\u00f3n de la liga estadounidense solo program\u00f3 ese partido separado del resto para que todos los abonados a la plataforma Apple TV se enfoquen en el debut de Messi y compa\u00f1\u00eda.<\/p>\n\n\n\n<p>El 7 de marzo ser\u00e1 el turno para la presentaci\u00f3n en la Liga de Campeones de la Concacaf y una semana despu\u00e9s Messi afrontar\u00e1 la primera fecha FIFA del a\u00f1o con el seleccionado argentino, que iniciar\u00e1 as\u00ed su preparaci\u00f3n para la Copa Am\u00e9rica 2024 en Estados Unidos, entre el 20 de junio y el 14 de julio. <\/p>\n","protected":false},"excerpt":{"rendered":"<p>El astro argentino Lionel Messi iniciar\u00e1 este s\u00e1bado su preparaci\u00f3n con Inter Miami de cara a su primera temporada completa en la franquicia de la Major League Soccer (MLS) y&hellip;<\/p>\n","protected":false},"author":3,"featured_media":4084,"comment_status":"closed","ping_status":"closed","sticky":false,"template":"","format":"standard","meta":{"footnotes":""},"categories":[3],"tags":[],"class_list":["post-4083","post","type-post","status-publish","format-standard","has-post-thumbnail","hentry","category-deportes"],"rttpg_featured_image_url":{"full":["https:\/\/magazineweb.com.ar\/wp-content\/uploads\/2024\/01\/Lionel-Messi.jpg",1200,675,false],"landscape":["https:\/\/magazineweb.com.ar\/wp-content\/uploads\/2024\/01\/Lionel-Messi.jpg",1200,675,false],"portraits":["https:\/\/magazineweb.com.ar\/wp-content\/uploads\/2024\/01\/Lionel-Messi.jpg",1200,675,false],"thumbnail":["https:\/\/magazineweb.com.ar\/wp-content\/uploads\/2024\/01\/Lionel-Messi-150x150.jpg",150,150,true],"medium":["https:\/\/magazineweb.com.ar\/wp-content\/uploads\/2024\/01\/Lionel-Messi-300x169.jpg",300,169,true],"large":["https:\/\/magazineweb.com.ar\/wp-content\/uploads\/2024\/01\/Lionel-Messi-1024x576.jpg",1024,576,true],"1536x1536":["https:\/\/magazineweb.com.ar\/wp-content\/uploads\/2024\/01\/Lionel-Messi.jpg",1200,675,false],"2048x2048":["https:\/\/magazineweb.com.ar\/wp-content\/uploads\/2024\/01\/Lionel-Messi.jpg",1200,675,false],"ultp_layout_landscape_large":["https:\/\/magazineweb.com.ar\/wp-content\/uploads\/2024\/01\/Lionel-Messi.jpg",1200,675,false],"ultp_layout_landscape":["https:\/\/magazineweb.com.ar\/wp-content\/uploads\/2024\/01\/Lionel-Messi-870x570.jpg",870,570,true],"ultp_layout_portrait":["https:\/\/magazineweb.com.ar\/wp-content\/uploads\/2024\/01\/Lionel-Messi-600x675.jpg",600,675,true],"ultp_layout_square":["https:\/\/magazineweb.com.ar\/wp-content\/uploads\/2024\/01\/Lionel-Messi-600x600.jpg",600,600,true]},"rttpg_author":{"display_name":"Redacci\u00f3n Magazine Web","author_link":"https:\/\/magazineweb.com.ar\/?author=3"},"rttpg_comment":0,"rttpg_category":"<a href=\"https:\/\/magazineweb.com.ar\/?cat=3\" rel=\"category\">Deportes<\/a>","rttpg_excerpt":"El astro argentino Lionel Messi iniciar\u00e1 este s\u00e1bado su preparaci\u00f3n con Inter Miami de cara a su primera temporada completa en la franquicia de la Major League Soccer (MLS) y&hellip;","_links":{"self":[{"href":"https:\/\/magazineweb.com.ar\/index.php?rest_route=\/wp\/v2\/posts\/4083","targetHints":{"allow":["GET"]}}],"collection":[{"href":"https:\/\/magazineweb.com.ar\/index.php?rest_route=\/wp\/v2\/posts"}],"about":[{"href":"https:\/\/magazineweb.com.ar\/index.php?rest_route=\/wp\/v2\/types\/post"}],"author":[{"embeddable":true,"href":"https:\/\/magazineweb.com.ar\/index.php?rest_route=\/wp\/v2\/users\/3"}],"replies":[{"embeddable":true,"href":"https:\/\/magazineweb.com.ar\/index.php?rest_route=%2Fwp%2Fv2%2Fcomments&post=4083"}],"version-history":[{"count":1,"href":"https:\/\/magazineweb.com.ar\/index.php?rest_route=\/wp\/v2\/posts\/4083\/revisions"}],"predecessor-version":[{"id":4085,"href":"https:\/\/magazineweb.com.ar\/index.php?rest_route=\/wp\/v2\/posts\/4083\/revisions\/4085"}],"wp:featuredmedia":[{"embeddable":true,"href":"https:\/\/magazineweb.com.ar\/index.php?rest_route=\/wp\/v2\/media\/4084"}],"wp:attachment":[{"href":"https:\/\/magazineweb.com.ar\/index.php?rest_route=%2Fwp%2Fv2%2Fmedia&parent=4083"}],"wp:term":[{"taxonomy":"category","embeddable":true,"href":"https:\/\/magazineweb.com.ar\/index.php?rest_route=%2Fwp%2Fv2%2Fcategories&post=4083"},{"taxonomy":"post_tag","embeddable":true,"href":"https:\/\/magazineweb.com.ar\/index.php?rest_route=%2Fwp%2Fv2%2Ftags&post=4083"}],"curies":[{"name":"wp","href":"https:\/\/api.w.org\/{rel}","templated":true}]}}