{"id":4086,"date":"2024-01-12T16:48:52","date_gmt":"2024-01-12T16:48:52","guid":{"rendered":"https:\/\/magazineweb.com.ar\/?p=4086"},"modified":"2024-01-12T16:48:52","modified_gmt":"2024-01-12T16:48:52","slug":"teatro-baile-talleres-y-titeres-en-el-verano-para-armar-en-bahia-blanca","status":"publish","type":"post","link":"https:\/\/magazineweb.com.ar\/?p=4086","title":{"rendered":"Teatro, baile, talleres y t\u00edteres en el \u00abVerano para armar\u00bb en Bah\u00eda Blanca"},"content":{"rendered":"\n<p>Teatro, baile, danzas, rock para ni\u00f1os y ni\u00f1as, tango, techno, cine al aire libre, murgas, t\u00edteres y magia, entre otros, formar\u00e1n parte de \u00abVerano para armar\u00bb, un programa de encuentros culturales libres y gratuitos en Bah\u00eda Blanca, en el sur bonaerense.<\/p>\n\n\n\n<p>El ciclo, que comenzar\u00e1 ma\u00f1ana y se extender\u00e1 durante todo el verano, se llevar\u00e1 a cabo en distintos puntos de la ciudad bajo la organizaci\u00f3n del Instituto Cultural que dependen del municipio de Bah\u00eda Blanca.<\/p>\n\n\n\n<p>\u00abNos parece muy importante generar este \u00e1mbito de encuentro cultural en distintos sectores y rincones de la ciudad\u00bb, dijo el intendente Federico Susbielles, quien indic\u00f3 que en su gesti\u00f3n est\u00e1n \u00abconvencidos de que Bah\u00eda Blanca tiene todo para ser una de las grandes capitales culturales de la Argentina\u00bb.<\/p>\n\n\n\n<p>En la presentaci\u00f3n del ciclo, el jefe comunal sostuvo que \u00abes una programaci\u00f3n que va a estar en distintos puntos y que recoge tambi\u00e9n a diversos sectores de la cultura expres\u00e1ndose y teniendo momentos de intercambio con la ciudadan\u00eda\u00bb.<\/p>\n\n\n\n<p>Por su parte, la titular del Instituto Cultural, Natalia Martiarena, expres\u00f3 que es \u00abprioridad\u00bb que las propuestas sean \u00abde calidad\u00bb, \u00abgratuitas\u00bb y \u00abp\u00fablicas\u00bb para que \u00abtodos los de la ciudad puedan participar de estos espect\u00e1culos\u00bb.<\/p>\n\n\n\n<p>\u00abEnero y febrero para nosotros fue tomar un mapa de la ciudad y distinguir que el enorme ecosistema cultural est\u00e9 presente en todos los espacios necesarios para poder generar en este verano no s\u00f3lo un verano para armar, sino una cultura que alegre, fomente y visibilice el enorme capital de artistas y de sectores\u00bb, puntualiz\u00f3.<\/p>\n\n\n\n<p>Seg\u00fan el cronograma previsto, ma\u00f1ana desde las 17.30 habr\u00e1 un taller Motor Colectivo, del programa Instituto Nacional del Teatro en el Vag\u00f3n la Poderosa, ubicado en Ugarte y Tierra del Fuego.<\/p>\n\n\n\n<p>El domingo desde las 18 se llevar\u00e1 a cabo un recital de Cadete Espacial y Kaiser Carabela en el Paseo de las Esculturas, entre 11 de Abril y Casanova. <\/p>\n","protected":false},"excerpt":{"rendered":"<p>Teatro, baile, danzas, rock para ni\u00f1os y ni\u00f1as, tango, techno, cine al aire libre, murgas, t\u00edteres y magia, entre otros, formar\u00e1n parte de \u00abVerano para armar\u00bb, un programa de encuentros&hellip;<\/p>\n","protected":false},"author":3,"featured_media":4087,"comment_status":"closed","ping_status":"closed","sticky":false,"template":"","format":"standard","meta":{"footnotes":""},"categories":[7],"tags":[],"class_list":["post-4086","post","type-post","status-publish","format-standard","has-post-thumbnail","hentry","category-espectaculos"],"rttpg_featured_image_url":{"full":["https:\/\/magazineweb.com.ar\/wp-content\/uploads\/2024\/01\/veranoparaarmar.jpg_895.jpg",895,523,false],"landscape":["https:\/\/magazineweb.com.ar\/wp-content\/uploads\/2024\/01\/veranoparaarmar.jpg_895.jpg",895,523,false],"portraits":["https:\/\/magazineweb.com.ar\/wp-content\/uploads\/2024\/01\/veranoparaarmar.jpg_895.jpg",895,523,false],"thumbnail":["https:\/\/magazineweb.com.ar\/wp-content\/uploads\/2024\/01\/veranoparaarmar.jpg_895-150x150.jpg",150,150,true],"medium":["https:\/\/magazineweb.com.ar\/wp-content\/uploads\/2024\/01\/veranoparaarmar.jpg_895-300x175.jpg",300,175,true],"large":["https:\/\/magazineweb.com.ar\/wp-content\/uploads\/2024\/01\/veranoparaarmar.jpg_895.jpg",895,523,false],"1536x1536":["https:\/\/magazineweb.com.ar\/wp-content\/uploads\/2024\/01\/veranoparaarmar.jpg_895.jpg",895,523,false],"2048x2048":["https:\/\/magazineweb.com.ar\/wp-content\/uploads\/2024\/01\/veranoparaarmar.jpg_895.jpg",895,523,false],"ultp_layout_landscape_large":["https:\/\/magazineweb.com.ar\/wp-content\/uploads\/2024\/01\/veranoparaarmar.jpg_895.jpg",895,523,false],"ultp_layout_landscape":["https:\/\/magazineweb.com.ar\/wp-content\/uploads\/2024\/01\/veranoparaarmar.jpg_895-870x523.jpg",870,523,true],"ultp_layout_portrait":["https:\/\/magazineweb.com.ar\/wp-content\/uploads\/2024\/01\/veranoparaarmar.jpg_895-600x523.jpg",600,523,true],"ultp_layout_square":["https:\/\/magazineweb.com.ar\/wp-content\/uploads\/2024\/01\/veranoparaarmar.jpg_895-600x523.jpg",600,523,true]},"rttpg_author":{"display_name":"Redacci\u00f3n Magazine Web","author_link":"https:\/\/magazineweb.com.ar\/?author=3"},"rttpg_comment":0,"rttpg_category":"<a href=\"https:\/\/magazineweb.com.ar\/?cat=7\" rel=\"category\">Espect\u00e1culos<\/a>","rttpg_excerpt":"Teatro, baile, danzas, rock para ni\u00f1os y ni\u00f1as, tango, techno, cine al aire libre, murgas, t\u00edteres y magia, entre otros, formar\u00e1n parte de \u00abVerano para armar\u00bb, un programa de encuentros&hellip;","_links":{"self":[{"href":"https:\/\/magazineweb.com.ar\/index.php?rest_route=\/wp\/v2\/posts\/4086","targetHints":{"allow":["GET"]}}],"collection":[{"href":"https:\/\/magazineweb.com.ar\/index.php?rest_route=\/wp\/v2\/posts"}],"about":[{"href":"https:\/\/magazineweb.com.ar\/index.php?rest_route=\/wp\/v2\/types\/post"}],"author":[{"embeddable":true,"href":"https:\/\/magazineweb.com.ar\/index.php?rest_route=\/wp\/v2\/users\/3"}],"replies":[{"embeddable":true,"href":"https:\/\/magazineweb.com.ar\/index.php?rest_route=%2Fwp%2Fv2%2Fcomments&post=4086"}],"version-history":[{"count":1,"href":"https:\/\/magazineweb.com.ar\/index.php?rest_route=\/wp\/v2\/posts\/4086\/revisions"}],"predecessor-version":[{"id":4088,"href":"https:\/\/magazineweb.com.ar\/index.php?rest_route=\/wp\/v2\/posts\/4086\/revisions\/4088"}],"wp:featuredmedia":[{"embeddable":true,"href":"https:\/\/magazineweb.com.ar\/index.php?rest_route=\/wp\/v2\/media\/4087"}],"wp:attachment":[{"href":"https:\/\/magazineweb.com.ar\/index.php?rest_route=%2Fwp%2Fv2%2Fmedia&parent=4086"}],"wp:term":[{"taxonomy":"category","embeddable":true,"href":"https:\/\/magazineweb.com.ar\/index.php?rest_route=%2Fwp%2Fv2%2Fcategories&post=4086"},{"taxonomy":"post_tag","embeddable":true,"href":"https:\/\/magazineweb.com.ar\/index.php?rest_route=%2Fwp%2Fv2%2Ftags&post=4086"}],"curies":[{"name":"wp","href":"https:\/\/api.w.org\/{rel}","templated":true}]}}