{"id":4095,"date":"2024-01-12T17:09:31","date_gmt":"2024-01-12T17:09:31","guid":{"rendered":"https:\/\/magazineweb.com.ar\/?p=4095"},"modified":"2024-01-12T17:09:33","modified_gmt":"2024-01-12T17:09:33","slug":"varela-andres-watson-superviso-tareas-de-pavimentacion-en-villa-angelica","status":"publish","type":"post","link":"https:\/\/magazineweb.com.ar\/?p=4095","title":{"rendered":"Varela: Andr\u00e9s Watson supervis\u00f3 tareas de pavimentaci\u00f3n en Villa Ang\u00e9lica"},"content":{"rendered":"\n<p>El titular en el Ejecutivo varelense -Andr\u00e9s Watson- monitore\u00f3 ayer las labores para optimizar la red vial del barrio ubicado en la regi\u00f3n Norte del partido, desplegadas en un \u00e1rea trascendental por conectar arterias vehiculares con un elevado caudal de tr\u00e1fico y secundarias e internas de la zona.<\/p>\n\n\n\n<p>\u201cEl objetivo de intervenciones con estas cualidades fue ampliar el entramado urbano e incrementar la fluidez\u201d, explic\u00f3 el Intendente tras verificar avances en las tareas. \u201cLas acciones realizadas en el lugar no s\u00f3lo agilizaron la circulaci\u00f3n del tr\u00e1nsito, sino que resolvieron los anegamientos al mejorar el escurrimiento del agua\u201d, indic\u00f3.<\/p>\n\n\n\n<p>El hormigonado de la calle Clorinda, a partir del cruce con Arrecifes hasta la intersecci\u00f3n con El Salto y desde \u00e9sta \u00faltima hacia su empalme con Diagonal Mart\u00edn Garc\u00eda, potenci\u00f3 tanto el ingreso como el egreso a un sector con diferentes instituciones pedag\u00f3gicas: el Jard\u00edn Municipal N\u00ba14, la Primaria N\u00ba40, el Instituto de Formaci\u00f3n Profesional N\u00ba401.<\/p>\n\n\n\n<p>Los trabajos de pavimentaci\u00f3n fueron financiados con recursos provenientes del Fondo Educativo. Registraron un 60% en su evoluci\u00f3n. Contemplaron la construcci\u00f3n de cordones, rampas para personas con discapacidad, sumideros y reductores de velocidad que completaron el formato de un circuito utilizado tambi\u00e9n por el transporte p\u00fablico.<\/p>\n\n\n\n<p>Una frentista residente en Villa Ang\u00e9lica durante cinco d\u00e9cadas -Graciela- narr\u00f3 a la m\u00e1xima autoridad distrital \u201cuna transformaci\u00f3n hist\u00f3rica\u201d. \u201cPrimero fue el entubamiento del arroyo Jim\u00e9nez. Ahora, lleg\u00f3 el asfalto. Quedaron atr\u00e1s los d\u00edas de inundaciones, de pisar barro. Otra realidad\u201d, afirm\u00f3.<\/p>\n\n\n\n<p>Su vecina -Mar\u00eda- coincidi\u00f3 al recordar que \u201clos chicos y las chicas faltaban a la escuela porque no pod\u00edamos cruzar cuando llov\u00eda\u201d. \u201cEl crecimiento fue indudable, mayor comodidad, m\u00e1s seguridad. Nos sentimos orgullosos de vivir ac\u00e1. El cambio fue espectacular\u201d, detall\u00f3.&nbsp; &nbsp;<\/p>\n\n\n\n<p>Acompa\u00f1\u00f3 al Alcalde en su itinerario el secretario de Obras, Servicios P\u00fablicos, Ambiente y Planificaci\u00f3n Urbana, Diego Trejo.<\/p>\n","protected":false},"excerpt":{"rendered":"<p>El titular en el Ejecutivo varelense -Andr\u00e9s Watson- monitore\u00f3 ayer las labores para optimizar la red vial del barrio ubicado en la regi\u00f3n Norte del partido, desplegadas en un \u00e1rea&hellip;<\/p>\n","protected":false},"author":3,"featured_media":4096,"comment_status":"closed","ping_status":"closed","sticky":false,"template":"","format":"standard","meta":{"footnotes":""},"categories":[9],"tags":[],"class_list":["post-4095","post","type-post","status-publish","format-standard","has-post-thumbnail","hentry","category-informacion-general"],"rttpg_featured_image_url":{"full":["https:\/\/magazineweb.com.ar\/wp-content\/uploads\/2024\/01\/watson-supervisa.jpg",1620,1080,false],"landscape":["https:\/\/magazineweb.com.ar\/wp-content\/uploads\/2024\/01\/watson-supervisa.jpg",1620,1080,false],"portraits":["https:\/\/magazineweb.com.ar\/wp-content\/uploads\/2024\/01\/watson-supervisa.jpg",1620,1080,false],"thumbnail":["https:\/\/magazineweb.com.ar\/wp-content\/uploads\/2024\/01\/watson-supervisa-150x150.jpg",150,150,true],"medium":["https:\/\/magazineweb.com.ar\/wp-content\/uploads\/2024\/01\/watson-supervisa-300x200.jpg",300,200,true],"large":["https:\/\/magazineweb.com.ar\/wp-content\/uploads\/2024\/01\/watson-supervisa-1024x683.jpg",1024,683,true],"1536x1536":["https:\/\/magazineweb.com.ar\/wp-content\/uploads\/2024\/01\/watson-supervisa-1536x1024.jpg",1536,1024,true],"2048x2048":["https:\/\/magazineweb.com.ar\/wp-content\/uploads\/2024\/01\/watson-supervisa.jpg",1620,1080,false],"ultp_layout_landscape_large":["https:\/\/magazineweb.com.ar\/wp-content\/uploads\/2024\/01\/watson-supervisa-1200x800.jpg",1200,800,true],"ultp_layout_landscape":["https:\/\/magazineweb.com.ar\/wp-content\/uploads\/2024\/01\/watson-supervisa-870x570.jpg",870,570,true],"ultp_layout_portrait":["https:\/\/magazineweb.com.ar\/wp-content\/uploads\/2024\/01\/watson-supervisa-600x900.jpg",600,900,true],"ultp_layout_square":["https:\/\/magazineweb.com.ar\/wp-content\/uploads\/2024\/01\/watson-supervisa-600x600.jpg",600,600,true]},"rttpg_author":{"display_name":"Redacci\u00f3n Magazine Web","author_link":"https:\/\/magazineweb.com.ar\/?author=3"},"rttpg_comment":0,"rttpg_category":"<a href=\"https:\/\/magazineweb.com.ar\/?cat=9\" rel=\"category\">Informaci\u00f3n General<\/a>","rttpg_excerpt":"El titular en el Ejecutivo varelense -Andr\u00e9s Watson- monitore\u00f3 ayer las labores para optimizar la red vial del barrio ubicado en la regi\u00f3n Norte del partido, desplegadas en un \u00e1rea&hellip;","_links":{"self":[{"href":"https:\/\/magazineweb.com.ar\/index.php?rest_route=\/wp\/v2\/posts\/4095","targetHints":{"allow":["GET"]}}],"collection":[{"href":"https:\/\/magazineweb.com.ar\/index.php?rest_route=\/wp\/v2\/posts"}],"about":[{"href":"https:\/\/magazineweb.com.ar\/index.php?rest_route=\/wp\/v2\/types\/post"}],"author":[{"embeddable":true,"href":"https:\/\/magazineweb.com.ar\/index.php?rest_route=\/wp\/v2\/users\/3"}],"replies":[{"embeddable":true,"href":"https:\/\/magazineweb.com.ar\/index.php?rest_route=%2Fwp%2Fv2%2Fcomments&post=4095"}],"version-history":[{"count":1,"href":"https:\/\/magazineweb.com.ar\/index.php?rest_route=\/wp\/v2\/posts\/4095\/revisions"}],"predecessor-version":[{"id":4097,"href":"https:\/\/magazineweb.com.ar\/index.php?rest_route=\/wp\/v2\/posts\/4095\/revisions\/4097"}],"wp:featuredmedia":[{"embeddable":true,"href":"https:\/\/magazineweb.com.ar\/index.php?rest_route=\/wp\/v2\/media\/4096"}],"wp:attachment":[{"href":"https:\/\/magazineweb.com.ar\/index.php?rest_route=%2Fwp%2Fv2%2Fmedia&parent=4095"}],"wp:term":[{"taxonomy":"category","embeddable":true,"href":"https:\/\/magazineweb.com.ar\/index.php?rest_route=%2Fwp%2Fv2%2Fcategories&post=4095"},{"taxonomy":"post_tag","embeddable":true,"href":"https:\/\/magazineweb.com.ar\/index.php?rest_route=%2Fwp%2Fv2%2Ftags&post=4095"}],"curies":[{"name":"wp","href":"https:\/\/api.w.org\/{rel}","templated":true}]}}