{"id":4126,"date":"2024-01-12T21:36:00","date_gmt":"2024-01-12T21:36:00","guid":{"rendered":"https:\/\/magazineweb.com.ar\/?p=4126"},"modified":"2024-01-12T22:03:43","modified_gmt":"2024-01-12T22:03:43","slug":"katopodis-en-tiempos-donde-se-discute-que-pasa-con-la-obra-publica-nosotros-la-ponemos-en-marcha","status":"publish","type":"post","link":"https:\/\/magazineweb.com.ar\/?p=4126","title":{"rendered":"Katopodis: \u00abEn tiempos donde se discute qu\u00e9 pasa con la obra p\u00fablica, nosotros la ponemos en marcha\u00bb"},"content":{"rendered":"\n<p>El ministro de Infraestructura y Servicios P\u00fablicos bonaerense Gabriel Katopodis afirm\u00f3 hoy que \u00aben un tiempo donde se discute qu\u00e9 pasa con la obra p\u00fablica\u00bb la administraci\u00f3n bonaerense \u00abpone en marcha obras p\u00fablicas de la provincia de Buenos Aires\u00bb, y destac\u00f3 que la infraestructura significa \u00abuna pol\u00edtica integral que todos los d\u00edas apuesta a un mejor Estado\u00bb.<\/p>\n\n\n\n<p>Durante una recorrida por Chascom\u00fas junto al intendente Javier Gast\u00f3n, Katopodis valoriz\u00f3 la pol\u00edtica bonaerense en materia de obra p\u00fablica.<\/p>\n\n\n\n<p>\u00abEn Chascom\u00fas, recorrimos la Casa de la Provincia que es una de las m\u00e1s de 80 que estamos construyendo para estar cerca de los bonaerenses y organizar mejor la calidad de los servicios\u00bb, se\u00f1al\u00f3 el funcionario bonaerense y agreg\u00f3 que \u00abesta infraestructura significa una pol\u00edtica integral de la provincia de Buenos Aires que todos los d\u00edas apuesta a un mejor Estado\u00bb.<\/p>\n\n\n\n<p>Seg\u00fan se inform\u00f3 en un comunicado, luego la comitiva recorri\u00f3 las obras que se efect\u00faan en la Defensa Costera que consiste en la reparaci\u00f3n de 380 metros de murall\u00f3n que se extiende al sur desde el restaurante del Club N\u00e1utico hasta el espig\u00f3n de pesca.<\/p>\n\n\n\n<p>Esta etapa consiste en la recuperaci\u00f3n de las murallas y las escalinatas del sector situado frente al Parque de los Libres del Sur, a fin de evitar futuros derrumbes.<\/p>\n\n\n\n<p>\u00abEn un tiempo donde se discute qu\u00e9 pasa con la obra p\u00fablica, nosotros las recorremos, nos sentamos con las empresas, hablamos con todos los intendentes sin distinci\u00f3n pol\u00edtica y ponemos en marcha obras p\u00fablicas de la provincia de Buenos Aires\u00bb, destac\u00f3 Katopodis.<\/p>\n\n\n\n<p>La visita al municipio concluy\u00f3 con una recorrida a la ampliaci\u00f3n de la Planta Depuradora de l\u00edquidos cloacales que beneficiar\u00e1 a m\u00e1s de 47.000 habitantes.<\/p>\n\n\n\n<p>Seg\u00fan se detall\u00f3, la obra se dividi\u00f3 en dos etapas, comenzando por la ejecuci\u00f3n de un nuevo m\u00f3dulo con capacidad para brindar un servicio \u00f3ptimo para el crecimiento de la poblaci\u00f3n por los pr\u00f3ximos 20 a\u00f1os.<\/p>\n\n\n\n<p>Adem\u00e1s, se realizar\u00e1n trabajos de desafectaci\u00f3n, limpieza, desarme, demolici\u00f3n, corte y retiro de las unidades de tratamiento existentes.<\/p>\n\n\n\n<p>La segunda etapa comprende la remodelaci\u00f3n y reacondicionamiento de las unidades de tratamiento del m\u00f3dulo de la planta depuradora m\u00e1s reciente.<\/p>\n\n\n\n<p>De la recorrida tambi\u00e9n participaron el subsecretario de Obras P\u00fablicas, Carlos Rodr\u00edguez, y el subsecretario de Recursos H\u00eddricos, N\u00e9stor \u00c1lvarez.<\/p>\n","protected":false},"excerpt":{"rendered":"<p>El ministro de Infraestructura y Servicios P\u00fablicos bonaerense Gabriel Katopodis afirm\u00f3 hoy que \u00aben un tiempo donde se discute qu\u00e9 pasa con la obra p\u00fablica\u00bb la administraci\u00f3n bonaerense \u00abpone en&hellip;<\/p>\n","protected":false},"author":3,"featured_media":4127,"comment_status":"closed","ping_status":"closed","sticky":false,"template":"","format":"standard","meta":{"footnotes":""},"categories":[14],"tags":[],"class_list":["post-4126","post","type-post","status-publish","format-standard","has-post-thumbnail","hentry","category-provincial"],"rttpg_featured_image_url":{"full":["https:\/\/magazineweb.com.ar\/wp-content\/uploads\/2024\/01\/65248ed50beef_1200.jpg",1200,675,false],"landscape":["https:\/\/magazineweb.com.ar\/wp-content\/uploads\/2024\/01\/65248ed50beef_1200.jpg",1200,675,false],"portraits":["https:\/\/magazineweb.com.ar\/wp-content\/uploads\/2024\/01\/65248ed50beef_1200.jpg",1200,675,false],"thumbnail":["https:\/\/magazineweb.com.ar\/wp-content\/uploads\/2024\/01\/65248ed50beef_1200-150x150.jpg",150,150,true],"medium":["https:\/\/magazineweb.com.ar\/wp-content\/uploads\/2024\/01\/65248ed50beef_1200-300x169.jpg",300,169,true],"large":["https:\/\/magazineweb.com.ar\/wp-content\/uploads\/2024\/01\/65248ed50beef_1200-1024x576.jpg",1024,576,true],"1536x1536":["https:\/\/magazineweb.com.ar\/wp-content\/uploads\/2024\/01\/65248ed50beef_1200.jpg",1200,675,false],"2048x2048":["https:\/\/magazineweb.com.ar\/wp-content\/uploads\/2024\/01\/65248ed50beef_1200.jpg",1200,675,false],"ultp_layout_landscape_large":["https:\/\/magazineweb.com.ar\/wp-content\/uploads\/2024\/01\/65248ed50beef_1200.jpg",1200,675,false],"ultp_layout_landscape":["https:\/\/magazineweb.com.ar\/wp-content\/uploads\/2024\/01\/65248ed50beef_1200-870x570.jpg",870,570,true],"ultp_layout_portrait":["https:\/\/magazineweb.com.ar\/wp-content\/uploads\/2024\/01\/65248ed50beef_1200-600x675.jpg",600,675,true],"ultp_layout_square":["https:\/\/magazineweb.com.ar\/wp-content\/uploads\/2024\/01\/65248ed50beef_1200-600x600.jpg",600,600,true]},"rttpg_author":{"display_name":"Redacci\u00f3n Magazine Web","author_link":"https:\/\/magazineweb.com.ar\/?author=3"},"rttpg_comment":0,"rttpg_category":"<a href=\"https:\/\/magazineweb.com.ar\/?cat=14\" rel=\"category\">Provincial<\/a>","rttpg_excerpt":"El ministro de Infraestructura y Servicios P\u00fablicos bonaerense Gabriel Katopodis afirm\u00f3 hoy que \u00aben un tiempo donde se discute qu\u00e9 pasa con la obra p\u00fablica\u00bb la administraci\u00f3n bonaerense \u00abpone en&hellip;","_links":{"self":[{"href":"https:\/\/magazineweb.com.ar\/index.php?rest_route=\/wp\/v2\/posts\/4126","targetHints":{"allow":["GET"]}}],"collection":[{"href":"https:\/\/magazineweb.com.ar\/index.php?rest_route=\/wp\/v2\/posts"}],"about":[{"href":"https:\/\/magazineweb.com.ar\/index.php?rest_route=\/wp\/v2\/types\/post"}],"author":[{"embeddable":true,"href":"https:\/\/magazineweb.com.ar\/index.php?rest_route=\/wp\/v2\/users\/3"}],"replies":[{"embeddable":true,"href":"https:\/\/magazineweb.com.ar\/index.php?rest_route=%2Fwp%2Fv2%2Fcomments&post=4126"}],"version-history":[{"count":1,"href":"https:\/\/magazineweb.com.ar\/index.php?rest_route=\/wp\/v2\/posts\/4126\/revisions"}],"predecessor-version":[{"id":4128,"href":"https:\/\/magazineweb.com.ar\/index.php?rest_route=\/wp\/v2\/posts\/4126\/revisions\/4128"}],"wp:featuredmedia":[{"embeddable":true,"href":"https:\/\/magazineweb.com.ar\/index.php?rest_route=\/wp\/v2\/media\/4127"}],"wp:attachment":[{"href":"https:\/\/magazineweb.com.ar\/index.php?rest_route=%2Fwp%2Fv2%2Fmedia&parent=4126"}],"wp:term":[{"taxonomy":"category","embeddable":true,"href":"https:\/\/magazineweb.com.ar\/index.php?rest_route=%2Fwp%2Fv2%2Fcategories&post=4126"},{"taxonomy":"post_tag","embeddable":true,"href":"https:\/\/magazineweb.com.ar\/index.php?rest_route=%2Fwp%2Fv2%2Ftags&post=4126"}],"curies":[{"name":"wp","href":"https:\/\/api.w.org\/{rel}","templated":true}]}}