{"id":4138,"date":"2024-01-15T02:02:41","date_gmt":"2024-01-15T05:02:41","guid":{"rendered":"https:\/\/magazineweb.com.ar\/?p=4138"},"modified":"2024-01-15T02:02:41","modified_gmt":"2024-01-15T05:02:41","slug":"abierta-la-convocatoria-para-integrar-el-ballet-esteko-varelense","status":"publish","type":"post","link":"https:\/\/magazineweb.com.ar\/?p=4138","title":{"rendered":"Abierta la convocatoria para integrar el \u00abBallet Esteko\u00bb varelense"},"content":{"rendered":"\n<p>La Comuna de Florencio Varela invita a vecinos y vecinas a las clases gratuitas que dictan integrantes del grupo de danzas folkl\u00f3ricas local en la dependencia municipal ubicada en calle Remedios de Escalada N\u00ba1660.<\/p>\n\n\n\n<p>En cuanto a los requisitos, el profesor al frente del conjunto -Gast\u00f3n Coronel- aclara: \u201cBuscamos bailarines y bailarinas de 12 a 25 a\u00f1os con experiencia en el g\u00e9nero. Durante el taller, adquirir\u00e1n mayor conocimiento al preparar las coreograf\u00edas\u201d. \u201cActualmente, el ensamble lo componen 25 personas\u201d, precisa.<\/p>\n\n\n\n<p>Con m\u00e1s de 17 a\u00f1os de trayectoria, el ballet cosecha reconocimientos a lo largo y ancho del pa\u00eds por su participaci\u00f3n en festivales como Cosqu\u00edn, Jes\u00fas Mar\u00eda, Villa Mar\u00eda (C\u00f3rdoba), la Fiesta de la Chaya (La Rioja), el Festival Nacional de La Salamanca (Santiago del Estero), el D\u00eda de la Bandera de Rosario (Santa Fe), Olavarr\u00eda, Mar del Plata, Ezeiza y CABA.<\/p>\n\n\n\n<p>Interesados e interesadas deben acercarse los viernes de 18 a 20 hs. al mencionado establecimiento en el barrio Presidente Sarmiento.<\/p>\n","protected":false},"excerpt":{"rendered":"<p>La Comuna de Florencio Varela invita a vecinos y vecinas a las clases gratuitas que dictan integrantes del grupo de danzas folkl\u00f3ricas local en la dependencia municipal ubicada en calle&hellip;<\/p>\n","protected":false},"author":3,"featured_media":4139,"comment_status":"closed","ping_status":"closed","sticky":false,"template":"","format":"standard","meta":{"footnotes":""},"categories":[7],"tags":[],"class_list":["post-4138","post","type-post","status-publish","format-standard","has-post-thumbnail","hentry","category-espectaculos"],"rttpg_featured_image_url":{"full":["https:\/\/magazineweb.com.ar\/wp-content\/uploads\/2024\/01\/esteko.jpeg",1280,853,false],"landscape":["https:\/\/magazineweb.com.ar\/wp-content\/uploads\/2024\/01\/esteko.jpeg",1280,853,false],"portraits":["https:\/\/magazineweb.com.ar\/wp-content\/uploads\/2024\/01\/esteko.jpeg",1280,853,false],"thumbnail":["https:\/\/magazineweb.com.ar\/wp-content\/uploads\/2024\/01\/esteko-150x150.jpeg",150,150,true],"medium":["https:\/\/magazineweb.com.ar\/wp-content\/uploads\/2024\/01\/esteko-300x200.jpeg",300,200,true],"large":["https:\/\/magazineweb.com.ar\/wp-content\/uploads\/2024\/01\/esteko-1024x682.jpeg",1024,682,true],"1536x1536":["https:\/\/magazineweb.com.ar\/wp-content\/uploads\/2024\/01\/esteko.jpeg",1280,853,false],"2048x2048":["https:\/\/magazineweb.com.ar\/wp-content\/uploads\/2024\/01\/esteko.jpeg",1280,853,false],"ultp_layout_landscape_large":["https:\/\/magazineweb.com.ar\/wp-content\/uploads\/2024\/01\/esteko-1200x800.jpeg",1200,800,true],"ultp_layout_landscape":["https:\/\/magazineweb.com.ar\/wp-content\/uploads\/2024\/01\/esteko-870x570.jpeg",870,570,true],"ultp_layout_portrait":["https:\/\/magazineweb.com.ar\/wp-content\/uploads\/2024\/01\/esteko-600x853.jpeg",600,853,true],"ultp_layout_square":["https:\/\/magazineweb.com.ar\/wp-content\/uploads\/2024\/01\/esteko-600x600.jpeg",600,600,true]},"rttpg_author":{"display_name":"Redacci\u00f3n Magazine Web","author_link":"https:\/\/magazineweb.com.ar\/?author=3"},"rttpg_comment":0,"rttpg_category":"<a href=\"https:\/\/magazineweb.com.ar\/?cat=7\" rel=\"category\">Espect\u00e1culos<\/a>","rttpg_excerpt":"La Comuna de Florencio Varela invita a vecinos y vecinas a las clases gratuitas que dictan integrantes del grupo de danzas folkl\u00f3ricas local en la dependencia municipal ubicada en calle&hellip;","_links":{"self":[{"href":"https:\/\/magazineweb.com.ar\/index.php?rest_route=\/wp\/v2\/posts\/4138","targetHints":{"allow":["GET"]}}],"collection":[{"href":"https:\/\/magazineweb.com.ar\/index.php?rest_route=\/wp\/v2\/posts"}],"about":[{"href":"https:\/\/magazineweb.com.ar\/index.php?rest_route=\/wp\/v2\/types\/post"}],"author":[{"embeddable":true,"href":"https:\/\/magazineweb.com.ar\/index.php?rest_route=\/wp\/v2\/users\/3"}],"replies":[{"embeddable":true,"href":"https:\/\/magazineweb.com.ar\/index.php?rest_route=%2Fwp%2Fv2%2Fcomments&post=4138"}],"version-history":[{"count":1,"href":"https:\/\/magazineweb.com.ar\/index.php?rest_route=\/wp\/v2\/posts\/4138\/revisions"}],"predecessor-version":[{"id":4140,"href":"https:\/\/magazineweb.com.ar\/index.php?rest_route=\/wp\/v2\/posts\/4138\/revisions\/4140"}],"wp:featuredmedia":[{"embeddable":true,"href":"https:\/\/magazineweb.com.ar\/index.php?rest_route=\/wp\/v2\/media\/4139"}],"wp:attachment":[{"href":"https:\/\/magazineweb.com.ar\/index.php?rest_route=%2Fwp%2Fv2%2Fmedia&parent=4138"}],"wp:term":[{"taxonomy":"category","embeddable":true,"href":"https:\/\/magazineweb.com.ar\/index.php?rest_route=%2Fwp%2Fv2%2Fcategories&post=4138"},{"taxonomy":"post_tag","embeddable":true,"href":"https:\/\/magazineweb.com.ar\/index.php?rest_route=%2Fwp%2Fv2%2Ftags&post=4138"}],"curies":[{"name":"wp","href":"https:\/\/api.w.org\/{rel}","templated":true}]}}