{"id":4177,"date":"2024-01-16T01:09:00","date_gmt":"2024-01-16T04:09:00","guid":{"rendered":"https:\/\/magazineweb.com.ar\/?p=4177"},"modified":"2024-01-15T12:31:12","modified_gmt":"2024-01-15T15:31:12","slug":"girard-alerto-que-desarrolladores-de-countries-trasladan-impuestos-por-no-regularizar-propiedades","status":"publish","type":"post","link":"https:\/\/magazineweb.com.ar\/?p=4177","title":{"rendered":"Girard alert\u00f3 que desarrolladores de countries trasladan impuestos por no regularizar propiedades"},"content":{"rendered":"\n<p>El director ejecutivo de la Agencia de Recaudaci\u00f3n de la provincia de Buenos Aires (ARBA), Cristian Girard, consider\u00f3 que algunos desarrolladores de countries y barrios cerrados \u00abno asumen que el pago de impuestos es su ecuaci\u00f3n de negocios y los trasladan a los compradores a trav\u00e9s de las expensas\u00bb y aclar\u00f3 que el organismo impulsa desde 2022 medidas tendientes a regularizar la situaci\u00f3n de esas viviendas.<\/p>\n\n\n\n<p>Pese a que ARBA a\u00fan no emiti\u00f3 las boletas del Impuesto Inmobiliario, un grupo de vecinos se quej\u00f3 por el monto de los tributos que les cobran en las expensas los desarrolladores inmobiliarios, que argumentan que esa suba se debe a los incrementos impositivos dispuestos por la provincia.<\/p>\n\n\n\n<p>Concretamente, se trata casas ubicadas en barrios que a\u00fan no cuentan con subdivisi\u00f3n, por lo que de acuerdo con los desarrolladores, deber\u00e1n afrontar cuotas del Inmobiliario por $ 90 mil, cuando en otros emprendimientos que ya est\u00e1n escriturados el monto desciende a $ 5 mil.<\/p>\n\n\n\n<p>\u00abAl no estar terminada la subdivisi\u00f3n de los terrenos, no sabemos qu\u00e9 les est\u00e1n cobrando los desarrolladores\u00bb, indicaron en ARBA.<\/p>\n\n\n\n<p>En ese sentido, Girard puso de relieve que durante la actual gesti\u00f3n crecieron los tr\u00e1mites de escrituraci\u00f3n dado que en 2022 se modific\u00f3 la normativa, por lo que se permiti\u00f3 subdividir con deuda impositiva.<\/p>\n\n\n\n<p>En un hilo publicado en la red social X, el funcionario respondi\u00f3 al planteo de un grupo de propietarios de viviendas ubicadas en countries de Pilar sobre \u00ababusos\u00bb por parte de la Agencia en el cobro de impuestos que ellos pagan dentro de las expensas y afirm\u00f3 que \u00abdesde ARBA instrumentamos una serie de medidas para agilizar los tr\u00e1mites vinculados a la responsabilidad tributaria de la vivienda y a facilitar el acceso las escrituras\u00bb.<\/p>\n\n\n\n<p>En ese sentido, sostuvo: \u00abHabilitamos la subdivisi\u00f3n de parcelas con deudas preexistentes del Inmobiliario B\u00e1sico, permitimos que escribanos tramiten la actualizaci\u00f3n de la responsabilidad tributaria y reglamentamos la desvinculaci\u00f3n retroactiva con la sola presentaci\u00f3n del boleto de compraventa\u00bb.<\/p>\n\n\n\n<p>\u00abAs\u00ed, atendimos la necesidad de miles de habitantes de nuevos desarrollos inmobiliarios, barrios cerrados, countries y clubes de campos que fueron perjudicados por la adquisici\u00f3n de su vivienda con figuras legales que luego les generaron diversos inconvenientes\u00bb, destac\u00f3.<\/p>\n\n\n\n<p>La Agencia aclar\u00f3 que el problema en muchos casos radica en que el desarrollador del emprendimiento no inicia el tr\u00e1mite para poder escriturar y les cobra a los propietarios el Inmobiliario en las expensas.<\/p>\n\n\n\n<p>Girard sostuvo que \u00ablos tr\u00e1mites de escrituraci\u00f3n en desarrollos urbanos crecieron un 16% y los tr\u00e1mites de subdivisi\u00f3n de parcelas un 13%\u00bb y cont\u00f3 que \u00ablos tr\u00e1mites de desvinculaci\u00f3n y vinculaci\u00f3n tributaria crecieron un 1.000% en promedio\u00bb al considerar que se trata de \u00abun avance in\u00e9dito en pos de solucionar problemas estructurales de a\u00f1os, que muchas veces se ven agravados por incumplimientos de algunos desarrolladores, que no asumen el pago de impuestos es su ecuaci\u00f3n de negocios y los trasladan a los compradores a trav\u00e9s de las expensas\u00bb.<\/p>\n","protected":false},"excerpt":{"rendered":"<p>El director ejecutivo de la Agencia de Recaudaci\u00f3n de la provincia de Buenos Aires (ARBA), Cristian Girard, consider\u00f3 que algunos desarrolladores de countries y barrios cerrados \u00abno asumen que el&hellip;<\/p>\n","protected":false},"author":3,"featured_media":4178,"comment_status":"closed","ping_status":"closed","sticky":false,"template":"","format":"standard","meta":{"footnotes":""},"categories":[14],"tags":[],"class_list":["post-4177","post","type-post","status-publish","format-standard","has-post-thumbnail","hentry","category-provincial"],"rttpg_featured_image_url":{"full":["https:\/\/magazineweb.com.ar\/wp-content\/uploads\/2024\/01\/Girard_Cristian_Moratoria-scaled-1.webp",2560,1711,false],"landscape":["https:\/\/magazineweb.com.ar\/wp-content\/uploads\/2024\/01\/Girard_Cristian_Moratoria-scaled-1.webp",2560,1711,false],"portraits":["https:\/\/magazineweb.com.ar\/wp-content\/uploads\/2024\/01\/Girard_Cristian_Moratoria-scaled-1.webp",2560,1711,false],"thumbnail":["https:\/\/magazineweb.com.ar\/wp-content\/uploads\/2024\/01\/Girard_Cristian_Moratoria-scaled-1-150x150.webp",150,150,true],"medium":["https:\/\/magazineweb.com.ar\/wp-content\/uploads\/2024\/01\/Girard_Cristian_Moratoria-scaled-1-300x201.webp",300,201,true],"large":["https:\/\/magazineweb.com.ar\/wp-content\/uploads\/2024\/01\/Girard_Cristian_Moratoria-scaled-1-1024x684.webp",1024,684,true],"1536x1536":["https:\/\/magazineweb.com.ar\/wp-content\/uploads\/2024\/01\/Girard_Cristian_Moratoria-scaled-1-1536x1027.webp",1536,1027,true],"2048x2048":["https:\/\/magazineweb.com.ar\/wp-content\/uploads\/2024\/01\/Girard_Cristian_Moratoria-scaled-1-2048x1369.webp",2048,1369,true],"ultp_layout_landscape_large":["https:\/\/magazineweb.com.ar\/wp-content\/uploads\/2024\/01\/Girard_Cristian_Moratoria-scaled-1-1200x800.webp",1200,800,true],"ultp_layout_landscape":["https:\/\/magazineweb.com.ar\/wp-content\/uploads\/2024\/01\/Girard_Cristian_Moratoria-scaled-1-870x570.webp",870,570,true],"ultp_layout_portrait":["https:\/\/magazineweb.com.ar\/wp-content\/uploads\/2024\/01\/Girard_Cristian_Moratoria-scaled-1-600x900.webp",600,900,true],"ultp_layout_square":["https:\/\/magazineweb.com.ar\/wp-content\/uploads\/2024\/01\/Girard_Cristian_Moratoria-scaled-1-600x600.webp",600,600,true]},"rttpg_author":{"display_name":"Redacci\u00f3n Magazine Web","author_link":"https:\/\/magazineweb.com.ar\/?author=3"},"rttpg_comment":0,"rttpg_category":"<a href=\"https:\/\/magazineweb.com.ar\/?cat=14\" rel=\"category\">Provincial<\/a>","rttpg_excerpt":"El director ejecutivo de la Agencia de Recaudaci\u00f3n de la provincia de Buenos Aires (ARBA), Cristian Girard, consider\u00f3 que algunos desarrolladores de countries y barrios cerrados \u00abno asumen que el&hellip;","_links":{"self":[{"href":"https:\/\/magazineweb.com.ar\/index.php?rest_route=\/wp\/v2\/posts\/4177","targetHints":{"allow":["GET"]}}],"collection":[{"href":"https:\/\/magazineweb.com.ar\/index.php?rest_route=\/wp\/v2\/posts"}],"about":[{"href":"https:\/\/magazineweb.com.ar\/index.php?rest_route=\/wp\/v2\/types\/post"}],"author":[{"embeddable":true,"href":"https:\/\/magazineweb.com.ar\/index.php?rest_route=\/wp\/v2\/users\/3"}],"replies":[{"embeddable":true,"href":"https:\/\/magazineweb.com.ar\/index.php?rest_route=%2Fwp%2Fv2%2Fcomments&post=4177"}],"version-history":[{"count":1,"href":"https:\/\/magazineweb.com.ar\/index.php?rest_route=\/wp\/v2\/posts\/4177\/revisions"}],"predecessor-version":[{"id":4179,"href":"https:\/\/magazineweb.com.ar\/index.php?rest_route=\/wp\/v2\/posts\/4177\/revisions\/4179"}],"wp:featuredmedia":[{"embeddable":true,"href":"https:\/\/magazineweb.com.ar\/index.php?rest_route=\/wp\/v2\/media\/4178"}],"wp:attachment":[{"href":"https:\/\/magazineweb.com.ar\/index.php?rest_route=%2Fwp%2Fv2%2Fmedia&parent=4177"}],"wp:term":[{"taxonomy":"category","embeddable":true,"href":"https:\/\/magazineweb.com.ar\/index.php?rest_route=%2Fwp%2Fv2%2Fcategories&post=4177"},{"taxonomy":"post_tag","embeddable":true,"href":"https:\/\/magazineweb.com.ar\/index.php?rest_route=%2Fwp%2Fv2%2Ftags&post=4177"}],"curies":[{"name":"wp","href":"https:\/\/api.w.org\/{rel}","templated":true}]}}