{"id":4280,"date":"2024-01-18T08:18:36","date_gmt":"2024-01-18T11:18:36","guid":{"rendered":"https:\/\/magazineweb.com.ar\/?p=4280"},"modified":"2024-01-18T08:18:36","modified_gmt":"2024-01-18T11:18:36","slug":"kicillof-apunto-contra-el-gobierno-nacional-por-caida-del-consumo-y-ocupacion-hotelera-en-la-costa","status":"publish","type":"post","link":"https:\/\/magazineweb.com.ar\/?p=4280","title":{"rendered":"Kicillof apunt\u00f3 contra el Gobierno nacional por ca\u00edda del consumo y ocupaci\u00f3n hotelera en la Costa"},"content":{"rendered":"\n<p>El gobernador bonaerense, Axel Kicillof, critic\u00f3 este mi\u00e9rcoles las medidas econ\u00f3micas del Gobierno nacional que impactaron en la temporada de verano y produjeron la ca\u00edda de consumo, estad\u00edas y ocupaci\u00f3n hotelera en los principales destinos tur\u00edsticos de la costa argentina.<\/p>\n\n\n\n<p>\u00abDespu\u00e9s de la pandemia, batimos r\u00e9cords una temporada tras otra en la provincia, tanto en n\u00famero de visitantes, como en permanencia y gasto. As\u00ed ven\u00edamos, y hoy nos encuentra con un cambio muy profundo, por las pol\u00edticas que ha tomado el Gobierno nacional\u00bb, expres\u00f3 el mandatario provincial en la localidad balnearia de Santa Clara.<\/p>\n\n\n\n<p>En su primera conferencia de verano, el formato de presentaciones iniciado en destinos tur\u00edsticos bonaerense durante la pandemia, dijo que \u00abes un verano complejo\u00bb y \u00abheterog\u00e9neo\u00bb, en el que se observa \u00abuna polarizaci\u00f3n\u00bb.<\/p>\n\n\n\n<p>\u00abLo que hemos visto hasta el momento es que ha crecido la afluencia y ha ca\u00eddo la ocupaci\u00f3n, el gasto promedio y la duraci\u00f3n de las estad\u00edas\u00bb, precis\u00f3, y en ese sentido se refiri\u00f3 a \u00abuna diferenciaci\u00f3n\u00bb entre sectores orientados al turismo de mayor poder adquisitivo al que \u00able va igual\u00bb, mientras que en los vinculados al turismo familiar y popular \u00abtodos los indicadores dan a la baja\u00bb, con ca\u00eddas de hasta 30 puntos en ocupaci\u00f3n hotelera.<\/p>\n\n\n\n<p>El gobernador explic\u00f3 en esa l\u00ednea que \u00abmientras hoteles premium o de mayor costo tienen buena ocupaci\u00f3n, lo que son de una, dos y tres estrellas se encuentran con ocupaci\u00f3n muy baja\u00bb.<\/p>\n\n\n\n<p>El gobernador traz\u00f3 ese balance de los primeros d\u00edas del verano, tras un encuentro que mantuvo con m\u00e1s de 20 intendentes de la regi\u00f3n y empresarios del sector tur\u00edstico.<\/p>\n\n\n\n<p>En el inicio de su agenda en la Costa Atl\u00e1ntica, Kicillof hab\u00eda participado cerca del mediod\u00eda en la reapertura de un parque acu\u00e1tico ubicado en las afueras de Mar del Plata, donde se refiri\u00f3 a \u00abuna temporada complicada\u00bb, y lo atribuy\u00f3 a las pol\u00edticas impulsadas por el presidente Javier Milei.<\/p>\n\n\n\n<p>\u00abVen\u00edamos de veranos r\u00e9cord, r\u00e9cord, r\u00e9cord, viene Milei y lo pincha\u00bb, se\u00f1al\u00f3 el gobernador.<\/p>\n\n\n\n<p>En la conferencia que brind\u00f3 horas m\u00e1s tarde en Santa Clara, Kicillof estuvo acompa\u00f1ado por el ministro de Producci\u00f3n, Ciencia e Innovaci\u00f3n Tecnol\u00f3gica provincial, Augusto Costa; el titular de la cartera de Infraestructura y Servicios P\u00fablicos, Gabriel Katopodis, y la presidenta del Instituto Cultural provincial, Florencia Saintout.<\/p>\n\n\n\n<p>Costa coincidi\u00f3 en que \u00abes una temporada dif\u00edcil\u00bb, que \u00abdifiere sustancialmente de las \u00faltimas\u00bb, en las que \u00abse ven\u00edan batiendo r\u00e9cords de turismo a\u00f1o tras a\u00f1o en la provincia\u00bb.<\/p>\n\n\n\n<p>Asegur\u00f3 que entre el 1 y el 14 de enero la provincia recibi\u00f3 m\u00e1s de 3,2 millones de visitantes, lo que representa un crecimiento del 7 por ciento respecto de 2023, aunque destac\u00f3 que si bien las cifras \u00abparecen mostrar un turismo que est\u00e1 din\u00e1mico\u00bb, se registr\u00f3 un cambio en \u00abel patr\u00f3n tur\u00edstico\u00bb con una \u00abca\u00edda importante en el turismo masivo y popular\u00bb.<\/p>\n\n\n\n<p>\u00abA algunos les est\u00e1 yendo bien y a muchos muy mal\u00bb, dijo, y explic\u00f3 que se debe al \u00abimpacto de las decisiones que est\u00e1 tomando el Gobierno nacional\u00bb.<\/p>\n\n\n\n<p>Costa subray\u00f3 que hubo una \u00abca\u00edda muy fuerte en el alojamiento hotelero, y ejemplific\u00f3 con los casos de Mar del Plata, que pas\u00f3 del 82 al 74 por ciento, o la baja de \u00abm\u00e1s de 30 puntos en San Bernardo, donde fue del 58 por ciento,<\/p>\n\n\n\n<p>Detall\u00f3 en cambio que localidades como Caril\u00f3, que apunta a un \u00abturismo alta gama\u00bb, del 91 por ciento de ocupaci\u00f3n\u00bb, cay\u00f3 al 88, \u00absolo 3 puntos\u00bb.<\/p>\n\n\n\n<p>En cuanto al gastos de los turistas, dijo que \u00abse desplom\u00f3\u00bb y que los veraneantes \u00abno est\u00e1n pudiendo sostener el nivel\u00bb de veranos anteriores, seg\u00fan surge de indicadores como la Cuenta DNI.<\/p>\n\n\n\n<p>Dijo adem\u00e1s que se observa \u00abun turismo m\u00e1s espont\u00e1neo\u00bb y de estad\u00edas m\u00e1s cortas, lo que quita \u00abprevisibilidad\u00bb al sector.<\/p>\n\n\n\n<p>Para el resto del Verano, Costa estim\u00f3: \u00abEsperamos ver mayor ocupaci\u00f3n en la segunda quincena, y mayores niveles de gasto, aunque va a ser dif\u00edcil\u00bb.<\/p>\n","protected":false},"excerpt":{"rendered":"<p>El gobernador bonaerense, Axel Kicillof, critic\u00f3 este mi\u00e9rcoles las medidas econ\u00f3micas del Gobierno nacional que impactaron en la temporada de verano y produjeron la ca\u00edda de consumo, estad\u00edas y ocupaci\u00f3n&hellip;<\/p>\n","protected":false},"author":3,"featured_media":4281,"comment_status":"closed","ping_status":"closed","sticky":false,"template":"","format":"standard","meta":{"footnotes":""},"categories":[14],"tags":[],"class_list":["post-4280","post","type-post","status-publish","format-standard","has-post-thumbnail","hentry","category-provincial"],"rttpg_featured_image_url":{"full":["https:\/\/magazineweb.com.ar\/wp-content\/uploads\/2024\/01\/WhatsApp-Image-2024-01-17-at-20.18.14.jpeg",1140,622,false],"landscape":["https:\/\/magazineweb.com.ar\/wp-content\/uploads\/2024\/01\/WhatsApp-Image-2024-01-17-at-20.18.14.jpeg",1140,622,false],"portraits":["https:\/\/magazineweb.com.ar\/wp-content\/uploads\/2024\/01\/WhatsApp-Image-2024-01-17-at-20.18.14.jpeg",1140,622,false],"thumbnail":["https:\/\/magazineweb.com.ar\/wp-content\/uploads\/2024\/01\/WhatsApp-Image-2024-01-17-at-20.18.14-150x150.jpeg",150,150,true],"medium":["https:\/\/magazineweb.com.ar\/wp-content\/uploads\/2024\/01\/WhatsApp-Image-2024-01-17-at-20.18.14-300x164.jpeg",300,164,true],"large":["https:\/\/magazineweb.com.ar\/wp-content\/uploads\/2024\/01\/WhatsApp-Image-2024-01-17-at-20.18.14-1024x559.jpeg",1024,559,true],"1536x1536":["https:\/\/magazineweb.com.ar\/wp-content\/uploads\/2024\/01\/WhatsApp-Image-2024-01-17-at-20.18.14.jpeg",1140,622,false],"2048x2048":["https:\/\/magazineweb.com.ar\/wp-content\/uploads\/2024\/01\/WhatsApp-Image-2024-01-17-at-20.18.14.jpeg",1140,622,false],"ultp_layout_landscape_large":["https:\/\/magazineweb.com.ar\/wp-content\/uploads\/2024\/01\/WhatsApp-Image-2024-01-17-at-20.18.14.jpeg",1140,622,false],"ultp_layout_landscape":["https:\/\/magazineweb.com.ar\/wp-content\/uploads\/2024\/01\/WhatsApp-Image-2024-01-17-at-20.18.14-870x570.jpeg",870,570,true],"ultp_layout_portrait":["https:\/\/magazineweb.com.ar\/wp-content\/uploads\/2024\/01\/WhatsApp-Image-2024-01-17-at-20.18.14-600x622.jpeg",600,622,true],"ultp_layout_square":["https:\/\/magazineweb.com.ar\/wp-content\/uploads\/2024\/01\/WhatsApp-Image-2024-01-17-at-20.18.14-600x600.jpeg",600,600,true]},"rttpg_author":{"display_name":"Redacci\u00f3n Magazine Web","author_link":"https:\/\/magazineweb.com.ar\/?author=3"},"rttpg_comment":0,"rttpg_category":"<a href=\"https:\/\/magazineweb.com.ar\/?cat=14\" rel=\"category\">Provincial<\/a>","rttpg_excerpt":"El gobernador bonaerense, Axel Kicillof, critic\u00f3 este mi\u00e9rcoles las medidas econ\u00f3micas del Gobierno nacional que impactaron en la temporada de verano y produjeron la ca\u00edda de consumo, estad\u00edas y ocupaci\u00f3n&hellip;","_links":{"self":[{"href":"https:\/\/magazineweb.com.ar\/index.php?rest_route=\/wp\/v2\/posts\/4280","targetHints":{"allow":["GET"]}}],"collection":[{"href":"https:\/\/magazineweb.com.ar\/index.php?rest_route=\/wp\/v2\/posts"}],"about":[{"href":"https:\/\/magazineweb.com.ar\/index.php?rest_route=\/wp\/v2\/types\/post"}],"author":[{"embeddable":true,"href":"https:\/\/magazineweb.com.ar\/index.php?rest_route=\/wp\/v2\/users\/3"}],"replies":[{"embeddable":true,"href":"https:\/\/magazineweb.com.ar\/index.php?rest_route=%2Fwp%2Fv2%2Fcomments&post=4280"}],"version-history":[{"count":1,"href":"https:\/\/magazineweb.com.ar\/index.php?rest_route=\/wp\/v2\/posts\/4280\/revisions"}],"predecessor-version":[{"id":4282,"href":"https:\/\/magazineweb.com.ar\/index.php?rest_route=\/wp\/v2\/posts\/4280\/revisions\/4282"}],"wp:featuredmedia":[{"embeddable":true,"href":"https:\/\/magazineweb.com.ar\/index.php?rest_route=\/wp\/v2\/media\/4281"}],"wp:attachment":[{"href":"https:\/\/magazineweb.com.ar\/index.php?rest_route=%2Fwp%2Fv2%2Fmedia&parent=4280"}],"wp:term":[{"taxonomy":"category","embeddable":true,"href":"https:\/\/magazineweb.com.ar\/index.php?rest_route=%2Fwp%2Fv2%2Fcategories&post=4280"},{"taxonomy":"post_tag","embeddable":true,"href":"https:\/\/magazineweb.com.ar\/index.php?rest_route=%2Fwp%2Fv2%2Ftags&post=4280"}],"curies":[{"name":"wp","href":"https:\/\/api.w.org\/{rel}","templated":true}]}}