{"id":4882,"date":"2024-02-19T01:10:00","date_gmt":"2024-02-19T04:10:00","guid":{"rendered":"https:\/\/magazineweb.com.ar\/?p=4882"},"modified":"2024-02-18T19:53:40","modified_gmt":"2024-02-18T22:53:40","slug":"comienzan-las-audiencias-por-la-apelacion-a-las-condenas-de-cristina-fernandez","status":"publish","type":"post","link":"https:\/\/magazineweb.com.ar\/?p=4882","title":{"rendered":"Comienzan las audiencias por la apelaci\u00f3n a las condenas de Cristina Fern\u00e1ndez"},"content":{"rendered":"\n<p>La C\u00e1mara Federal de Casaci\u00f3n Penal iniciar\u00e1 el lunes 26 de febrero las audiencias previas a resolver si confirma, revoca o agrava las condenas a la exvicepresidenta Cristina Kirchner&nbsp;y a los dem\u00e1s acusados en la causa por supuestos delitos con la obra p\u00fablica nacional en Santa Cruz.<\/p>\n\n\n\n<p>El m\u00e1ximo tribunal penal federal del pa\u00eds escuchar\u00e1 desde ese d\u00eda y en audiencias&nbsp;programadas hasta mediados de abril&nbsp;los cuestionamientos de todas las partes al fallo del Tribunal Oral Federal 2 -a\u00fan no firme-, que conden\u00f3 a la ex Presidenta a seis a\u00f1os de prisi\u00f3n por \u00abadministraci\u00f3n fraudulenta agravada por haber sido cometida en perjuicio de una administraci\u00f3n p\u00fablica\u00bb pero la absolvi\u00f3 del delito de asociaci\u00f3n il\u00edcita.<\/p>\n\n\n\n<p>Precisamente para ese lunes est\u00e1 previsto que comience&nbsp;la exposici\u00f3n del fiscal ante Casaci\u00f3n Mario Villar, quien mantuvo la apelaci\u00f3n del veredicto de su colega ante el TOF2 Diego Luciani y reclamar\u00e1 revocar absoluciones y condenar por asociaci\u00f3n il\u00edcita.<\/p>\n\n\n\n<p>Luciani hab\u00eda pedido 12 a\u00f1os de c\u00e1rcel para la ex Presidenta en el juicio oral, un reclamo que mantuvo en su apelaci\u00f3n al veredicto y que ahora&nbsp;se prev\u00e9 sostendr\u00e1 Villar ante los jueces de Casaci\u00f3n Mariano Borinsky, Gustavo Hornos y Diego Barroetave\u00f1a.<\/p>\n\n\n\n<p>Por su parte, la defensa de la exmandataria, quien ya no tiene fueros, reclamar\u00e1 que se revoque la condena a seis a\u00f1os de prisi\u00f3n por administraci\u00f3n fraudulenta y que se dicte su absoluci\u00f3n, al sostener que no hay pruebas directas y que los jueces actuaron de manera \u00abarbitraria\u00bb.<\/p>\n\n\n\n<p>El 6 de diciembre de 2022 el TOF 2 dio a conocer la primera condena a la ex Presidenta,&nbsp;cuyos fundamentos se difundieron al a\u00f1o siguiente, y se abri\u00f3 as\u00ed el per\u00edodo para las apelaciones, presentadas por la fiscal\u00eda y las defensas.<\/p>\n\n\n\n<p>Se trat\u00f3 de un veredicto dividido en lo relativo a la condena pedida por el delito de asociaci\u00f3n il\u00edcita: los jueces Jorge Gorini y Rodrigo Gim\u00e9nez Uriburu absolvieron a la ex senadora nacional, al empresario L\u00e1zaro B\u00e1ez y otros imputados por este delito en tanto el tercer magistrado, Andr\u00e9s Basso vot\u00f3 por condenar.<\/p>\n\n\n\n<p>Los tres jueces coincidieron en que hubo delito de administraci\u00f3n fraudulenta en la adjudicaci\u00f3n a empresas de B\u00e1ez,&nbsp;entre ellas \u00abAustral Construcciones\u00bb, de 51 obras p\u00fablicas viales en Santa Cruz entre 2003 y 2015, y constituy\u00f3 \u00abun hecho de corrupci\u00f3n estatal\u00bb que deriv\u00f3 en un \u00abperjuicio descomunal\u00bb a las arcas p\u00fablicas.<\/p>\n\n\n\n<p>Todo ello se cometi\u00f3 con un \u00abfin econ\u00f3mico\u00bb en \u00abbeneficio del empresario y sus socios comerciales\u00bb, sostuvo el veredicto que ahora revisar\u00e1 Casaci\u00f3n y que una vez terminadas las audiencias tendr\u00e1 un plazo de 20 d\u00edas h\u00e1biles para resolver, aunque este t\u00e9rmino podr\u00eda extenderse.<\/p>\n\n\n\n<p>Los condenados son Cristina Fern\u00e1ndez de Kirchner, L\u00e1zaro B\u00e1ez, el exsecretario de Obras P\u00fablicas en el kirchnerismo Jos\u00e9 L\u00f3pez y el exdirector de Vialidad Nacional Nelson Periotti.<\/p>\n\n\n\n<p>Tambi\u00e9n los ex funcionarios de Vialidad Mauricio Collareda, Juan Carlos Villafa\u00f1e, Ra\u00fal Osvaldo Daruich, Ra\u00fal Gilberto Pavesi y Jos\u00e9 Ra\u00fal Santib\u00e1\u00f1ez.<\/p>\n\n\n\n<p>Todos recibieron penas de entre 3 y 6 a\u00f1os de prisi\u00f3n por delitos cometidos con la obra p\u00fablica nacional en Santa Cruz entre 2003 y 2015.<\/p>\n\n\n\n<p>Al igual que la ex Presidenta fueron condenados a seis a\u00f1os de prisi\u00f3n B\u00e1ez como part\u00edcipe necesario de la defraudaci\u00f3n, Periotti y L\u00f3pez.<\/p>\n\n\n\n<p>Seg\u00fan la acusaci\u00f3n, el 80% de la obra vial fue asignada a empresas del grupo B\u00e1ez&nbsp;y hubo irregularidades como sobreprecios y falta de controles.<\/p>\n\n\n\n<p>El juicio se inici\u00f3 el 21 de mayo de 2019 y tanto Cristina Kirchner como B\u00e1ez estaban procesados por presunta \u00abasociaci\u00f3n il\u00edcita agravada por su calidad de jefe\u00bb y \u00abadministraci\u00f3n fraudulenta agravada por haber sido cometida en perjuicio de la administraci\u00f3n p\u00fablica\u00bb<\/p>\n\n\n\n<p>Ante Casaci\u00f3n se debatir\u00e1n tambi\u00e9n las absoluciones dispuestas por el Tribunal,&nbsp;como las del exministro de Planificaci\u00f3n Federal Julio De Vido y los exfuncionarios Abel Fatala y H\u00e9ctor Garro, apeladas por la fiscal\u00eda.<\/p>\n\n\n\n<p>En el fallo, a\u00fan no firme, se orden\u00f3 el decomiso de unos 85 mil millones de pesos.<\/p>\n\n\n\n<p>Las audiencias ante la sala IV de Casaci\u00f3n ser\u00e1n presenciales en los tribunales federales de Comodoro Py 2002, en el barrio porte\u00f1o de Retiro.<\/p>\n\n\n\n<p><a href=\"javascript:void(0);\"><\/a><\/p>\n","protected":false},"excerpt":{"rendered":"<p>La C\u00e1mara Federal de Casaci\u00f3n Penal iniciar\u00e1 el lunes 26 de febrero las audiencias previas a resolver si confirma, revoca o agrava las condenas a la exvicepresidenta Cristina Kirchner&nbsp;y a&hellip;<\/p>\n","protected":false},"author":3,"featured_media":4883,"comment_status":"closed","ping_status":"closed","sticky":false,"template":"","format":"standard","meta":{"footnotes":""},"categories":[17],"tags":[],"class_list":["post-4882","post","type-post","status-publish","format-standard","has-post-thumbnail","hentry","category-nacional"],"rttpg_featured_image_url":{"full":["https:\/\/magazineweb.com.ar\/wp-content\/uploads\/2024\/02\/648baa77301c5_1200.jpg",1200,675,false],"landscape":["https:\/\/magazineweb.com.ar\/wp-content\/uploads\/2024\/02\/648baa77301c5_1200.jpg",1200,675,false],"portraits":["https:\/\/magazineweb.com.ar\/wp-content\/uploads\/2024\/02\/648baa77301c5_1200.jpg",1200,675,false],"thumbnail":["https:\/\/magazineweb.com.ar\/wp-content\/uploads\/2024\/02\/648baa77301c5_1200-150x150.jpg",150,150,true],"medium":["https:\/\/magazineweb.com.ar\/wp-content\/uploads\/2024\/02\/648baa77301c5_1200-300x169.jpg",300,169,true],"large":["https:\/\/magazineweb.com.ar\/wp-content\/uploads\/2024\/02\/648baa77301c5_1200-1024x576.jpg",1024,576,true],"1536x1536":["https:\/\/magazineweb.com.ar\/wp-content\/uploads\/2024\/02\/648baa77301c5_1200.jpg",1200,675,false],"2048x2048":["https:\/\/magazineweb.com.ar\/wp-content\/uploads\/2024\/02\/648baa77301c5_1200.jpg",1200,675,false],"ultp_layout_landscape_large":["https:\/\/magazineweb.com.ar\/wp-content\/uploads\/2024\/02\/648baa77301c5_1200.jpg",1200,675,false],"ultp_layout_landscape":["https:\/\/magazineweb.com.ar\/wp-content\/uploads\/2024\/02\/648baa77301c5_1200-870x570.jpg",870,570,true],"ultp_layout_portrait":["https:\/\/magazineweb.com.ar\/wp-content\/uploads\/2024\/02\/648baa77301c5_1200-600x675.jpg",600,675,true],"ultp_layout_square":["https:\/\/magazineweb.com.ar\/wp-content\/uploads\/2024\/02\/648baa77301c5_1200-600x600.jpg",600,600,true]},"rttpg_author":{"display_name":"Redacci\u00f3n Magazine Web","author_link":"https:\/\/magazineweb.com.ar\/?author=3"},"rttpg_comment":0,"rttpg_category":"<a href=\"https:\/\/magazineweb.com.ar\/?cat=17\" rel=\"category\">Nacional<\/a>","rttpg_excerpt":"La C\u00e1mara Federal de Casaci\u00f3n Penal iniciar\u00e1 el lunes 26 de febrero las audiencias previas a resolver si confirma, revoca o agrava las condenas a la exvicepresidenta Cristina Kirchner&nbsp;y a&hellip;","_links":{"self":[{"href":"https:\/\/magazineweb.com.ar\/index.php?rest_route=\/wp\/v2\/posts\/4882","targetHints":{"allow":["GET"]}}],"collection":[{"href":"https:\/\/magazineweb.com.ar\/index.php?rest_route=\/wp\/v2\/posts"}],"about":[{"href":"https:\/\/magazineweb.com.ar\/index.php?rest_route=\/wp\/v2\/types\/post"}],"author":[{"embeddable":true,"href":"https:\/\/magazineweb.com.ar\/index.php?rest_route=\/wp\/v2\/users\/3"}],"replies":[{"embeddable":true,"href":"https:\/\/magazineweb.com.ar\/index.php?rest_route=%2Fwp%2Fv2%2Fcomments&post=4882"}],"version-history":[{"count":1,"href":"https:\/\/magazineweb.com.ar\/index.php?rest_route=\/wp\/v2\/posts\/4882\/revisions"}],"predecessor-version":[{"id":4884,"href":"https:\/\/magazineweb.com.ar\/index.php?rest_route=\/wp\/v2\/posts\/4882\/revisions\/4884"}],"wp:featuredmedia":[{"embeddable":true,"href":"https:\/\/magazineweb.com.ar\/index.php?rest_route=\/wp\/v2\/media\/4883"}],"wp:attachment":[{"href":"https:\/\/magazineweb.com.ar\/index.php?rest_route=%2Fwp%2Fv2%2Fmedia&parent=4882"}],"wp:term":[{"taxonomy":"category","embeddable":true,"href":"https:\/\/magazineweb.com.ar\/index.php?rest_route=%2Fwp%2Fv2%2Fcategories&post=4882"},{"taxonomy":"post_tag","embeddable":true,"href":"https:\/\/magazineweb.com.ar\/index.php?rest_route=%2Fwp%2Fv2%2Ftags&post=4882"}],"curies":[{"name":"wp","href":"https:\/\/api.w.org\/{rel}","templated":true}]}}