{"id":4894,"date":"2024-02-19T01:09:00","date_gmt":"2024-02-19T04:09:00","guid":{"rendered":"https:\/\/magazineweb.com.ar\/?p=4894"},"modified":"2024-02-18T20:49:41","modified_gmt":"2024-02-18T23:49:41","slug":"el-congreso-con-la-atencion-puesta-en-el-tratamiento-del-dnu","status":"publish","type":"post","link":"https:\/\/magazineweb.com.ar\/?p=4894","title":{"rendered":"El Congreso, con la atenci\u00f3n puesta en el tratamiento del DNU"},"content":{"rendered":"\n<p>El tratamiento legislativo del DNU 70\/23 acapara la m\u00e1xima atenci\u00f3n del Congreso en los \u00faltimos d\u00edas de febrero, en un escenario marcado&nbsp;por postergaci\u00f3n de la creaci\u00f3n de la comisi\u00f3n bicameral que los tramita&nbsp;y&nbsp;el freno oficialista en el Senado a los pedidos del bloque de Uni\u00f3n por la Patria (UxP) para abrir el recinto.<\/p>\n\n\n\n<p>Descartada la posibilidad de que el presidente Javier Milei prorrogue las sesiones extraordinarias hasta fin de mes -el segundo llamado venci\u00f3 el pasado jueves-, al Congreso s\u00f3lo le queda, desde lo formal, abocarse al tratamiento del DNU.<\/p>\n\n\n\n<p>Presentado el 20 de diciembre y pr\u00f3ximo a cumplir los dos meses, el instrumento de m\u00e1s de 300 art\u00edculos genera diferencias entre el oficialista La Libertad Avanza (LLA) y sus socios del PRO, con las posiciones de rechazo que mantienen UxP y la Izquierda.<\/p>\n\n\n\n<p>En el medio, la UCR, Hacemos Coalici\u00f3n Federal (HCF), Innovaci\u00f3n Federal y otros bloques provinciales&nbsp;mantienen opiniones divididas al interior de sus espacios, por lo que sus posicionamientos definitivos ser\u00e1n claves para la suerte que corra el decreto.<\/p>\n\n\n\n<p>A m\u00e1s dos meses de asumidos los nuevos diputados, con el consecuente cambio en la integraci\u00f3n de las fuerzas de la C\u00e1mara, a\u00fan no se pudo concretar la conformaci\u00f3n de la Bicameral de Tr\u00e1mite Legislativo que debe abordar el tema.<\/p>\n\n\n\n<h2 class=\"wp-block-heading\">En Diputados<\/h2>\n\n\n\n<p>La cuesti\u00f3n est\u00e1 trabada en Diputados, donde LLA y UxP&nbsp;se disputan uno de los ocho lugares que pertenecen a la C\u00e1mara baja&nbsp;a partir de diferentes interpretaciones de lo que se\u00f1alan las diferentes normas reglamentarias.<\/p>\n\n\n\n<p>En ese sentido, el mi\u00e9rcoles pasado el presidente de la C\u00e1mara de Diputados, Mart\u00edn Menem (LLA), le envi\u00f3 una nota al jefe del bloque de UxP, Germ\u00e1n Mart\u00ednez, para ratificar la posici\u00f3n del oficialismo en cuanto a la distribuci\u00f3n de las representaciones pol\u00edticas en la comisi\u00f3n bicameral, por lo que le pidi\u00f3 a la principal bancada opositora que desista de proponer cuatro nombres ya que s\u00f3lo le corresponder\u00edan tres lugares.<\/p>\n\n\n\n<p>\u00abAnte la premura y necesidad de elevar la n\u00f3mina de integrantes de este cuerpo que van a conformar la Comisi\u00f3n Bicameral de Tr\u00e1mite Legislativo, solicito quiera tener a bien remitirme lo antes posible la lista de los tres postulantes del bloque y que le corresponden en funci\u00f3n de lo dispuesto por la Ley 26.122\u00bb, se\u00f1al\u00f3 la nota enviada por Menem a Mart\u00ednez.<\/p>\n\n\n\n<p>Y precis\u00f3: \u00abDe acuerdo a la cantidad de integrantes de su bloque (99) sobre el total de la C\u00e1mara (257)&nbsp;le corresponde el 38,52 por ciento de representaci\u00f3n.&nbsp;Ese porcentaje sobre ocho integrantes implica la cantidad de 3,08\u00bb.<\/p>\n\n\n\n<p>\u00abSeguir demorando la conformaci\u00f3n de una Comisi\u00f3n tan trascendente por su insistencia en mantener una desproporcionada representaci\u00f3n pol\u00edtica en el seno de la misma, produce una seria lesi\u00f3n al derecho de este Congreso de ejercer debidamente su funci\u00f3n de contralor en relaci\u00f3n al dictado de los Decretos de Necesidad y Urgencia, Decretos Delegados y Decretos de Promulgaci\u00f3n Parcial de las leyes que dicta el Poder Ejecutivo Nacional en uso de sus facultades constitucionales\u00bb, remarc\u00f3 Menem.<\/p>\n\n\n\n<p>En el texto, el diputado riojano tambi\u00e9n le anticip\u00f3: \u00abEn caso de negativa -por su parte- de eliminar a uno de los cuatro nominados para integrar dicha comisi\u00f3n que oportunamente me hiciera llegar por nota, me ver\u00e9 lamentablemente obligado a elevar la n\u00f3mina correspondiente a su representaci\u00f3n pol\u00edtica con la menci\u00f3n de tres integrantes, en lugar de cuatro\u00bb.<\/p>\n\n\n\n<p>La disputa se hab\u00eda iniciado en diciembre pasado cuando UxP le solicit\u00f3 a Menem la \u00aburgente\u00bb conformaci\u00f3n de la Comisi\u00f3n.<\/p>\n\n\n\n<p>En una nota fechada el 28 de diciembre, Uni\u00f3n por la Patria argument\u00f3 que, de acuerdo al art\u00edculo 99 inciso 3 de la Constituci\u00f3n Nacional, \u00abla composici\u00f3n de la referida comisi\u00f3n &#8216;deber\u00e1 respetar la proporci\u00f3n de las representaciones pol\u00edticas de cada C\u00e1mara'\u00bb, entendiendo el l\u00edder del bloque peronista que a su espacio le correspond\u00edan cuatro lugares.<\/p>\n\n\n\n<p>\u00abCualquier otra interpretaci\u00f3n en la conformaci\u00f3n de la Comisi\u00f3n Permanente de Tr\u00e1mite Legislativo constituir\u00e1 una arbitrariedad insalvable por contrariar a la Constituci\u00f3n nacional, a la ley 26.122 y al acuerdo alcanzado por este cuerpo en el recinto el d\u00eda 7 de diciembre de 2023\u00bb, dej\u00f3 sentado el santafesino.<\/p>\n\n\n\n<p>A los pedidos de UxP para que se conforme en forma \u00aburgente\u00bb la bicameral, se sumaron en los \u00faltimos d\u00edas solicitudes del mismo tenor por parte de un sector de la UCR y de HCF.<\/p>\n\n\n\n<h2 class=\"wp-block-heading\">En el Senado<\/h2>\n\n\n\n<p>En el&nbsp;Senado, en tanto,&nbsp;la vicepresidenta Victoria Villarruel dispuso hace un mes conformaci\u00f3n de los representantes de ese cuerpo con tres integrantes de UxP y otros cinco de las dem\u00e1s fuerzas pol\u00edticas, incluyendo LLA, adem\u00e1s del radicalismo, el PRO, Cambio Federal (conformado por exintegrantes de Juntos por el Cambio) y Unidad Federal (de peronistas disidentes y el oficialismo cordob\u00e9s).<\/p>\n\n\n\n<p>De UxP fueron designados Mar\u00eda Teresa Gonz\u00e1lez, Mariano Recalde y Anabel Fern\u00e1ndez Sagasti; en tanto que por el oficialista LLA estar\u00e1 Juan Carlos Pagotto, de La Rioja, quien ser\u00e1 propuesto como presidente de la bicameral.<\/p>\n\n\n\n<p>Tambi\u00e9n en representaci\u00f3n del Senado lo har\u00e1n el radical chaque\u00f1o V\u00edctor Zimmermann; el cordob\u00e9s Luis Juez, del PRO; el macrista Juan Carlos Romero, de Salta, y el peronista correntino Carlos Esp\u00ednola.<\/p>\n\n\n\n<p>Por&nbsp;Diputados, en tanto, est\u00e1n nominados Oscar Zago y Lisandro Almir\u00f3n, por LLA; Francisco Monti, de la UCR; Hern\u00e1n Lombardi, del PRO; y Nicol\u00e1s Massot, de Cambio Federal.<\/p>\n\n\n\n<p>Por UxP, en tanto, fueron propuestos cuatro nombres, entre ellos el massista Ramiro Guti\u00e9rrez.<\/p>\n","protected":false},"excerpt":{"rendered":"<p>El tratamiento legislativo del DNU 70\/23 acapara la m\u00e1xima atenci\u00f3n del Congreso en los \u00faltimos d\u00edas de febrero, en un escenario marcado&nbsp;por postergaci\u00f3n de la creaci\u00f3n de la comisi\u00f3n bicameral&hellip;<\/p>\n","protected":false},"author":3,"featured_media":4895,"comment_status":"closed","ping_status":"closed","sticky":false,"template":"","format":"standard","meta":{"footnotes":""},"categories":[17],"tags":[],"class_list":["post-4894","post","type-post","status-publish","format-standard","has-post-thumbnail","hentry","category-nacional"],"rttpg_featured_image_url":{"full":["https:\/\/magazineweb.com.ar\/wp-content\/uploads\/2024\/02\/65cbc96f95be4_1200.jpg",900,506,false],"landscape":["https:\/\/magazineweb.com.ar\/wp-content\/uploads\/2024\/02\/65cbc96f95be4_1200.jpg",900,506,false],"portraits":["https:\/\/magazineweb.com.ar\/wp-content\/uploads\/2024\/02\/65cbc96f95be4_1200.jpg",900,506,false],"thumbnail":["https:\/\/magazineweb.com.ar\/wp-content\/uploads\/2024\/02\/65cbc96f95be4_1200-150x150.jpg",150,150,true],"medium":["https:\/\/magazineweb.com.ar\/wp-content\/uploads\/2024\/02\/65cbc96f95be4_1200-300x169.jpg",300,169,true],"large":["https:\/\/magazineweb.com.ar\/wp-content\/uploads\/2024\/02\/65cbc96f95be4_1200.jpg",900,506,false],"1536x1536":["https:\/\/magazineweb.com.ar\/wp-content\/uploads\/2024\/02\/65cbc96f95be4_1200.jpg",900,506,false],"2048x2048":["https:\/\/magazineweb.com.ar\/wp-content\/uploads\/2024\/02\/65cbc96f95be4_1200.jpg",900,506,false],"ultp_layout_landscape_large":["https:\/\/magazineweb.com.ar\/wp-content\/uploads\/2024\/02\/65cbc96f95be4_1200.jpg",900,506,false],"ultp_layout_landscape":["https:\/\/magazineweb.com.ar\/wp-content\/uploads\/2024\/02\/65cbc96f95be4_1200-870x506.jpg",870,506,true],"ultp_layout_portrait":["https:\/\/magazineweb.com.ar\/wp-content\/uploads\/2024\/02\/65cbc96f95be4_1200-600x506.jpg",600,506,true],"ultp_layout_square":["https:\/\/magazineweb.com.ar\/wp-content\/uploads\/2024\/02\/65cbc96f95be4_1200-600x506.jpg",600,506,true]},"rttpg_author":{"display_name":"Redacci\u00f3n Magazine Web","author_link":"https:\/\/magazineweb.com.ar\/?author=3"},"rttpg_comment":0,"rttpg_category":"<a href=\"https:\/\/magazineweb.com.ar\/?cat=17\" rel=\"category\">Nacional<\/a>","rttpg_excerpt":"El tratamiento legislativo del DNU 70\/23 acapara la m\u00e1xima atenci\u00f3n del Congreso en los \u00faltimos d\u00edas de febrero, en un escenario marcado&nbsp;por postergaci\u00f3n de la creaci\u00f3n de la comisi\u00f3n bicameral&hellip;","_links":{"self":[{"href":"https:\/\/magazineweb.com.ar\/index.php?rest_route=\/wp\/v2\/posts\/4894","targetHints":{"allow":["GET"]}}],"collection":[{"href":"https:\/\/magazineweb.com.ar\/index.php?rest_route=\/wp\/v2\/posts"}],"about":[{"href":"https:\/\/magazineweb.com.ar\/index.php?rest_route=\/wp\/v2\/types\/post"}],"author":[{"embeddable":true,"href":"https:\/\/magazineweb.com.ar\/index.php?rest_route=\/wp\/v2\/users\/3"}],"replies":[{"embeddable":true,"href":"https:\/\/magazineweb.com.ar\/index.php?rest_route=%2Fwp%2Fv2%2Fcomments&post=4894"}],"version-history":[{"count":1,"href":"https:\/\/magazineweb.com.ar\/index.php?rest_route=\/wp\/v2\/posts\/4894\/revisions"}],"predecessor-version":[{"id":4896,"href":"https:\/\/magazineweb.com.ar\/index.php?rest_route=\/wp\/v2\/posts\/4894\/revisions\/4896"}],"wp:featuredmedia":[{"embeddable":true,"href":"https:\/\/magazineweb.com.ar\/index.php?rest_route=\/wp\/v2\/media\/4895"}],"wp:attachment":[{"href":"https:\/\/magazineweb.com.ar\/index.php?rest_route=%2Fwp%2Fv2%2Fmedia&parent=4894"}],"wp:term":[{"taxonomy":"category","embeddable":true,"href":"https:\/\/magazineweb.com.ar\/index.php?rest_route=%2Fwp%2Fv2%2Fcategories&post=4894"},{"taxonomy":"post_tag","embeddable":true,"href":"https:\/\/magazineweb.com.ar\/index.php?rest_route=%2Fwp%2Fv2%2Ftags&post=4894"}],"curies":[{"name":"wp","href":"https:\/\/api.w.org\/{rel}","templated":true}]}}