{"id":4903,"date":"2024-02-19T01:10:00","date_gmt":"2024-02-19T04:10:00","guid":{"rendered":"https:\/\/magazineweb.com.ar\/?p=4903"},"modified":"2024-02-19T01:31:20","modified_gmt":"2024-02-19T04:31:20","slug":"se-reprogramo-la-b-play-medieval","status":"publish","type":"post","link":"https:\/\/magazineweb.com.ar\/?p=4903","title":{"rendered":"Se reprogram\u00f3 la B-Play Medieval"},"content":{"rendered":"\n<p><strong>Se reprogram\u00f3 el Festival B-Play Medieval debido a las tormentas pronosticadas para hoy domingo 18 de febrero. La nueva fecha ser\u00e1 el domingo 10 de marzo, a partir de las 16.00, en Plaza San Mart\u00edn (Av. Mitre e\/ 6 y 7), con acceso libre y gratuito.<\/strong><br>\u00a0<br>El ya tradicional evento organizado todos los a\u00f1os por la Secretar\u00eda de Cultura y Educaci\u00f3n de la Municipalidad de Berazategui, incluir\u00e1 un concierto de M\u00fasica Celta, la participaci\u00f3n de artesanos medievales y recreacionistas hist\u00f3ricos, que expondr\u00e1n sus producciones art\u00edsticas a trav\u00e9s de stands, charlas tem\u00e1ticas, caracterizaciones y diferentes actividades. Tambi\u00e9n habr\u00e1 a disposici\u00f3n una particular oferta gastron\u00f3mica, con comidas t\u00edpicas de la \u00e9poca.<\/p>\n","protected":false},"excerpt":{"rendered":"<p>Se reprogram\u00f3 el Festival B-Play Medieval debido a las tormentas pronosticadas para hoy domingo 18 de febrero. La nueva fecha ser\u00e1 el domingo 10 de marzo, a partir de las&hellip;<\/p>\n","protected":false},"author":3,"featured_media":4904,"comment_status":"closed","ping_status":"closed","sticky":false,"template":"","format":"standard","meta":{"footnotes":""},"categories":[7],"tags":[],"class_list":["post-4903","post","type-post","status-publish","format-standard","has-post-thumbnail","hentry","category-espectaculos"],"rttpg_featured_image_url":{"full":["https:\/\/magazineweb.com.ar\/wp-content\/uploads\/2024\/02\/SE-REPROGRAMO-LA-B-PLAY-MEDIEVAL.jpeg",900,1600,false],"landscape":["https:\/\/magazineweb.com.ar\/wp-content\/uploads\/2024\/02\/SE-REPROGRAMO-LA-B-PLAY-MEDIEVAL.jpeg",900,1600,false],"portraits":["https:\/\/magazineweb.com.ar\/wp-content\/uploads\/2024\/02\/SE-REPROGRAMO-LA-B-PLAY-MEDIEVAL.jpeg",900,1600,false],"thumbnail":["https:\/\/magazineweb.com.ar\/wp-content\/uploads\/2024\/02\/SE-REPROGRAMO-LA-B-PLAY-MEDIEVAL-150x150.jpeg",150,150,true],"medium":["https:\/\/magazineweb.com.ar\/wp-content\/uploads\/2024\/02\/SE-REPROGRAMO-LA-B-PLAY-MEDIEVAL-169x300.jpeg",169,300,true],"large":["https:\/\/magazineweb.com.ar\/wp-content\/uploads\/2024\/02\/SE-REPROGRAMO-LA-B-PLAY-MEDIEVAL-576x1024.jpeg",576,1024,true],"1536x1536":["https:\/\/magazineweb.com.ar\/wp-content\/uploads\/2024\/02\/SE-REPROGRAMO-LA-B-PLAY-MEDIEVAL-864x1536.jpeg",864,1536,true],"2048x2048":["https:\/\/magazineweb.com.ar\/wp-content\/uploads\/2024\/02\/SE-REPROGRAMO-LA-B-PLAY-MEDIEVAL.jpeg",900,1600,false],"ultp_layout_landscape_large":["https:\/\/magazineweb.com.ar\/wp-content\/uploads\/2024\/02\/SE-REPROGRAMO-LA-B-PLAY-MEDIEVAL-900x800.jpeg",900,800,true],"ultp_layout_landscape":["https:\/\/magazineweb.com.ar\/wp-content\/uploads\/2024\/02\/SE-REPROGRAMO-LA-B-PLAY-MEDIEVAL-870x570.jpeg",870,570,true],"ultp_layout_portrait":["https:\/\/magazineweb.com.ar\/wp-content\/uploads\/2024\/02\/SE-REPROGRAMO-LA-B-PLAY-MEDIEVAL-600x900.jpeg",600,900,true],"ultp_layout_square":["https:\/\/magazineweb.com.ar\/wp-content\/uploads\/2024\/02\/SE-REPROGRAMO-LA-B-PLAY-MEDIEVAL-600x600.jpeg",600,600,true]},"rttpg_author":{"display_name":"Redacci\u00f3n Magazine Web","author_link":"https:\/\/magazineweb.com.ar\/?author=3"},"rttpg_comment":0,"rttpg_category":"<a href=\"https:\/\/magazineweb.com.ar\/?cat=7\" rel=\"category\">Espect\u00e1culos<\/a>","rttpg_excerpt":"Se reprogram\u00f3 el Festival B-Play Medieval debido a las tormentas pronosticadas para hoy domingo 18 de febrero. La nueva fecha ser\u00e1 el domingo 10 de marzo, a partir de las&hellip;","_links":{"self":[{"href":"https:\/\/magazineweb.com.ar\/index.php?rest_route=\/wp\/v2\/posts\/4903","targetHints":{"allow":["GET"]}}],"collection":[{"href":"https:\/\/magazineweb.com.ar\/index.php?rest_route=\/wp\/v2\/posts"}],"about":[{"href":"https:\/\/magazineweb.com.ar\/index.php?rest_route=\/wp\/v2\/types\/post"}],"author":[{"embeddable":true,"href":"https:\/\/magazineweb.com.ar\/index.php?rest_route=\/wp\/v2\/users\/3"}],"replies":[{"embeddable":true,"href":"https:\/\/magazineweb.com.ar\/index.php?rest_route=%2Fwp%2Fv2%2Fcomments&post=4903"}],"version-history":[{"count":1,"href":"https:\/\/magazineweb.com.ar\/index.php?rest_route=\/wp\/v2\/posts\/4903\/revisions"}],"predecessor-version":[{"id":4905,"href":"https:\/\/magazineweb.com.ar\/index.php?rest_route=\/wp\/v2\/posts\/4903\/revisions\/4905"}],"wp:featuredmedia":[{"embeddable":true,"href":"https:\/\/magazineweb.com.ar\/index.php?rest_route=\/wp\/v2\/media\/4904"}],"wp:attachment":[{"href":"https:\/\/magazineweb.com.ar\/index.php?rest_route=%2Fwp%2Fv2%2Fmedia&parent=4903"}],"wp:term":[{"taxonomy":"category","embeddable":true,"href":"https:\/\/magazineweb.com.ar\/index.php?rest_route=%2Fwp%2Fv2%2Fcategories&post=4903"},{"taxonomy":"post_tag","embeddable":true,"href":"https:\/\/magazineweb.com.ar\/index.php?rest_route=%2Fwp%2Fv2%2Ftags&post=4903"}],"curies":[{"name":"wp","href":"https:\/\/api.w.org\/{rel}","templated":true}]}}