{"id":4925,"date":"2024-02-20T01:02:00","date_gmt":"2024-02-20T04:02:00","guid":{"rendered":"https:\/\/magazineweb.com.ar\/?p=4925"},"modified":"2024-02-19T16:54:27","modified_gmt":"2024-02-19T19:54:27","slug":"el-calendario-escolar-bonaerense-contempla-190-dias-de-clases-que-iniciaran-el-1-de-marzo","status":"publish","type":"post","link":"https:\/\/magazineweb.com.ar\/?p=4925","title":{"rendered":"El calendario escolar bonaerense contempla 190 d\u00edas de clases, que iniciar\u00e1n el 1 de marzo"},"content":{"rendered":"\n<p>El calendario escolar del ciclo lectivo 2024 en la provincia de Buenos Aires, que contempla un total de 190 d\u00edas de clases, se iniciar\u00e1 el pr\u00f3ximo viernes 1\u00b0 de marzo y el receso invernal ser\u00e1 desde el 15 de julio hasta el 26 del mismo mes, excepto por los Centros de Educaci\u00f3n F\u00edsica y los Centros educativos complementarios, que no tienen receso.<\/p>\n\n\n\n<p>La Resoluci\u00f3n 134\/24 de la Direcci\u00f3n General de Cultura y Educaci\u00f3n (DGCyE, estableci\u00f3 que el ciclo lectivo de este a\u00f1o se llamar\u00e1: \u00ab2024 -140 a\u00f1os de la sanci\u00f3n de la Ley 1420: inicio de la educaci\u00f3n com\u00fan, p\u00fablica, obligatoria y gratuita\u00bb, y dispone que los colegios privados deben adaptar sus propios calendarios al que establece la normativa.<\/p>\n\n\n\n<p>Tambi\u00e9n encomend\u00f3 a la Subsecretar\u00eda de Planeamiento \u00abla implementaci\u00f3n del Dispositivo tecnol\u00f3gico digital de seguimiento de d\u00edas de clase para todos los establecimientos del sistema educativo provincial, a partir del ciclo lectivo 2024\u00bb.<\/p>\n\n\n\n<p>La resoluci\u00f3n precis\u00f3 que el ciclo lectivo 2024 de la provincia de Buenos Aires tendr\u00e1 un total de 190 d\u00edas de clases que comenzar\u00e1n el 1\u00b0 de marzo para la mayor\u00eda de los establecimientos educativos, y rige para la Educaci\u00f3n inicial, primaria, secundaria, educaci\u00f3n especial y de adultos.<\/p>\n\n\n\n<p>Adem\u00e1s abarca a la Educaci\u00f3n art\u00edstica, Educaci\u00f3n f\u00edsica, Psicolog\u00eda Comunitaria y Pedagog\u00eda Social y los Centros Educativos Complementarios.<\/p>\n\n\n\n<p>Diez d\u00edas despu\u00e9s -el 11 de marzo- se iniciar\u00e1n las clases en los establecimientos de Educaci\u00f3n Superior Formaci\u00f3n Docente Inicial, los de Educaci\u00f3n Superior de Formaci\u00f3n T\u00e9cnica y los de Educaci\u00f3n Superior Art\u00edstica.<\/p>\n\n\n\n<p>El receso invernal ser\u00e1 desde el 15 de julio hasta el 26 del mismo mes, excepto por los Centros de Educaci\u00f3n F\u00edsica y los Centros educativos complementarios, que no tienen receso.<\/p>\n\n\n\n<p>El calendario oficial establece que la finalizaci\u00f3n de las clases ser\u00e1 el 20 de diciembre, excepto para los casos de Educaci\u00f3n superior, que terminan el 22 de noviembre.<\/p>\n\n\n\n<p>Otras dos excepciones la constituyen los Centros Educativos Complementarios, que terminan el 30 de diciembre, y los Centros de Educaci\u00f3n F\u00edsica, que finalizan el 28 de febrero de 2025. <\/p>\n\n\n\n<p><a href=\"https:\/\/laopinionaustral.com.ar\/autor\/telam.html\"><\/a><\/p>\n","protected":false},"excerpt":{"rendered":"<p>El calendario escolar del ciclo lectivo 2024 en la provincia de Buenos Aires, que contempla un total de 190 d\u00edas de clases, se iniciar\u00e1 el pr\u00f3ximo viernes 1\u00b0 de marzo&hellip;<\/p>\n","protected":false},"author":3,"featured_media":4926,"comment_status":"closed","ping_status":"closed","sticky":false,"template":"","format":"standard","meta":{"footnotes":""},"categories":[4,9],"tags":[],"class_list":["post-4925","post","type-post","status-publish","format-standard","has-post-thumbnail","hentry","category-destacados","category-informacion-general"],"rttpg_featured_image_url":{"full":["https:\/\/magazineweb.com.ar\/wp-content\/uploads\/2024\/02\/20230103070137_escuelaprimaria.jpg",880,512,false],"landscape":["https:\/\/magazineweb.com.ar\/wp-content\/uploads\/2024\/02\/20230103070137_escuelaprimaria.jpg",880,512,false],"portraits":["https:\/\/magazineweb.com.ar\/wp-content\/uploads\/2024\/02\/20230103070137_escuelaprimaria.jpg",880,512,false],"thumbnail":["https:\/\/magazineweb.com.ar\/wp-content\/uploads\/2024\/02\/20230103070137_escuelaprimaria-150x150.jpg",150,150,true],"medium":["https:\/\/magazineweb.com.ar\/wp-content\/uploads\/2024\/02\/20230103070137_escuelaprimaria-300x175.jpg",300,175,true],"large":["https:\/\/magazineweb.com.ar\/wp-content\/uploads\/2024\/02\/20230103070137_escuelaprimaria.jpg",880,512,false],"1536x1536":["https:\/\/magazineweb.com.ar\/wp-content\/uploads\/2024\/02\/20230103070137_escuelaprimaria.jpg",880,512,false],"2048x2048":["https:\/\/magazineweb.com.ar\/wp-content\/uploads\/2024\/02\/20230103070137_escuelaprimaria.jpg",880,512,false],"ultp_layout_landscape_large":["https:\/\/magazineweb.com.ar\/wp-content\/uploads\/2024\/02\/20230103070137_escuelaprimaria.jpg",880,512,false],"ultp_layout_landscape":["https:\/\/magazineweb.com.ar\/wp-content\/uploads\/2024\/02\/20230103070137_escuelaprimaria-870x512.jpg",870,512,true],"ultp_layout_portrait":["https:\/\/magazineweb.com.ar\/wp-content\/uploads\/2024\/02\/20230103070137_escuelaprimaria-600x512.jpg",600,512,true],"ultp_layout_square":["https:\/\/magazineweb.com.ar\/wp-content\/uploads\/2024\/02\/20230103070137_escuelaprimaria-600x512.jpg",600,512,true]},"rttpg_author":{"display_name":"Redacci\u00f3n Magazine Web","author_link":"https:\/\/magazineweb.com.ar\/?author=3"},"rttpg_comment":0,"rttpg_category":"<a href=\"https:\/\/magazineweb.com.ar\/?cat=4\" rel=\"category\">Destacados<\/a> <a href=\"https:\/\/magazineweb.com.ar\/?cat=9\" rel=\"category\">Informaci\u00f3n General<\/a>","rttpg_excerpt":"El calendario escolar del ciclo lectivo 2024 en la provincia de Buenos Aires, que contempla un total de 190 d\u00edas de clases, se iniciar\u00e1 el pr\u00f3ximo viernes 1\u00b0 de marzo&hellip;","_links":{"self":[{"href":"https:\/\/magazineweb.com.ar\/index.php?rest_route=\/wp\/v2\/posts\/4925","targetHints":{"allow":["GET"]}}],"collection":[{"href":"https:\/\/magazineweb.com.ar\/index.php?rest_route=\/wp\/v2\/posts"}],"about":[{"href":"https:\/\/magazineweb.com.ar\/index.php?rest_route=\/wp\/v2\/types\/post"}],"author":[{"embeddable":true,"href":"https:\/\/magazineweb.com.ar\/index.php?rest_route=\/wp\/v2\/users\/3"}],"replies":[{"embeddable":true,"href":"https:\/\/magazineweb.com.ar\/index.php?rest_route=%2Fwp%2Fv2%2Fcomments&post=4925"}],"version-history":[{"count":1,"href":"https:\/\/magazineweb.com.ar\/index.php?rest_route=\/wp\/v2\/posts\/4925\/revisions"}],"predecessor-version":[{"id":4927,"href":"https:\/\/magazineweb.com.ar\/index.php?rest_route=\/wp\/v2\/posts\/4925\/revisions\/4927"}],"wp:featuredmedia":[{"embeddable":true,"href":"https:\/\/magazineweb.com.ar\/index.php?rest_route=\/wp\/v2\/media\/4926"}],"wp:attachment":[{"href":"https:\/\/magazineweb.com.ar\/index.php?rest_route=%2Fwp%2Fv2%2Fmedia&parent=4925"}],"wp:term":[{"taxonomy":"category","embeddable":true,"href":"https:\/\/magazineweb.com.ar\/index.php?rest_route=%2Fwp%2Fv2%2Fcategories&post=4925"},{"taxonomy":"post_tag","embeddable":true,"href":"https:\/\/magazineweb.com.ar\/index.php?rest_route=%2Fwp%2Fv2%2Ftags&post=4925"}],"curies":[{"name":"wp","href":"https:\/\/api.w.org\/{rel}","templated":true}]}}