{"id":4941,"date":"2024-02-20T01:01:00","date_gmt":"2024-02-20T04:01:00","guid":{"rendered":"https:\/\/magazineweb.com.ar\/?p=4941"},"modified":"2024-02-19T18:01:43","modified_gmt":"2024-02-19T21:01:43","slug":"robaron-huyeron-por-la-autopista-y-los-pescaron-en-berazategui","status":"publish","type":"post","link":"https:\/\/magazineweb.com.ar\/?p=4941","title":{"rendered":"Robaron, huyeron por la autopista y los pescaron en Berazategui"},"content":{"rendered":"\n<p>Tres hombres de nacionalidad chilena fueron detenidos acusados de integrar una banda que comet\u00eda&nbsp;escruches&nbsp;y&nbsp;entraderas&nbsp;tras una persecuci\u00f3n que se desarroll\u00f3 a lo largo de la&nbsp;autopista Buenos Aires-La Plata&nbsp;y culmin\u00f3 a la altura del partido bonaerense de&nbsp;Berazategui, informaron fuentes policiales.<\/p>\n\n\n\n<p>Todo comenz\u00f3 el domingo por la tarde cuando personal de la&nbsp;comisar\u00eda 5ta. de Berazategui divis\u00f3 una camioneta Chevrolet Spin de color crema saliendo de manera sospechosa de un domicilio ubicado sobre la calle 528, entre 628 y 629, de dicha localidad del sur del conurbano bonaerense.<\/p>\n\n\n\n<p>De esta manera, los uniformados intentaron identificar a los ocupantes del veh\u00edculo, pero los sospechosos se negaron y huyeron a bordo del rodado hacia la autopista Buenos Aires-La Plata.<\/p>\n\n\n\n<p>Por lo tanto, los agentes, que contaron con patrulleros de apoyo del Destacamento Pereyra y de la polic\u00eda local, llevaron a cabo un&nbsp;operativo cerrojo&nbsp;y persiguieron a la Chevrolet Spin hasta interceptarla a la altura del kil\u00f3metro 28,5 de la ya mencionada autov\u00eda.<\/p>\n\n\n\n<p>En esas circunstancias, los fugitivos intentaron huir a pie del lugar y uno de ellos extrajo un objeto de color negro, seg\u00fan detallaron los voceros policiales.<\/p>\n\n\n\n<p>En consecuencia y temiendo que dicho objeto se tratara de un arma de fuego, uno de los oficiales intervinientes extrajo su pistola reglamentaria Bersa Thunder y&nbsp;le dispar\u00f3 al sospechoso en una de sus piernas.<\/p>\n\n\n\n<p>Finalmente,&nbsp;los tres hombres fueron detenidos, mientras que el herido fue trasladado a un hospital de la zona.<\/p>\n\n\n\n<p>Entre los objetos secuestrados a los imputados, hab\u00eda todo tipo de herramientas -destornilladores, un martillo, fierros y barreta-, y hasta una consola de videojuegos PlayStation.<\/p>\n\n\n\n<p>Tras ser capturados, dos de los detenidos brindaron identidades falsas al personal policial, pero luego los funcionarios establecieron que los tres sujetos eran de nacionalidad chilena y que estaban&nbsp;acusados de haber participado el viernes de un robo bajo la modalidad entradera en la localidad bonaerense de Punta Lara.<\/p>\n\n\n\n<p>Sobre ese hecho, las fuentes indicaron que la v\u00edctima fue una mujer de 64 a\u00f1os, a quien le sustrajeron dinero en efectivo y joyas de oro.<\/p>\n\n\n\n<p>Interviene en la investigaci\u00f3n la fiscal de la Unidad Funcional de Instrucci\u00f3n (UFI) 3 de Berazategui, Gabriela Mateos, quien orden\u00f3 el secuestro del arma reglamentaria del polic\u00eda que dispar\u00f3.<\/p>\n\n\n\n<p>Mientras tanto, la representante del Ministerio P\u00fablico imparti\u00f3 una serie de directivas para corroborar las identidades y edades de los detenidos, a quienes les imput\u00f3 el delito de \u00abrobo en poblado y en banda bajo modalidad escruche y entradera\u00bb.<\/p>\n","protected":false},"excerpt":{"rendered":"<p>Tres hombres de nacionalidad chilena fueron detenidos acusados de integrar una banda que comet\u00eda&nbsp;escruches&nbsp;y&nbsp;entraderas&nbsp;tras una persecuci\u00f3n que se desarroll\u00f3 a lo largo de la&nbsp;autopista Buenos Aires-La Plata&nbsp;y culmin\u00f3 a la&hellip;<\/p>\n","protected":false},"author":3,"featured_media":4942,"comment_status":"closed","ping_status":"closed","sticky":false,"template":"","format":"standard","meta":{"footnotes":""},"categories":[4,9],"tags":[],"class_list":["post-4941","post","type-post","status-publish","format-standard","has-post-thumbnail","hentry","category-destacados","category-informacion-general"],"rttpg_featured_image_url":{"full":["https:\/\/magazineweb.com.ar\/wp-content\/uploads\/2024\/02\/65d35e8fc96bc_1200.jpg",1200,675,false],"landscape":["https:\/\/magazineweb.com.ar\/wp-content\/uploads\/2024\/02\/65d35e8fc96bc_1200.jpg",1200,675,false],"portraits":["https:\/\/magazineweb.com.ar\/wp-content\/uploads\/2024\/02\/65d35e8fc96bc_1200.jpg",1200,675,false],"thumbnail":["https:\/\/magazineweb.com.ar\/wp-content\/uploads\/2024\/02\/65d35e8fc96bc_1200-150x150.jpg",150,150,true],"medium":["https:\/\/magazineweb.com.ar\/wp-content\/uploads\/2024\/02\/65d35e8fc96bc_1200-300x169.jpg",300,169,true],"large":["https:\/\/magazineweb.com.ar\/wp-content\/uploads\/2024\/02\/65d35e8fc96bc_1200-1024x576.jpg",1024,576,true],"1536x1536":["https:\/\/magazineweb.com.ar\/wp-content\/uploads\/2024\/02\/65d35e8fc96bc_1200.jpg",1200,675,false],"2048x2048":["https:\/\/magazineweb.com.ar\/wp-content\/uploads\/2024\/02\/65d35e8fc96bc_1200.jpg",1200,675,false],"ultp_layout_landscape_large":["https:\/\/magazineweb.com.ar\/wp-content\/uploads\/2024\/02\/65d35e8fc96bc_1200.jpg",1200,675,false],"ultp_layout_landscape":["https:\/\/magazineweb.com.ar\/wp-content\/uploads\/2024\/02\/65d35e8fc96bc_1200-870x570.jpg",870,570,true],"ultp_layout_portrait":["https:\/\/magazineweb.com.ar\/wp-content\/uploads\/2024\/02\/65d35e8fc96bc_1200-600x675.jpg",600,675,true],"ultp_layout_square":["https:\/\/magazineweb.com.ar\/wp-content\/uploads\/2024\/02\/65d35e8fc96bc_1200-600x600.jpg",600,600,true]},"rttpg_author":{"display_name":"Redacci\u00f3n Magazine Web","author_link":"https:\/\/magazineweb.com.ar\/?author=3"},"rttpg_comment":0,"rttpg_category":"<a href=\"https:\/\/magazineweb.com.ar\/?cat=4\" rel=\"category\">Destacados<\/a> <a href=\"https:\/\/magazineweb.com.ar\/?cat=9\" rel=\"category\">Informaci\u00f3n General<\/a>","rttpg_excerpt":"Tres hombres de nacionalidad chilena fueron detenidos acusados de integrar una banda que comet\u00eda&nbsp;escruches&nbsp;y&nbsp;entraderas&nbsp;tras una persecuci\u00f3n que se desarroll\u00f3 a lo largo de la&nbsp;autopista Buenos Aires-La Plata&nbsp;y culmin\u00f3 a la&hellip;","_links":{"self":[{"href":"https:\/\/magazineweb.com.ar\/index.php?rest_route=\/wp\/v2\/posts\/4941","targetHints":{"allow":["GET"]}}],"collection":[{"href":"https:\/\/magazineweb.com.ar\/index.php?rest_route=\/wp\/v2\/posts"}],"about":[{"href":"https:\/\/magazineweb.com.ar\/index.php?rest_route=\/wp\/v2\/types\/post"}],"author":[{"embeddable":true,"href":"https:\/\/magazineweb.com.ar\/index.php?rest_route=\/wp\/v2\/users\/3"}],"replies":[{"embeddable":true,"href":"https:\/\/magazineweb.com.ar\/index.php?rest_route=%2Fwp%2Fv2%2Fcomments&post=4941"}],"version-history":[{"count":1,"href":"https:\/\/magazineweb.com.ar\/index.php?rest_route=\/wp\/v2\/posts\/4941\/revisions"}],"predecessor-version":[{"id":4943,"href":"https:\/\/magazineweb.com.ar\/index.php?rest_route=\/wp\/v2\/posts\/4941\/revisions\/4943"}],"wp:featuredmedia":[{"embeddable":true,"href":"https:\/\/magazineweb.com.ar\/index.php?rest_route=\/wp\/v2\/media\/4942"}],"wp:attachment":[{"href":"https:\/\/magazineweb.com.ar\/index.php?rest_route=%2Fwp%2Fv2%2Fmedia&parent=4941"}],"wp:term":[{"taxonomy":"category","embeddable":true,"href":"https:\/\/magazineweb.com.ar\/index.php?rest_route=%2Fwp%2Fv2%2Fcategories&post=4941"},{"taxonomy":"post_tag","embeddable":true,"href":"https:\/\/magazineweb.com.ar\/index.php?rest_route=%2Fwp%2Fv2%2Ftags&post=4941"}],"curies":[{"name":"wp","href":"https:\/\/api.w.org\/{rel}","templated":true}]}}