{"id":5013,"date":"2024-02-26T01:08:00","date_gmt":"2024-02-26T04:08:00","guid":{"rendered":"https:\/\/magazineweb.com.ar\/?p=5013"},"modified":"2024-02-23T22:32:42","modified_gmt":"2024-02-24T01:32:42","slug":"vacunacion-antirrabica-y-desparasitacion-en-el-barrio-26-de-septiembre","status":"publish","type":"post","link":"https:\/\/magazineweb.com.ar\/?p=5013","title":{"rendered":"Vacunaci\u00f3n antirr\u00e1bica y desparasitaci\u00f3n en el barrio 26 de Septiembre"},"content":{"rendered":"\n<p>Desde este lunes 26 y hasta el jueves 29 de febrero se realizar\u00e1n nuevas jornadas municipales de vacunaci\u00f3n antirr\u00e1bica y desparasitaci\u00f3n de perros y gatos. Esta vez, se llevar\u00e1n a cabo en la Sociedad de Fomento Sevilla (calle 116 e\/ 30 y 31). En todas las fechas, la atenci\u00f3n ser\u00e1 gratuita y se brindar\u00e1 en el horario de 9.00 a 12.00.<\/p>\n\n\n\n<p>Estas jornadas est\u00e1n encabezadas por los y las profesionales de la Cl\u00ednica Veterinaria Municipal que, durante todo el a\u00f1o, recorren los barrios del distrito con servicios gratuitos como vacunaci\u00f3n antirr\u00e1bica, desparasitaci\u00f3n y castraci\u00f3n de perros y gatos.&nbsp;<\/p>\n\n\n\n<p>Estas medidas sanitarias esenciales son impulsadas por el intendente de Berazategui -Dr. Juan Jos\u00e9 Mussi- y organizadas por la Secretar\u00eda de Salud P\u00fablica e Higiene, con el objetivo de prevenir enfermedades y contribuir con la regulaci\u00f3n del crecimiento poblacional de animales.<\/p>\n\n\n\n<p>Para conocer m\u00e1s acerca de las medidas sanitarias municipales para cuidar a los animalitos de compa\u00f1\u00eda, se puede ingresar a&nbsp;<a href=\"http:\/\/corazondezonasur.com.ar\/servicios\" target=\"_blank\" rel=\"noreferrer noopener\">corazondezonasur.com.ar\/servicios<\/a>.<\/p>\n","protected":false},"excerpt":{"rendered":"<p>Desde este lunes 26 y hasta el jueves 29 de febrero se realizar\u00e1n nuevas jornadas municipales de vacunaci\u00f3n antirr\u00e1bica y desparasitaci\u00f3n de perros y gatos. Esta vez, se llevar\u00e1n a&hellip;<\/p>\n","protected":false},"author":3,"featured_media":5014,"comment_status":"closed","ping_status":"closed","sticky":false,"template":"","format":"standard","meta":{"footnotes":""},"categories":[16],"tags":[],"class_list":["post-5013","post","type-post","status-publish","format-standard","has-post-thumbnail","hentry","category-salud-y-medio-ambiente"],"rttpg_featured_image_url":{"full":["https:\/\/magazineweb.com.ar\/wp-content\/uploads\/2024\/02\/thumbnail_VACUNACION-ANTIRRABICA-Y-DESPARASITACION-EN-EL-BARRIO-26-DE-SEPTIEMBRE2.jpg",1920,1440,false],"landscape":["https:\/\/magazineweb.com.ar\/wp-content\/uploads\/2024\/02\/thumbnail_VACUNACION-ANTIRRABICA-Y-DESPARASITACION-EN-EL-BARRIO-26-DE-SEPTIEMBRE2.jpg",1920,1440,false],"portraits":["https:\/\/magazineweb.com.ar\/wp-content\/uploads\/2024\/02\/thumbnail_VACUNACION-ANTIRRABICA-Y-DESPARASITACION-EN-EL-BARRIO-26-DE-SEPTIEMBRE2.jpg",1920,1440,false],"thumbnail":["https:\/\/magazineweb.com.ar\/wp-content\/uploads\/2024\/02\/thumbnail_VACUNACION-ANTIRRABICA-Y-DESPARASITACION-EN-EL-BARRIO-26-DE-SEPTIEMBRE2-150x150.jpg",150,150,true],"medium":["https:\/\/magazineweb.com.ar\/wp-content\/uploads\/2024\/02\/thumbnail_VACUNACION-ANTIRRABICA-Y-DESPARASITACION-EN-EL-BARRIO-26-DE-SEPTIEMBRE2-300x225.jpg",300,225,true],"large":["https:\/\/magazineweb.com.ar\/wp-content\/uploads\/2024\/02\/thumbnail_VACUNACION-ANTIRRABICA-Y-DESPARASITACION-EN-EL-BARRIO-26-DE-SEPTIEMBRE2-1024x768.jpg",1024,768,true],"1536x1536":["https:\/\/magazineweb.com.ar\/wp-content\/uploads\/2024\/02\/thumbnail_VACUNACION-ANTIRRABICA-Y-DESPARASITACION-EN-EL-BARRIO-26-DE-SEPTIEMBRE2-1536x1152.jpg",1536,1152,true],"2048x2048":["https:\/\/magazineweb.com.ar\/wp-content\/uploads\/2024\/02\/thumbnail_VACUNACION-ANTIRRABICA-Y-DESPARASITACION-EN-EL-BARRIO-26-DE-SEPTIEMBRE2.jpg",1920,1440,false],"ultp_layout_landscape_large":["https:\/\/magazineweb.com.ar\/wp-content\/uploads\/2024\/02\/thumbnail_VACUNACION-ANTIRRABICA-Y-DESPARASITACION-EN-EL-BARRIO-26-DE-SEPTIEMBRE2-1200x800.jpg",1200,800,true],"ultp_layout_landscape":["https:\/\/magazineweb.com.ar\/wp-content\/uploads\/2024\/02\/thumbnail_VACUNACION-ANTIRRABICA-Y-DESPARASITACION-EN-EL-BARRIO-26-DE-SEPTIEMBRE2-870x570.jpg",870,570,true],"ultp_layout_portrait":["https:\/\/magazineweb.com.ar\/wp-content\/uploads\/2024\/02\/thumbnail_VACUNACION-ANTIRRABICA-Y-DESPARASITACION-EN-EL-BARRIO-26-DE-SEPTIEMBRE2-600x900.jpg",600,900,true],"ultp_layout_square":["https:\/\/magazineweb.com.ar\/wp-content\/uploads\/2024\/02\/thumbnail_VACUNACION-ANTIRRABICA-Y-DESPARASITACION-EN-EL-BARRIO-26-DE-SEPTIEMBRE2-600x600.jpg",600,600,true]},"rttpg_author":{"display_name":"Redacci\u00f3n Magazine Web","author_link":"https:\/\/magazineweb.com.ar\/?author=3"},"rttpg_comment":0,"rttpg_category":"<a href=\"https:\/\/magazineweb.com.ar\/?cat=16\" rel=\"category\">Salud y Medio Ambiente<\/a>","rttpg_excerpt":"Desde este lunes 26 y hasta el jueves 29 de febrero se realizar\u00e1n nuevas jornadas municipales de vacunaci\u00f3n antirr\u00e1bica y desparasitaci\u00f3n de perros y gatos. Esta vez, se llevar\u00e1n a&hellip;","_links":{"self":[{"href":"https:\/\/magazineweb.com.ar\/index.php?rest_route=\/wp\/v2\/posts\/5013","targetHints":{"allow":["GET"]}}],"collection":[{"href":"https:\/\/magazineweb.com.ar\/index.php?rest_route=\/wp\/v2\/posts"}],"about":[{"href":"https:\/\/magazineweb.com.ar\/index.php?rest_route=\/wp\/v2\/types\/post"}],"author":[{"embeddable":true,"href":"https:\/\/magazineweb.com.ar\/index.php?rest_route=\/wp\/v2\/users\/3"}],"replies":[{"embeddable":true,"href":"https:\/\/magazineweb.com.ar\/index.php?rest_route=%2Fwp%2Fv2%2Fcomments&post=5013"}],"version-history":[{"count":1,"href":"https:\/\/magazineweb.com.ar\/index.php?rest_route=\/wp\/v2\/posts\/5013\/revisions"}],"predecessor-version":[{"id":5015,"href":"https:\/\/magazineweb.com.ar\/index.php?rest_route=\/wp\/v2\/posts\/5013\/revisions\/5015"}],"wp:featuredmedia":[{"embeddable":true,"href":"https:\/\/magazineweb.com.ar\/index.php?rest_route=\/wp\/v2\/media\/5014"}],"wp:attachment":[{"href":"https:\/\/magazineweb.com.ar\/index.php?rest_route=%2Fwp%2Fv2%2Fmedia&parent=5013"}],"wp:term":[{"taxonomy":"category","embeddable":true,"href":"https:\/\/magazineweb.com.ar\/index.php?rest_route=%2Fwp%2Fv2%2Fcategories&post=5013"},{"taxonomy":"post_tag","embeddable":true,"href":"https:\/\/magazineweb.com.ar\/index.php?rest_route=%2Fwp%2Fv2%2Ftags&post=5013"}],"curies":[{"name":"wp","href":"https:\/\/api.w.org\/{rel}","templated":true}]}}