{"id":5025,"date":"2024-02-26T01:07:00","date_gmt":"2024-02-26T04:07:00","guid":{"rendered":"https:\/\/magazineweb.com.ar\/?p=5025"},"modified":"2024-02-23T23:17:51","modified_gmt":"2024-02-24T02:17:51","slug":"operativos-itinerantes-de-vacunacion-en-varela","status":"publish","type":"post","link":"https:\/\/magazineweb.com.ar\/?p=5025","title":{"rendered":"Operativos itinerantes de vacunaci\u00f3n en Varela"},"content":{"rendered":"\n<p>La Comuna program\u00f3 jornadas de inmunizaci\u00f3n a la ciudadan\u00eda donde colocar dosis contra la Covid-19 y las pertenecientes al Calendario Nacional.<\/p>\n\n\n\n<p>Mediante la cartera sanitaria municipal, seleccionaron puntos estrat\u00e9gicos del partido donde instalar las postas e inocular a los vecinos y las vecinas, desde las 10 hasta las 14 hs. de acuerdo con el siguiente cronograma:<\/p>\n\n\n\n<p>Lunes 26 de febrero, Plaza Buenos Aires, sito en calle 926, Ricardo Rojas.<\/p>\n\n\n\n<p>Mi\u00e9rcoles 28 de febrero, en la esquina de Don Segundo Sombra&nbsp;y El&nbsp;Aljibe, KM 26,700.<\/p>\n\n\n\n<p>Viernes 1 de marzo, en la intersecci\u00f3n de Mariano Boedo con Monserrat, Villa Esther.<\/p>\n\n\n\n<p>En un dispositivo anterior, Beatriz valor\u00f3 que la propuesta \u201cfuera en distintos lugares, cerca de nuestras casas\u201d. Revel\u00f3 que conoc\u00eda \u201cmucha gente que pospon\u00eda cuestiones de salud por no viajar lejos\u201d.<\/p>\n\n\n\n<p>\u201cConcurr\u00ed con la intenci\u00f3n de vacunarme, pero antes me tomaron la presi\u00f3n y la encontraron alta\u201d, comparti\u00f3 la mujer sobre su experiencia. \u201cMe recomendaron chequeos m\u00e9dicos para tratarla\u201d, agreg\u00f3.<\/p>\n\n\n\n<p>Previeron la suspensi\u00f3n en la atenci\u00f3n ante condiciones clim\u00e1ticas desfavorables. Interesados e interesadas presentar su Documento Nacional de Identidad y\/o carnet de vacunaci\u00f3n para verificar la informaci\u00f3n de cada esquema en forma personalizada.<\/p>\n","protected":false},"excerpt":{"rendered":"<p>La Comuna program\u00f3 jornadas de inmunizaci\u00f3n a la ciudadan\u00eda donde colocar dosis contra la Covid-19 y las pertenecientes al Calendario Nacional. Mediante la cartera sanitaria municipal, seleccionaron puntos estrat\u00e9gicos del&hellip;<\/p>\n","protected":false},"author":3,"featured_media":5026,"comment_status":"closed","ping_status":"closed","sticky":false,"template":"","format":"standard","meta":{"footnotes":""},"categories":[16],"tags":[],"class_list":["post-5025","post","type-post","status-publish","format-standard","has-post-thumbnail","hentry","category-salud-y-medio-ambiente"],"rttpg_featured_image_url":{"full":["https:\/\/magazineweb.com.ar\/wp-content\/uploads\/2024\/02\/VACUNA-FV.jpg",800,600,false],"landscape":["https:\/\/magazineweb.com.ar\/wp-content\/uploads\/2024\/02\/VACUNA-FV.jpg",800,600,false],"portraits":["https:\/\/magazineweb.com.ar\/wp-content\/uploads\/2024\/02\/VACUNA-FV.jpg",800,600,false],"thumbnail":["https:\/\/magazineweb.com.ar\/wp-content\/uploads\/2024\/02\/VACUNA-FV-150x150.jpg",150,150,true],"medium":["https:\/\/magazineweb.com.ar\/wp-content\/uploads\/2024\/02\/VACUNA-FV-300x225.jpg",300,225,true],"large":["https:\/\/magazineweb.com.ar\/wp-content\/uploads\/2024\/02\/VACUNA-FV.jpg",800,600,false],"1536x1536":["https:\/\/magazineweb.com.ar\/wp-content\/uploads\/2024\/02\/VACUNA-FV.jpg",800,600,false],"2048x2048":["https:\/\/magazineweb.com.ar\/wp-content\/uploads\/2024\/02\/VACUNA-FV.jpg",800,600,false],"ultp_layout_landscape_large":["https:\/\/magazineweb.com.ar\/wp-content\/uploads\/2024\/02\/VACUNA-FV.jpg",800,600,false],"ultp_layout_landscape":["https:\/\/magazineweb.com.ar\/wp-content\/uploads\/2024\/02\/VACUNA-FV-800x570.jpg",800,570,true],"ultp_layout_portrait":["https:\/\/magazineweb.com.ar\/wp-content\/uploads\/2024\/02\/VACUNA-FV-600x600.jpg",600,600,true],"ultp_layout_square":["https:\/\/magazineweb.com.ar\/wp-content\/uploads\/2024\/02\/VACUNA-FV-600x600.jpg",600,600,true]},"rttpg_author":{"display_name":"Redacci\u00f3n Magazine Web","author_link":"https:\/\/magazineweb.com.ar\/?author=3"},"rttpg_comment":0,"rttpg_category":"<a href=\"https:\/\/magazineweb.com.ar\/?cat=16\" rel=\"category\">Salud y Medio Ambiente<\/a>","rttpg_excerpt":"La Comuna program\u00f3 jornadas de inmunizaci\u00f3n a la ciudadan\u00eda donde colocar dosis contra la Covid-19 y las pertenecientes al Calendario Nacional. Mediante la cartera sanitaria municipal, seleccionaron puntos estrat\u00e9gicos del&hellip;","_links":{"self":[{"href":"https:\/\/magazineweb.com.ar\/index.php?rest_route=\/wp\/v2\/posts\/5025","targetHints":{"allow":["GET"]}}],"collection":[{"href":"https:\/\/magazineweb.com.ar\/index.php?rest_route=\/wp\/v2\/posts"}],"about":[{"href":"https:\/\/magazineweb.com.ar\/index.php?rest_route=\/wp\/v2\/types\/post"}],"author":[{"embeddable":true,"href":"https:\/\/magazineweb.com.ar\/index.php?rest_route=\/wp\/v2\/users\/3"}],"replies":[{"embeddable":true,"href":"https:\/\/magazineweb.com.ar\/index.php?rest_route=%2Fwp%2Fv2%2Fcomments&post=5025"}],"version-history":[{"count":1,"href":"https:\/\/magazineweb.com.ar\/index.php?rest_route=\/wp\/v2\/posts\/5025\/revisions"}],"predecessor-version":[{"id":5027,"href":"https:\/\/magazineweb.com.ar\/index.php?rest_route=\/wp\/v2\/posts\/5025\/revisions\/5027"}],"wp:featuredmedia":[{"embeddable":true,"href":"https:\/\/magazineweb.com.ar\/index.php?rest_route=\/wp\/v2\/media\/5026"}],"wp:attachment":[{"href":"https:\/\/magazineweb.com.ar\/index.php?rest_route=%2Fwp%2Fv2%2Fmedia&parent=5025"}],"wp:term":[{"taxonomy":"category","embeddable":true,"href":"https:\/\/magazineweb.com.ar\/index.php?rest_route=%2Fwp%2Fv2%2Fcategories&post=5025"},{"taxonomy":"post_tag","embeddable":true,"href":"https:\/\/magazineweb.com.ar\/index.php?rest_route=%2Fwp%2Fv2%2Ftags&post=5025"}],"curies":[{"name":"wp","href":"https:\/\/api.w.org\/{rel}","templated":true}]}}