{"id":5061,"date":"2024-02-26T01:06:00","date_gmt":"2024-02-26T04:06:00","guid":{"rendered":"https:\/\/magazineweb.com.ar\/?p=5061"},"modified":"2024-02-24T23:37:26","modified_gmt":"2024-02-25T02:37:26","slug":"la-luz-subira-118-promedio-en-la-provincia-de-buenos-aires","status":"publish","type":"post","link":"https:\/\/magazineweb.com.ar\/?p=5061","title":{"rendered":"La luz subir\u00e1 118% promedio en la provincia de Buenos Aires"},"content":{"rendered":"\n<p>Los bolsillos recibir\u00e1n otro duro golpe. La provincia de Buenos Aires anunci\u00f3 que las tarifas de electricidad subir\u00e1n 118% promedio, en todo el territorio excluyendo el \u00e1rea metropolitana.<\/p>\n\n\n\n<p>El tarifazo se ver\u00e1 reflejado en los consumos correspondientes a y, en el caso de los usuarios residenciales de grandes ingresos \u2013y los de ingresos medios que consuman m\u00e1s de 400 kWh mes\u2013 implicar\u00e1 un incremento de 118%; para los peque\u00f1os comercios, de 413%, y para los organismos p\u00fablicos, de 186%.<\/p>\n\n\n\n<p>Ser\u00e1 por el traslado a cuadros tarifarios provinciales del aumento en el precio mayorista de la energ\u00eda y la quita de subsidios definidos por la Secretar\u00eda de Energ\u00eda de la Naci\u00f3n.<\/p>\n\n\n\n<p>El detalle de c\u00f3mo ser\u00e1n las subas en cada caso lo especific\u00f3 el Ministerio de Infraestructura y Servicios P\u00fablicos de la provincia de Buenos Aires, mediante un comunicado.<\/p>\n\n\n\n<p>All\u00ed se indic\u00f3: \u201cEl aumento de la energ\u00eda afecta a los usuarios residenciales de grandes ingresos y a los de ingresos medios que consuman m\u00e1s de 400 kWh mes, en un 118%. En el caso extremo de los peque\u00f1os comercios \u2013que son aquellos que consuman menos de 800 kWh mes\u2013, la suba alcanza un 413%. Tambi\u00e9n hay un aumento para los organismos p\u00fablicos de las carteras de Educaci\u00f3n y Salud, que sufrir\u00e1n una suba del 186%\u201d.<\/p>\n\n\n\n<p>Debido a la pandemia de coronavirus y a la crisis posterior, las tarifas se mantuvieron muy por debajo del aumento de costos.<\/p>\n\n\n\n<p>Las distribuidoras provinciales y cooperativas mantuvieron sus operaciones gracias a los subsidios energ\u00e9ticos y a que se les permiti\u00f3 hacer pagos parciales a Cammesa, pero eso hizo que fueran acumulando una deuda.<\/p>\n\n\n\n<p>En ese sentido, el escenario actual por parte de las distribuidoras y cooperativas es de un alto nivel de endeudamiento.<\/p>\n\n\n\n<p>\u201cEn el caso del sector cooperativo, se evidencia un mayor nivel de gravedad. Si bien es un sector altamente heterog\u00e9neo, se observa que en muchos casos no alcanzar\u00edan a pagar los sueldos si abonaran el 100% de la energ\u00eda que compran\u201d, se remarc\u00f3 en el comunicado mencionado.<\/p>\n\n\n\n<p>En este contexto, adem\u00e1s del incremento del costo de la energ\u00eda, pr\u00f3ximamente se sumar\u00e1 un aumento de uno de los componentes de la tarifa: el Valor Agregado de Distribuci\u00f3n (VAD) que se utilizar\u00e1 para sanear la deuda con Cammesa y lograr garantizar la operaci\u00f3n del servicio. \u201cSumados ambos, la tarifa sufrir\u00e1 un incremento promedio del 180%\u201d, se estim\u00f3.<\/p>\n\n\n\n<p>De esta manera, un usuario residencial de altos ingresos (N1) que consume 150 kWh mes pasar\u00e1 de pagar en promedio $8600 por mes a pagar $24.000.<\/p>\n\n\n\n<p>En el caso de los usuarios N2 de bajos ingresos, si pagaba $3500 por mes consumiendo 150 kWh en enero, en marzo pagar\u00e1 $10.500. Estos incrementos son similares a los que ya fueron aplicados recientemente a las facturas de los bonaerenses que viven en el \u00c1rea Metropolitana de Buenos Aires (AMBA), \u00e1reas de concesi\u00f3n de Edenor y Edesur, las dos distribuidoras bajo jurisdicci\u00f3n nacional.<\/p>\n\n\n\n<p>Esto va en l\u00ednea con el aumento nacional que empez\u00f3 a aplicar el Gobierno desde el viernes pasado y que tiene como objetivo comenzar a disminuir los subsidios. En tal sentido, a partir del 16 del actual comenzaron a regir los nuevos cuadros tarifarios de Edenor y Edesur, que ven\u00edan siendo demorados.<\/p>\n\n\n\n<p>Como hab\u00eda anticipado el reporte del staff del Fondo Monetario Internacional (FMI), con estos incrementos las boletas de luz subir\u00e1n hasta 150% para los usuarios de altos ingresos (N1) del AMBA. En tanto, para los hogares de ingresos bajos (N2) y medios (N3), las subas ser\u00e1n de hasta 70%.<\/p>\n\n\n\n<p>Seg\u00fan un comunicado de la Secretar\u00eda de Energ\u00eda, considerando un consumo de 380 kWh por mes, en el caso de los usuarios de altos ingresos, a quienes se les quit\u00f3 el subsidio a la generaci\u00f3n el\u00e9ctrica, una factura de $13.900 pasar\u00e1 a pagar $34.332, lo que representa un incremento del 150%. Esta suba alcanza a 5,4 millones de usuarios residenciales (casi el 35% del total).<\/p>\n\n\n\n<p>En el caso de los hogares de ingresos bajos, para un mismo nivel de consumo y periodo, pasar\u00e1 de $4360 a $7415, lo que representa una actualizaci\u00f3n del 70%.<\/p>\n\n\n\n<p>En lo que respecta a los usuarios de ingresos medios con un consumo de hasta 400 kWh por mes, pasar\u00e1 de $4783 a $7850, que equivale a una variaci\u00f3n de 65%.<\/p>\n\n\n\n<p>\u201cCabe se\u00f1alar que, en esta clase de usuarios, en caso de superar los 400 kWh mensuales, si el consumo alcanzara los 600 kWh, el monto pasar\u00eda de $14.600 a $34.000, es decir, un 130% de diferencia en la reconfiguraci\u00f3n tarifaria\u201d, explic\u00f3 el comunicado oficial enviada semanas atr\u00e1s a los medios.<\/p>\n\n\n\n<p>El Gobierno espera ahorrar unos 0,7 puntos del PBI este a\u00f1o en subsidios econ\u00f3micos. \u201cEntre energ\u00eda y gas [falta a\u00fan anunciar ese aumento] va a ser 0,55 del producto para el a\u00f1o. El otro 0,15% ser\u00e1 por transporte\u201d, afirmaron cerca del ministro de Econom\u00eda, Luis Caputo.<\/p>\n\n\n\n<p>La Secretar\u00eda de Energ\u00eda inform\u00f3 que las tarifas sancionadas tendr\u00e1n vigencia transitoria de un a\u00f1o, mientras se lleva a cabo, conforme a la ley 24.065, una revisi\u00f3n tarifaria quinquenal (periodo 2024-2028) para garantizar la ejecuci\u00f3n de inversiones que requieren de mayor tiempo de amortizaci\u00f3n y fortalecer la calidad del suministro a los usuarios. A fin de mantener el valor real de la tarifa transitoria, se aplica un mecanismo de ajuste mensual que empezar\u00e1 a regir a partir de abril.<\/p>\n","protected":false},"excerpt":{"rendered":"<p>Los bolsillos recibir\u00e1n otro duro golpe. La provincia de Buenos Aires anunci\u00f3 que las tarifas de electricidad subir\u00e1n 118% promedio, en todo el territorio excluyendo el \u00e1rea metropolitana. El tarifazo&hellip;<\/p>\n","protected":false},"author":3,"featured_media":5062,"comment_status":"closed","ping_status":"closed","sticky":false,"template":"","format":"standard","meta":{"footnotes":""},"categories":[5],"tags":[],"class_list":["post-5061","post","type-post","status-publish","format-standard","has-post-thumbnail","hentry","category-economia"],"rttpg_featured_image_url":{"full":["https:\/\/magazineweb.com.ar\/wp-content\/uploads\/2024\/02\/tarifas-luzjpg.webp",1400,786,false],"landscape":["https:\/\/magazineweb.com.ar\/wp-content\/uploads\/2024\/02\/tarifas-luzjpg.webp",1400,786,false],"portraits":["https:\/\/magazineweb.com.ar\/wp-content\/uploads\/2024\/02\/tarifas-luzjpg.webp",1400,786,false],"thumbnail":["https:\/\/magazineweb.com.ar\/wp-content\/uploads\/2024\/02\/tarifas-luzjpg-150x150.webp",150,150,true],"medium":["https:\/\/magazineweb.com.ar\/wp-content\/uploads\/2024\/02\/tarifas-luzjpg-300x168.webp",300,168,true],"large":["https:\/\/magazineweb.com.ar\/wp-content\/uploads\/2024\/02\/tarifas-luzjpg-1024x575.webp",1024,575,true],"1536x1536":["https:\/\/magazineweb.com.ar\/wp-content\/uploads\/2024\/02\/tarifas-luzjpg.webp",1400,786,false],"2048x2048":["https:\/\/magazineweb.com.ar\/wp-content\/uploads\/2024\/02\/tarifas-luzjpg.webp",1400,786,false],"ultp_layout_landscape_large":["https:\/\/magazineweb.com.ar\/wp-content\/uploads\/2024\/02\/tarifas-luzjpg-1200x786.webp",1200,786,true],"ultp_layout_landscape":["https:\/\/magazineweb.com.ar\/wp-content\/uploads\/2024\/02\/tarifas-luzjpg-870x570.webp",870,570,true],"ultp_layout_portrait":["https:\/\/magazineweb.com.ar\/wp-content\/uploads\/2024\/02\/tarifas-luzjpg-600x786.webp",600,786,true],"ultp_layout_square":["https:\/\/magazineweb.com.ar\/wp-content\/uploads\/2024\/02\/tarifas-luzjpg-600x600.webp",600,600,true]},"rttpg_author":{"display_name":"Redacci\u00f3n Magazine Web","author_link":"https:\/\/magazineweb.com.ar\/?author=3"},"rttpg_comment":0,"rttpg_category":"<a href=\"https:\/\/magazineweb.com.ar\/?cat=5\" rel=\"category\">Econom\u00eda<\/a>","rttpg_excerpt":"Los bolsillos recibir\u00e1n otro duro golpe. La provincia de Buenos Aires anunci\u00f3 que las tarifas de electricidad subir\u00e1n 118% promedio, en todo el territorio excluyendo el \u00e1rea metropolitana. El tarifazo&hellip;","_links":{"self":[{"href":"https:\/\/magazineweb.com.ar\/index.php?rest_route=\/wp\/v2\/posts\/5061","targetHints":{"allow":["GET"]}}],"collection":[{"href":"https:\/\/magazineweb.com.ar\/index.php?rest_route=\/wp\/v2\/posts"}],"about":[{"href":"https:\/\/magazineweb.com.ar\/index.php?rest_route=\/wp\/v2\/types\/post"}],"author":[{"embeddable":true,"href":"https:\/\/magazineweb.com.ar\/index.php?rest_route=\/wp\/v2\/users\/3"}],"replies":[{"embeddable":true,"href":"https:\/\/magazineweb.com.ar\/index.php?rest_route=%2Fwp%2Fv2%2Fcomments&post=5061"}],"version-history":[{"count":1,"href":"https:\/\/magazineweb.com.ar\/index.php?rest_route=\/wp\/v2\/posts\/5061\/revisions"}],"predecessor-version":[{"id":5063,"href":"https:\/\/magazineweb.com.ar\/index.php?rest_route=\/wp\/v2\/posts\/5061\/revisions\/5063"}],"wp:featuredmedia":[{"embeddable":true,"href":"https:\/\/magazineweb.com.ar\/index.php?rest_route=\/wp\/v2\/media\/5062"}],"wp:attachment":[{"href":"https:\/\/magazineweb.com.ar\/index.php?rest_route=%2Fwp%2Fv2%2Fmedia&parent=5061"}],"wp:term":[{"taxonomy":"category","embeddable":true,"href":"https:\/\/magazineweb.com.ar\/index.php?rest_route=%2Fwp%2Fv2%2Fcategories&post=5061"},{"taxonomy":"post_tag","embeddable":true,"href":"https:\/\/magazineweb.com.ar\/index.php?rest_route=%2Fwp%2Fv2%2Ftags&post=5061"}],"curies":[{"name":"wp","href":"https:\/\/api.w.org\/{rel}","templated":true}]}}