{"id":5091,"date":"2024-02-27T01:02:00","date_gmt":"2024-02-27T04:02:00","guid":{"rendered":"https:\/\/magazineweb.com.ar\/?p=5091"},"modified":"2024-02-26T18:45:35","modified_gmt":"2024-02-26T21:45:35","slug":"kicillof-ira-a-la-corte-suprema-para-que-milei-le-devuelva-los-fondos-eliminados","status":"publish","type":"post","link":"https:\/\/magazineweb.com.ar\/?p=5091","title":{"rendered":"Kicillof ir\u00e1 a la Corte Suprema para que Milei le devuelva los fondos eliminados"},"content":{"rendered":"\n<p>El gobernador bonaerense,&nbsp;Axel Kicillof, anunci\u00f3 en la tarde de ayer lunes que pedir\u00e1 a la Corte Suprema de Justicia de la Naci\u00f3n que le exija al Gobierno de Javier Milei la devoluci\u00f3n del Fondo de Fortalecimiento Fiscal que la administraci\u00f3n central le quit\u00f3 recientemente a su distrito.<\/p>\n\n\n\n<p>\u00abAgotamos instancias administrativas e instruimos al fiscal de Estado de la provincia de Buenos Aires para que inicie acciones ante la Corte Suprema de Justicia de la Naci\u00f3n y cautelarmente restituya los fondos que nos sacaron\u00bb, dijo Kicillof en conferencia de prensa junto a la vicegobernadora, Ver\u00f3nica Magario; su gabinete y legisladores.<\/p>\n\n\n\n<p>El anuncio sobrevino a la decisi\u00f3n de Milei de eliminar el Fondo para el Fortalecimiento Fiscal de la provincia de Buenos Aires, que fue creado por el expresidente Alberto Fern\u00e1ndez tras una protesta policial contra el gobierno de Kicillof.<\/p>\n\n\n\n<p>El mandatario de Uni\u00f3n por la Patria (UxP) sostuvo que \u00abestamos ante un Presidente que ha decidido reconfigurar un Estado, que se roba los recursos de las provincias\u00bb.<\/p>\n\n\n\n<p>Y a\u00f1adi\u00f3 que \u00abpara ser claros con esto,&nbsp;no son recursos ni de un gobernador ni de un gobierno: son del pueblo de la provincia de Buenos Aires\u00bb.<\/p>\n\n\n\n<h2 class=\"wp-block-heading\">La eliminaci\u00f3n del fondo<\/h2>\n\n\n\n<p>El Gobierno nacional dispuso ayer lunes&nbsp;la eliminaci\u00f3n del Fondo de Fortalecimiento Fiscal de la provincia de Buenos Aires que hab\u00eda sido creado durante la administraci\u00f3n de Alberto Fern\u00e1ndez, por lo que el gobernador Axel Kicillof anunci\u00f3 que acudir\u00e1 a la Corte Suprema de Justicia para conseguir la devoluci\u00f3n de esos recursos.<\/p>\n\n\n\n<p>El Fondo de Fortalecimiento destinaba a la provincia de Buenos Aires un porcentaje de recursos coparticipables adicionales que la ciudad de Buenos Aires recib\u00eda por el traspaso de la Polic\u00eda Federal.<\/p>\n\n\n\n<p>En la conferencia de prensa realizada en la tarde de ayer lunes en la ciudad de La Plata, el gobernador bonaerense, Kicillof calific\u00f3 la medida como \u00abintempestiva y arbitraria\u00bb y revel\u00f3 que instruy\u00f3 al Fiscal de Estado provincial \u00abpara que inicie acciones judiciales ante la Corte Suprema de Justicia de la Naci\u00f3n (CSJN) y que cautelarmente restituyan los fondos que nos sacaron\u00bb.<\/p>\n\n\n\n<p>\u00abEs un hecho de tal gravedad que hemos recibido acompa\u00f1amientos de todas las fuerzas pol\u00edticas de la PBA y de gobernadores del resto del pa\u00eds. El Gobierno nacional se roba los recursos de las provincias, que no son de un gobierno sino del pueblo\u00bb, agreg\u00f3 el mandatario.<\/p>\n\n\n\n<p>La medida del Gobierno nacional,&nbsp;publicada ayer lunes en el Bolet\u00edn Oficial mediante el decreto 192\/2024, se justific\u00f3 debido que aquella decisi\u00f3n adoptada durante la pandemia \u00abafect\u00f3 los intereses generales de la Naci\u00f3n en su conjunto, privando al Estado Nacional de recursos necesarios para el ordenamiento de las cuentas p\u00fablicas\u00bb.<\/p>\n\n\n\n<p>En los considerandos, el Ejecutivo advierte que \u00abning\u00fan Gobierno Nacional ha recibido una herencia institucional, econ\u00f3mica y social tan cr\u00edtica como la que recibi\u00f3 la actual administraci\u00f3n, por lo que es imprescindible adoptar medidas que permitan superar la situaci\u00f3n de emergencia creada por las excepcionales condiciones econ\u00f3micas y sociales que la Naci\u00f3n padece, especialmente como consecuencia de un conjunto de decisiones intervencionistas\u00bb.<\/p>\n\n\n\n<p>En ese marco, a\u00f1ade que \u00abentre otras medidas y con el fin de solucionar la enorme cantidad de problemas derivados de la herencia que la administraci\u00f3n saliente dej\u00f3 a todos los argentinos, es necesario efectuar un ajuste fiscal en el Sector P\u00fablico Nacional de cinco puntos del PBI y, al mismo tiempo, resolver la situaci\u00f3n de los pasivos remunerados del Banco Central de la Rep\u00fablica Argentina, los que son responsables de los diez puntos de su d\u00e9ficit\u00bb.<\/p>\n\n\n\n<p>\u00abEn consecuencia, no hay soluci\u00f3n alternativa a un urgente ajuste fiscal que ordene las cuentas p\u00fablicas, siendo ello una condici\u00f3n indispensable para la estabilizaci\u00f3n macroecon\u00f3mica que requiere nuestro pa\u00eds\u00bb, remarca luego.<\/p>\n\n\n\n<p>Asimismo, el decreto afirma que \u00abla situaci\u00f3n fiscal de las provincias y de la Ciudad de Aut\u00f3noma de Buenos Aires ha sido menos restrictiva a costa de las transferencias discrecionales que ha realizado el Gobierno Nacional\u00bb.<\/p>\n\n\n\n<p>\u00abEn tal sentido, el mencionado Fondo de Fortalecimiento Fiscal de la provincia de Buenos Aires, afect\u00f3 los intereses generales de la Naci\u00f3n en su conjunto, privando al Estado Nacional de recursos necesarios para el ordenamiento de las cuentas p\u00fablicas, por lo que resulta necesario derogar el art\u00edculo 4\u00b0 del Decreto N\u00b0 735 del 9 de septiembre de 2020\u00bb, concluye la normativa, firmada por el presidente Javier Milei, el jefe de Gabinete, Nicol\u00e1s Posse; y el ministro de Econom\u00eda, Luis Caputo.<\/p>\n\n\n\n<p>Semanas atr\u00e1s, el gobernador bonaerense, Axel Kicillof, elev\u00f3 un reclamo formal al ministro Caputo por el retraso en el env\u00edo de fondos a la provincia que superan los 15.000 millones de pesos y solicit\u00f3 rediscutir una nueva ley de coparticipaci\u00f3n, al sostener que \u00abla provincia es discriminada y castigada desde hace d\u00e9cadas en el reparto de recursos\u00bb.<\/p>\n\n\n\n<p>En la conferencia de prensa, Kicillof sostuvo que \u00ablas provincias necesitamos previsibilidad. Es muy dif\u00edcil dise\u00f1ar respuestas en el marco de algo que se parece mucho a la locura. Se est\u00e1n estudiando much\u00edsimas respuestas de diversa \u00edndole. No quiero y no me resigno a avanzar en una suerte de desintegraci\u00f3n.<\/p>\n\n\n\n<p>\u00abNos invitan al caos y hay que tratar de evitarlo por todos los medios. Por eso invoco a la unidad nacional y al trabajo con todos los gobernadores. Hay que buscar una soluci\u00f3n institucional\u00bb, agreg\u00f3 el mandatario bonaerense.<\/p>\n\n\n\n<p>Y concluy\u00f3: \u00abHemos hablado con todas las fuerzas pol\u00edticas y obviamente que a todas les afecta. Tendremos que seguir buscando acuerdos. Este martes conversaremos con los gobernadores sobre medidas a tomar y, llegado el caso, lo comunicaremos\u00bb.<\/p>\n\n\n\n<p><a href=\"javascript:void(0);\"><\/a><\/p>\n","protected":false},"excerpt":{"rendered":"<p>El gobernador bonaerense,&nbsp;Axel Kicillof, anunci\u00f3 en la tarde de ayer lunes que pedir\u00e1 a la Corte Suprema de Justicia de la Naci\u00f3n que le exija al Gobierno de Javier Milei&hellip;<\/p>\n","protected":false},"author":3,"featured_media":5092,"comment_status":"closed","ping_status":"closed","sticky":false,"template":"","format":"standard","meta":{"footnotes":""},"categories":[4,14],"tags":[],"class_list":["post-5091","post","type-post","status-publish","format-standard","has-post-thumbnail","hentry","category-destacados","category-provincial"],"rttpg_featured_image_url":{"full":["https:\/\/magazineweb.com.ar\/wp-content\/uploads\/2024\/02\/453649fc-0b95-4726-9310-5210e7370b31.jpg",1280,853,false],"landscape":["https:\/\/magazineweb.com.ar\/wp-content\/uploads\/2024\/02\/453649fc-0b95-4726-9310-5210e7370b31.jpg",1280,853,false],"portraits":["https:\/\/magazineweb.com.ar\/wp-content\/uploads\/2024\/02\/453649fc-0b95-4726-9310-5210e7370b31.jpg",1280,853,false],"thumbnail":["https:\/\/magazineweb.com.ar\/wp-content\/uploads\/2024\/02\/453649fc-0b95-4726-9310-5210e7370b31-150x150.jpg",150,150,true],"medium":["https:\/\/magazineweb.com.ar\/wp-content\/uploads\/2024\/02\/453649fc-0b95-4726-9310-5210e7370b31-300x200.jpg",300,200,true],"large":["https:\/\/magazineweb.com.ar\/wp-content\/uploads\/2024\/02\/453649fc-0b95-4726-9310-5210e7370b31-1024x682.jpg",1024,682,true],"1536x1536":["https:\/\/magazineweb.com.ar\/wp-content\/uploads\/2024\/02\/453649fc-0b95-4726-9310-5210e7370b31.jpg",1280,853,false],"2048x2048":["https:\/\/magazineweb.com.ar\/wp-content\/uploads\/2024\/02\/453649fc-0b95-4726-9310-5210e7370b31.jpg",1280,853,false],"ultp_layout_landscape_large":["https:\/\/magazineweb.com.ar\/wp-content\/uploads\/2024\/02\/453649fc-0b95-4726-9310-5210e7370b31-1200x800.jpg",1200,800,true],"ultp_layout_landscape":["https:\/\/magazineweb.com.ar\/wp-content\/uploads\/2024\/02\/453649fc-0b95-4726-9310-5210e7370b31-870x570.jpg",870,570,true],"ultp_layout_portrait":["https:\/\/magazineweb.com.ar\/wp-content\/uploads\/2024\/02\/453649fc-0b95-4726-9310-5210e7370b31-600x853.jpg",600,853,true],"ultp_layout_square":["https:\/\/magazineweb.com.ar\/wp-content\/uploads\/2024\/02\/453649fc-0b95-4726-9310-5210e7370b31-600x600.jpg",600,600,true]},"rttpg_author":{"display_name":"Redacci\u00f3n Magazine Web","author_link":"https:\/\/magazineweb.com.ar\/?author=3"},"rttpg_comment":0,"rttpg_category":"<a href=\"https:\/\/magazineweb.com.ar\/?cat=4\" rel=\"category\">Destacados<\/a> <a href=\"https:\/\/magazineweb.com.ar\/?cat=14\" rel=\"category\">Provincial<\/a>","rttpg_excerpt":"El gobernador bonaerense,&nbsp;Axel Kicillof, anunci\u00f3 en la tarde de ayer lunes que pedir\u00e1 a la Corte Suprema de Justicia de la Naci\u00f3n que le exija al Gobierno de Javier Milei&hellip;","_links":{"self":[{"href":"https:\/\/magazineweb.com.ar\/index.php?rest_route=\/wp\/v2\/posts\/5091","targetHints":{"allow":["GET"]}}],"collection":[{"href":"https:\/\/magazineweb.com.ar\/index.php?rest_route=\/wp\/v2\/posts"}],"about":[{"href":"https:\/\/magazineweb.com.ar\/index.php?rest_route=\/wp\/v2\/types\/post"}],"author":[{"embeddable":true,"href":"https:\/\/magazineweb.com.ar\/index.php?rest_route=\/wp\/v2\/users\/3"}],"replies":[{"embeddable":true,"href":"https:\/\/magazineweb.com.ar\/index.php?rest_route=%2Fwp%2Fv2%2Fcomments&post=5091"}],"version-history":[{"count":1,"href":"https:\/\/magazineweb.com.ar\/index.php?rest_route=\/wp\/v2\/posts\/5091\/revisions"}],"predecessor-version":[{"id":5093,"href":"https:\/\/magazineweb.com.ar\/index.php?rest_route=\/wp\/v2\/posts\/5091\/revisions\/5093"}],"wp:featuredmedia":[{"embeddable":true,"href":"https:\/\/magazineweb.com.ar\/index.php?rest_route=\/wp\/v2\/media\/5092"}],"wp:attachment":[{"href":"https:\/\/magazineweb.com.ar\/index.php?rest_route=%2Fwp%2Fv2%2Fmedia&parent=5091"}],"wp:term":[{"taxonomy":"category","embeddable":true,"href":"https:\/\/magazineweb.com.ar\/index.php?rest_route=%2Fwp%2Fv2%2Fcategories&post=5091"},{"taxonomy":"post_tag","embeddable":true,"href":"https:\/\/magazineweb.com.ar\/index.php?rest_route=%2Fwp%2Fv2%2Ftags&post=5091"}],"curies":[{"name":"wp","href":"https:\/\/api.w.org\/{rel}","templated":true}]}}