{"id":5097,"date":"2024-02-27T01:01:00","date_gmt":"2024-02-27T04:01:00","guid":{"rendered":"https:\/\/magazineweb.com.ar\/?p=5097"},"modified":"2024-02-26T19:20:08","modified_gmt":"2024-02-26T22:20:08","slug":"el-gobierno-redujo-los-topes-de-ingresos-para-las-asignaciones-familiares","status":"publish","type":"post","link":"https:\/\/magazineweb.com.ar\/?p=5097","title":{"rendered":"El Gobierno redujo los topes de ingresos para las asignaciones familiares"},"content":{"rendered":"\n<p>El Gobierno baj\u00f3 ayer los topes que reg\u00edan para la percepci\u00f3n de asignaciones familiares de los trabajadores formales, al reducir de $ 1.980.000 a $ 1.077.403 el l\u00edmite de ingresos a nivel individual y de $ 3.960.000 a $ 2.154.806 el tope m\u00e1ximo familiar, equivalente al doble del individual, con lo cual limit\u00f3 el universo de potenciales beneficiarios.<\/p>\n\n\n\n<p>Lo hizo a trav\u00e9s del Decreto 194\/2024, publicado este lunes en el Bolet\u00edn Oficial, y&nbsp;abarca a beneficios como el salario familiar por hijo, la asignaci\u00f3n prenatal, por adopci\u00f3n y la ayuda escolar anual, entre otros.<\/p>\n\n\n\n<p>Tambi\u00e9n incluye la asignaci\u00f3n de ayuda escolar anual, que fue incrementada semanas atr\u00e1s de $ 17.000 a $ 70.000.<\/p>\n\n\n\n<p>La medida -se indica- es de \u00abcar\u00e1cter urgente para superar la situaci\u00f3n de emergencia que afecta a nuestro pa\u00eds\u00bb.<\/p>\n\n\n\n<p>En marzo del a\u00f1o pasado, la anterior administraci\u00f3n hab\u00eda incrementado el tope&nbsp;de ingresos para percibir asignaciones familiares al igualarlo al m\u00ednimo no imponible del Impuesto a las Ganancias.<\/p>\n\n\n\n<p>Con esa medida, se hab\u00edan incorporado unos 900.000 ni\u00f1os y adolescentes al Sistema \u00danico de Asignaciones Familiares (SUAF).<\/p>\n\n\n\n<p>Esto se sostuvo en diciembre \u00faltimo cuando, a partir del incremento del m\u00ednimo no imponible del Impuesto a las Ganancias -equivalente a 15 Salarios M\u00ednimos, Vitales y M\u00f3viles-, el tope de ingresos del grupo familiar pas\u00f3 de $ 1.401.750 a $ 3.960.000, a condici\u00f3n de que ninguno de los padres cobre cada uno m\u00e1s de $ 1.980.000, el tope individual que se aplic\u00f3 en ese entonces.<\/p>\n\n\n\n<p>El decreto reduce el l\u00edmite individual para percibir las Asignaciones Familiares de $ 1.980.000 a $ 1.077.403 y el tope del ingreso familiar de $ 3.960.000 a $ 2.154.806.<\/p>\n\n\n\n<p>El nuevo tope de ingresos familiar fue calculado en base al aumento del \u00edndice de movilidad de diciembre (20,87%) y la establecida para marzo pr\u00f3ximo (27.18%) por sobre el valor correspondiente a septiembre \u00faltimo, indican los considerandos.<\/p>\n\n\n\n<p>Adem\u00e1s de modificar los topes, el DNU derog\u00f3 el art\u00edculo 6\u00b0 de la ley 27.160 que imped\u00eda a un mismo titular recibir prestaciones del r\u00e9gimen de asignaciones familiares y a la vez aplicar la deducci\u00f3n especial por hijo o c\u00f3nyuge prevista en el Impuesto a las Ganancias.<\/p>\n\n\n\n<p>Se se\u00f1ala tambi\u00e9n que el \u00edndice de movilidad ser\u00e1 el criterio que se aplicar\u00e1 en los futuros aumentos, tanto de las asignaciones como de los l\u00edmites de ingresos para percibirlas.<\/p>\n\n\n\n<p>\u00abLa presente medida tiene por objeto implementar una equitativa distribuci\u00f3n de los recursos sobre la base del principio cardinal de solidaridad social en atenci\u00f3n al uso racional, eficaz y eficiente de los recursos p\u00fablicos\u00bb, justifica el decreto, que cita el DNU 70\/23, el cual fija la emergencia p\u00fablica en materia econ\u00f3mica, financiera, fiscal, administrativa, previsional, tarifaria, sanitaria y social.<\/p>\n\n\n\n<p>Asimismo, se se\u00f1ala que \u00abla Rep\u00fablica Argentina se encuentra atravesando una situaci\u00f3n de in\u00e9dita gravedad, generadora de profundos desequilibrios que impactan negativamente en toda la poblaci\u00f3n, en especial en lo social y econ\u00f3mico\u00bb.<\/p>\n\n\n\n<p>Del mismo modo, se record\u00f3 que la cobertura del sistema de seguridad social debe \u00abalcanzar a la poblaci\u00f3n para la cual se dise\u00f1aron las pol\u00edticas p\u00fablicas\u00bb, actualizando las decisiones \u00aba la realidad imperante\u00bb y la \u00absustentabilidad del r\u00e9gimen\u00bb.<\/p>\n\n\n\n<p><a href=\"javascript:void(0);\"><\/a><\/p>\n","protected":false},"excerpt":{"rendered":"<p>El Gobierno baj\u00f3 ayer los topes que reg\u00edan para la percepci\u00f3n de asignaciones familiares de los trabajadores formales, al reducir de $ 1.980.000 a $ 1.077.403 el l\u00edmite de ingresos&hellip;<\/p>\n","protected":false},"author":3,"featured_media":5098,"comment_status":"closed","ping_status":"closed","sticky":false,"template":"","format":"standard","meta":{"footnotes":""},"categories":[4,5],"tags":[],"class_list":["post-5097","post","type-post","status-publish","format-standard","has-post-thumbnail","hentry","category-destacados","category-economia"],"rttpg_featured_image_url":{"full":["https:\/\/magazineweb.com.ar\/wp-content\/uploads\/2024\/02\/607840ddc176b_1200.jpg",1200,675,false],"landscape":["https:\/\/magazineweb.com.ar\/wp-content\/uploads\/2024\/02\/607840ddc176b_1200.jpg",1200,675,false],"portraits":["https:\/\/magazineweb.com.ar\/wp-content\/uploads\/2024\/02\/607840ddc176b_1200.jpg",1200,675,false],"thumbnail":["https:\/\/magazineweb.com.ar\/wp-content\/uploads\/2024\/02\/607840ddc176b_1200-150x150.jpg",150,150,true],"medium":["https:\/\/magazineweb.com.ar\/wp-content\/uploads\/2024\/02\/607840ddc176b_1200-300x169.jpg",300,169,true],"large":["https:\/\/magazineweb.com.ar\/wp-content\/uploads\/2024\/02\/607840ddc176b_1200-1024x576.jpg",1024,576,true],"1536x1536":["https:\/\/magazineweb.com.ar\/wp-content\/uploads\/2024\/02\/607840ddc176b_1200.jpg",1200,675,false],"2048x2048":["https:\/\/magazineweb.com.ar\/wp-content\/uploads\/2024\/02\/607840ddc176b_1200.jpg",1200,675,false],"ultp_layout_landscape_large":["https:\/\/magazineweb.com.ar\/wp-content\/uploads\/2024\/02\/607840ddc176b_1200.jpg",1200,675,false],"ultp_layout_landscape":["https:\/\/magazineweb.com.ar\/wp-content\/uploads\/2024\/02\/607840ddc176b_1200-870x570.jpg",870,570,true],"ultp_layout_portrait":["https:\/\/magazineweb.com.ar\/wp-content\/uploads\/2024\/02\/607840ddc176b_1200-600x675.jpg",600,675,true],"ultp_layout_square":["https:\/\/magazineweb.com.ar\/wp-content\/uploads\/2024\/02\/607840ddc176b_1200-600x600.jpg",600,600,true]},"rttpg_author":{"display_name":"Redacci\u00f3n Magazine Web","author_link":"https:\/\/magazineweb.com.ar\/?author=3"},"rttpg_comment":0,"rttpg_category":"<a href=\"https:\/\/magazineweb.com.ar\/?cat=4\" rel=\"category\">Destacados<\/a> <a href=\"https:\/\/magazineweb.com.ar\/?cat=5\" rel=\"category\">Econom\u00eda<\/a>","rttpg_excerpt":"El Gobierno baj\u00f3 ayer los topes que reg\u00edan para la percepci\u00f3n de asignaciones familiares de los trabajadores formales, al reducir de $ 1.980.000 a $ 1.077.403 el l\u00edmite de ingresos&hellip;","_links":{"self":[{"href":"https:\/\/magazineweb.com.ar\/index.php?rest_route=\/wp\/v2\/posts\/5097","targetHints":{"allow":["GET"]}}],"collection":[{"href":"https:\/\/magazineweb.com.ar\/index.php?rest_route=\/wp\/v2\/posts"}],"about":[{"href":"https:\/\/magazineweb.com.ar\/index.php?rest_route=\/wp\/v2\/types\/post"}],"author":[{"embeddable":true,"href":"https:\/\/magazineweb.com.ar\/index.php?rest_route=\/wp\/v2\/users\/3"}],"replies":[{"embeddable":true,"href":"https:\/\/magazineweb.com.ar\/index.php?rest_route=%2Fwp%2Fv2%2Fcomments&post=5097"}],"version-history":[{"count":1,"href":"https:\/\/magazineweb.com.ar\/index.php?rest_route=\/wp\/v2\/posts\/5097\/revisions"}],"predecessor-version":[{"id":5099,"href":"https:\/\/magazineweb.com.ar\/index.php?rest_route=\/wp\/v2\/posts\/5097\/revisions\/5099"}],"wp:featuredmedia":[{"embeddable":true,"href":"https:\/\/magazineweb.com.ar\/index.php?rest_route=\/wp\/v2\/media\/5098"}],"wp:attachment":[{"href":"https:\/\/magazineweb.com.ar\/index.php?rest_route=%2Fwp%2Fv2%2Fmedia&parent=5097"}],"wp:term":[{"taxonomy":"category","embeddable":true,"href":"https:\/\/magazineweb.com.ar\/index.php?rest_route=%2Fwp%2Fv2%2Fcategories&post=5097"},{"taxonomy":"post_tag","embeddable":true,"href":"https:\/\/magazineweb.com.ar\/index.php?rest_route=%2Fwp%2Fv2%2Ftags&post=5097"}],"curies":[{"name":"wp","href":"https:\/\/api.w.org\/{rel}","templated":true}]}}