{"id":5129,"date":"2024-02-29T01:06:00","date_gmt":"2024-02-29T04:06:00","guid":{"rendered":"https:\/\/magazineweb.com.ar\/?p=5129"},"modified":"2024-02-26T21:29:54","modified_gmt":"2024-02-27T00:29:54","slug":"noche-de-encuentro-para-honrar-la-tradicion-en-varela","status":"publish","type":"post","link":"https:\/\/magazineweb.com.ar\/?p=5129","title":{"rendered":"Noche de encuentro para honrar la tradici\u00f3n en Varela"},"content":{"rendered":"\n<p>En su primera entrega del 2024, la Comuna agenda la Pe\u00f1a Mensual el s\u00e1bado 2 de marzo de 19 a 22 hs. en la dependencia municipal ubicada en calle Remedios de Escalada N\u00ba1660 -Presidente Sarmiento-, con acceso libre y gratuito.<\/p>\n\n\n\n<p>La coordinadora del evento -D\u00e9bora Vera- anticipa \u00abuna velada colmada de m\u00fasica y baile donde reivindicar nuestras costumbres e identidad\u00bb. \u00abLas voces de Kike Leguizam\u00f3n y Regina Trejo acompa\u00f1ar\u00e1n los n\u00fameros de danza del profesor Hugo Mentzel junto al ballet `El Redom\u00f3n\u00b4\u00bb, detalla.<\/p>\n\n\n\n<p>Adem\u00e1s, remarca \u00abla posibilidad para las alumnas y los alumnos de los talleres de poner en pr\u00e1ctica sus conocimientos\u00bb. \u00abEn esta oportunidad, concurrir\u00e1n estudiantes de los cursos de folklore y de bachata\u00bb, agrega.<\/p>\n","protected":false},"excerpt":{"rendered":"<p>En su primera entrega del 2024, la Comuna agenda la Pe\u00f1a Mensual el s\u00e1bado 2 de marzo de 19 a 22 hs. en la dependencia municipal ubicada en calle Remedios&hellip;<\/p>\n","protected":false},"author":3,"featured_media":5130,"comment_status":"closed","ping_status":"closed","sticky":false,"template":"","format":"standard","meta":{"footnotes":""},"categories":[7],"tags":[],"class_list":["post-5129","post","type-post","status-publish","format-standard","has-post-thumbnail","hentry","category-espectaculos"],"rttpg_featured_image_url":{"full":["https:\/\/magazineweb.com.ar\/wp-content\/uploads\/2024\/02\/02b1c7d0-80b2-bf80-dfe1-8277e0ee243a.jpg",1080,1350,false],"landscape":["https:\/\/magazineweb.com.ar\/wp-content\/uploads\/2024\/02\/02b1c7d0-80b2-bf80-dfe1-8277e0ee243a.jpg",1080,1350,false],"portraits":["https:\/\/magazineweb.com.ar\/wp-content\/uploads\/2024\/02\/02b1c7d0-80b2-bf80-dfe1-8277e0ee243a.jpg",1080,1350,false],"thumbnail":["https:\/\/magazineweb.com.ar\/wp-content\/uploads\/2024\/02\/02b1c7d0-80b2-bf80-dfe1-8277e0ee243a-150x150.jpg",150,150,true],"medium":["https:\/\/magazineweb.com.ar\/wp-content\/uploads\/2024\/02\/02b1c7d0-80b2-bf80-dfe1-8277e0ee243a-240x300.jpg",240,300,true],"large":["https:\/\/magazineweb.com.ar\/wp-content\/uploads\/2024\/02\/02b1c7d0-80b2-bf80-dfe1-8277e0ee243a-819x1024.jpg",819,1024,true],"1536x1536":["https:\/\/magazineweb.com.ar\/wp-content\/uploads\/2024\/02\/02b1c7d0-80b2-bf80-dfe1-8277e0ee243a.jpg",1080,1350,false],"2048x2048":["https:\/\/magazineweb.com.ar\/wp-content\/uploads\/2024\/02\/02b1c7d0-80b2-bf80-dfe1-8277e0ee243a.jpg",1080,1350,false],"ultp_layout_landscape_large":["https:\/\/magazineweb.com.ar\/wp-content\/uploads\/2024\/02\/02b1c7d0-80b2-bf80-dfe1-8277e0ee243a-1080x800.jpg",1080,800,true],"ultp_layout_landscape":["https:\/\/magazineweb.com.ar\/wp-content\/uploads\/2024\/02\/02b1c7d0-80b2-bf80-dfe1-8277e0ee243a-870x570.jpg",870,570,true],"ultp_layout_portrait":["https:\/\/magazineweb.com.ar\/wp-content\/uploads\/2024\/02\/02b1c7d0-80b2-bf80-dfe1-8277e0ee243a-600x900.jpg",600,900,true],"ultp_layout_square":["https:\/\/magazineweb.com.ar\/wp-content\/uploads\/2024\/02\/02b1c7d0-80b2-bf80-dfe1-8277e0ee243a-600x600.jpg",600,600,true]},"rttpg_author":{"display_name":"Redacci\u00f3n Magazine Web","author_link":"https:\/\/magazineweb.com.ar\/?author=3"},"rttpg_comment":0,"rttpg_category":"<a href=\"https:\/\/magazineweb.com.ar\/?cat=7\" rel=\"category\">Espect\u00e1culos<\/a>","rttpg_excerpt":"En su primera entrega del 2024, la Comuna agenda la Pe\u00f1a Mensual el s\u00e1bado 2 de marzo de 19 a 22 hs. en la dependencia municipal ubicada en calle Remedios&hellip;","_links":{"self":[{"href":"https:\/\/magazineweb.com.ar\/index.php?rest_route=\/wp\/v2\/posts\/5129","targetHints":{"allow":["GET"]}}],"collection":[{"href":"https:\/\/magazineweb.com.ar\/index.php?rest_route=\/wp\/v2\/posts"}],"about":[{"href":"https:\/\/magazineweb.com.ar\/index.php?rest_route=\/wp\/v2\/types\/post"}],"author":[{"embeddable":true,"href":"https:\/\/magazineweb.com.ar\/index.php?rest_route=\/wp\/v2\/users\/3"}],"replies":[{"embeddable":true,"href":"https:\/\/magazineweb.com.ar\/index.php?rest_route=%2Fwp%2Fv2%2Fcomments&post=5129"}],"version-history":[{"count":1,"href":"https:\/\/magazineweb.com.ar\/index.php?rest_route=\/wp\/v2\/posts\/5129\/revisions"}],"predecessor-version":[{"id":5131,"href":"https:\/\/magazineweb.com.ar\/index.php?rest_route=\/wp\/v2\/posts\/5129\/revisions\/5131"}],"wp:featuredmedia":[{"embeddable":true,"href":"https:\/\/magazineweb.com.ar\/index.php?rest_route=\/wp\/v2\/media\/5130"}],"wp:attachment":[{"href":"https:\/\/magazineweb.com.ar\/index.php?rest_route=%2Fwp%2Fv2%2Fmedia&parent=5129"}],"wp:term":[{"taxonomy":"category","embeddable":true,"href":"https:\/\/magazineweb.com.ar\/index.php?rest_route=%2Fwp%2Fv2%2Fcategories&post=5129"},{"taxonomy":"post_tag","embeddable":true,"href":"https:\/\/magazineweb.com.ar\/index.php?rest_route=%2Fwp%2Fv2%2Ftags&post=5129"}],"curies":[{"name":"wp","href":"https:\/\/api.w.org\/{rel}","templated":true}]}}