{"id":5141,"date":"2024-02-28T01:09:00","date_gmt":"2024-02-28T04:09:00","guid":{"rendered":"https:\/\/magazineweb.com.ar\/?p=5141"},"modified":"2024-02-27T18:18:33","modified_gmt":"2024-02-27T21:18:33","slug":"las-ventas-en-los-supermercados-aumentaron-09-en-el-2023-y-47-en-los-mayoristas","status":"publish","type":"post","link":"https:\/\/magazineweb.com.ar\/?p=5141","title":{"rendered":"Las ventas en los supermercados aumentaron 0,9% en el 2023 y 4,7% en los mayoristas"},"content":{"rendered":"\n<p>Las ventas en los supermercados subieron durante el a\u00f1o pasado 0,9 % y en los grandes centros mayoristas 4,7%&nbsp;inform\u00f3 el Instituto Nacional de Estad\u00edstica y Censos (Indec).<\/p>\n\n\n\n<p>Estas alzas se produjeron luego de que en diciembre, mes en que la inflaci\u00f3n minorista trep\u00f3 al 25,5%, las ventas en los supermercados bajaran 6,6 % respecto a igual mes del 2022&nbsp;y en los mayoristas retrocedieran el 7,1% %, inform\u00f3 el organismo y se\u00f1al\u00f3 que en los grandes centros de compra las ventas medidas a precios constantes subieron 12,7% a pesar de haber bajado 0,4% interanual en diciembre.<\/p>\n\n\n\n<p>En el \u00faltimo mes el a\u00f1o se produjo una fuerte compra en todos estos segmentos, especialmente en el sector de electr\u00f3nicos y bienes no perecederos, debido a que se esperaba que el gobierno de Javier Milei elevara la cotizaci\u00f3n del d\u00f3lar oficial, algo que efectivamente ocurri\u00f3 y gener\u00f3 una recuperaci\u00f3n del consumo en estas bocas de expendio que ten\u00edan promociones de pagos con tarjeta de cr\u00e9dito.<\/p>\n\n\n\n<p>Las ventas totales a precios corrientes, para diciembre de 2023 relevadas en la Encuesta de supermercados, sumaron 1,1 billones de pesos, lo que represent\u00f3 un incremento de 218,9% respecto al mismo mes del a\u00f1o anterior,&nbsp;contra una inflaci\u00f3n minorista del 211,4%.<\/p>\n\n\n\n<p>En las ventas totales a precios corrientes, durante diciembre de 2023, los art\u00edculos con los aumentos m\u00e1s significativos respecto al mismo mes del 2022 fueron: \u201cCarnes\u201d, 292,5%; \u201cPanader\u00eda\u201d, 241,1%; \u201cAlmac\u00e9n\u201d, 239,2% y \u201cArt\u00edculos de limpieza y perfumer\u00eda\u201d, 232,4%, inform\u00f3 el Indec.<\/p>\n\n\n\n<p>Durante el \u00faltimo mes del a\u00f1o pasado, el 39,3% de las compras en los supermercados se hicieron con tarheta de cr\u00e9dito, 34,3% con D\u00e9bito, 19,9% en efectivo, y 6,5% con \u201cotros medios de pago\u201d.<\/p>\n\n\n\n<p>En los supermercados mayoristas las ventas totales a precios corrientes, para diciembre de 2023, sumaron $191.288,8 millones, lo que represent\u00f3 un incremento de 212,3% respecto al mismo mes del a\u00f1o anterior.<\/p>\n\n\n\n<p>Los art\u00edculos con los aumentos m\u00e1s significativos respecto al mismo mes del a\u00f1o anterior fueron: \u201cIndumentaria, calzado y textiles para el hogar\u201d, con el 399,6%; \u201cCarnes\u201d, 395,5%; \u201cPanader\u00eda\u201d, 336,5%; y \u201cL\u00e1cteos\u201d, 263,6%.<\/p>\n\n\n\n<p>En este canal de venta las compras con tarjeta de d\u00e9bito lideraron la facturaci\u00f3n con el 27,4%; seguida por las de Cr\u00e9dito con 25,4%; Efectivo 28,4%; y Otros medios de pago, 18,9%.<\/p>\n\n\n\n<p>En los \u201cshoppings\u201d la facturaci\u00f3n de diciembre ascendi\u00f3 a 340.698 millones de pesos, con un crecimiento del 197% respecto al \u00faltimo mes del 2022.<\/p>\n\n\n\n<p>Los rubros con mayor incremento fueron: \u201cDiversi\u00f3n y esparcimiento\u201d, con 252,7%; \u201cLibrer\u00eda y papeler\u00eda\u201d, 252,4%; \u201cPerfumer\u00eda y farmacia\u201d, 241 %; y \u201cPatio de comidas, alimentos y kioscos\u201d, 208 %.<\/p>\n\n\n\n<p>El Indec inform\u00f3 tambi\u00e9n las ventas de electrodom\u00e9sticos que en el cuarto trimestre alcanzaron los $611.633 millones, 129,2% m\u00e1s que entre octubre y diciembre del 2022.<\/p>\n\n\n\n<p>Si se toma el acumulado del 2023, la venta de estos productos present\u00f3 un incremento del 124,6%, inform\u00f3 el organismo.<\/p>\n\n\n\n<p>En el cuarto trimestre de 2023, los grupos de art\u00edculos cuyas ventas tuvieron los mayores aumentos&nbsp;fueron: \u201cPeque\u00f1os electrodom\u00e9sticos\u201d, con $35.935,3 millones y una suba respecto al mismo per\u00edodo del a\u00f1o anterior de 271 %; \u201cCocinas a gas y el\u00e9ctricas, hornos microondas y el\u00e9ctricos, calefactores, calefones y termotanques\u201d, con 45.939,5 millones de pesos y una variaci\u00f3n de 218,9% ; y \u201cComputaci\u00f3n y accesorios inform\u00e1ticos\u201d, con $36.109,2 millones y una variaci\u00f3n interanual de 210,4%.<\/p>\n\n\n\n<p><a href=\"javascript:void(0);\"><\/a><\/p>\n","protected":false},"excerpt":{"rendered":"<p>Las ventas en los supermercados subieron durante el a\u00f1o pasado 0,9 % y en los grandes centros mayoristas 4,7%&nbsp;inform\u00f3 el Instituto Nacional de Estad\u00edstica y Censos (Indec). Estas alzas se&hellip;<\/p>\n","protected":false},"author":3,"featured_media":5142,"comment_status":"closed","ping_status":"closed","sticky":false,"template":"","format":"standard","meta":{"footnotes":""},"categories":[5],"tags":[],"class_list":["post-5141","post","type-post","status-publish","format-standard","has-post-thumbnail","hentry","category-economia"],"rttpg_featured_image_url":{"full":["https:\/\/magazineweb.com.ar\/wp-content\/uploads\/2024\/02\/648a0f66911b2_1200-1.jpg",1200,675,false],"landscape":["https:\/\/magazineweb.com.ar\/wp-content\/uploads\/2024\/02\/648a0f66911b2_1200-1.jpg",1200,675,false],"portraits":["https:\/\/magazineweb.com.ar\/wp-content\/uploads\/2024\/02\/648a0f66911b2_1200-1.jpg",1200,675,false],"thumbnail":["https:\/\/magazineweb.com.ar\/wp-content\/uploads\/2024\/02\/648a0f66911b2_1200-1-150x150.jpg",150,150,true],"medium":["https:\/\/magazineweb.com.ar\/wp-content\/uploads\/2024\/02\/648a0f66911b2_1200-1-300x169.jpg",300,169,true],"large":["https:\/\/magazineweb.com.ar\/wp-content\/uploads\/2024\/02\/648a0f66911b2_1200-1-1024x576.jpg",1024,576,true],"1536x1536":["https:\/\/magazineweb.com.ar\/wp-content\/uploads\/2024\/02\/648a0f66911b2_1200-1.jpg",1200,675,false],"2048x2048":["https:\/\/magazineweb.com.ar\/wp-content\/uploads\/2024\/02\/648a0f66911b2_1200-1.jpg",1200,675,false],"ultp_layout_landscape_large":["https:\/\/magazineweb.com.ar\/wp-content\/uploads\/2024\/02\/648a0f66911b2_1200-1.jpg",1200,675,false],"ultp_layout_landscape":["https:\/\/magazineweb.com.ar\/wp-content\/uploads\/2024\/02\/648a0f66911b2_1200-1-870x570.jpg",870,570,true],"ultp_layout_portrait":["https:\/\/magazineweb.com.ar\/wp-content\/uploads\/2024\/02\/648a0f66911b2_1200-1-600x675.jpg",600,675,true],"ultp_layout_square":["https:\/\/magazineweb.com.ar\/wp-content\/uploads\/2024\/02\/648a0f66911b2_1200-1-600x600.jpg",600,600,true]},"rttpg_author":{"display_name":"Redacci\u00f3n Magazine Web","author_link":"https:\/\/magazineweb.com.ar\/?author=3"},"rttpg_comment":0,"rttpg_category":"<a href=\"https:\/\/magazineweb.com.ar\/?cat=5\" rel=\"category\">Econom\u00eda<\/a>","rttpg_excerpt":"Las ventas en los supermercados subieron durante el a\u00f1o pasado 0,9 % y en los grandes centros mayoristas 4,7%&nbsp;inform\u00f3 el Instituto Nacional de Estad\u00edstica y Censos (Indec). Estas alzas se&hellip;","_links":{"self":[{"href":"https:\/\/magazineweb.com.ar\/index.php?rest_route=\/wp\/v2\/posts\/5141","targetHints":{"allow":["GET"]}}],"collection":[{"href":"https:\/\/magazineweb.com.ar\/index.php?rest_route=\/wp\/v2\/posts"}],"about":[{"href":"https:\/\/magazineweb.com.ar\/index.php?rest_route=\/wp\/v2\/types\/post"}],"author":[{"embeddable":true,"href":"https:\/\/magazineweb.com.ar\/index.php?rest_route=\/wp\/v2\/users\/3"}],"replies":[{"embeddable":true,"href":"https:\/\/magazineweb.com.ar\/index.php?rest_route=%2Fwp%2Fv2%2Fcomments&post=5141"}],"version-history":[{"count":1,"href":"https:\/\/magazineweb.com.ar\/index.php?rest_route=\/wp\/v2\/posts\/5141\/revisions"}],"predecessor-version":[{"id":5143,"href":"https:\/\/magazineweb.com.ar\/index.php?rest_route=\/wp\/v2\/posts\/5141\/revisions\/5143"}],"wp:featuredmedia":[{"embeddable":true,"href":"https:\/\/magazineweb.com.ar\/index.php?rest_route=\/wp\/v2\/media\/5142"}],"wp:attachment":[{"href":"https:\/\/magazineweb.com.ar\/index.php?rest_route=%2Fwp%2Fv2%2Fmedia&parent=5141"}],"wp:term":[{"taxonomy":"category","embeddable":true,"href":"https:\/\/magazineweb.com.ar\/index.php?rest_route=%2Fwp%2Fv2%2Fcategories&post=5141"},{"taxonomy":"post_tag","embeddable":true,"href":"https:\/\/magazineweb.com.ar\/index.php?rest_route=%2Fwp%2Fv2%2Ftags&post=5141"}],"curies":[{"name":"wp","href":"https:\/\/api.w.org\/{rel}","templated":true}]}}