{"id":5399,"date":"2024-03-12T01:05:00","date_gmt":"2024-03-12T04:05:00","guid":{"rendered":"https:\/\/magazineweb.com.ar\/?p=5399"},"modified":"2024-03-11T14:05:58","modified_gmt":"2024-03-11T17:05:58","slug":"el-ministro-javier-rodriguez-lanzo-la-9-fiesta-provincial-de-la-vendimia","status":"publish","type":"post","link":"https:\/\/magazineweb.com.ar\/?p=5399","title":{"rendered":"El ministro Javier Rodr\u00edguez lanz\u00f3 la 9\u00b0 Fiesta Provincial de la Vendimia"},"content":{"rendered":"\n<p>El ministro de Desarrollo Agrario de la provincia de Buenos Aires, Javier Rodr\u00edguez, lanz\u00f3 la 9\u00b0 Fiesta Provincial de la Vendimia en el marco de una degustaci\u00f3n de vinos bonaerenses realizada en la megamuestra Expoagro 2024.<\/p>\n\n\n\n<p>El evento se realizar\u00e1 el 30 y el 31 de marzo en Saldungaray, partido de Tornquist. All\u00ed se podr\u00e1 disfrutar de degustaciones, charlas y exhibiciones de la industria vitivin\u00edcola provincial; y espect\u00e1culos culturales. Se estima que participar\u00e1n unas 30 bodegas productoras de vino.<\/p>\n\n\n\n<p>\u201cEn los \u00faltimos a\u00f1os, la actividad vitivin\u00edcola ha ido creciendo cada vez m\u00e1s en la provincia de Buenos Aires y tiene un enorme potencial para generar empleo, agregado de valor, exportaciones, e incluso impulsar la actividad tur\u00edstica y cultural en las regiones donde se desarrolla. Por eso, para nosotros es muy importante acompa\u00f1ar al sector y generar pol\u00edticas p\u00fablicas tendientes a su fortalecimiento e industrializaci\u00f3n, y a favorecer la comercializaci\u00f3n de los vinos bonaerenses\u201d, destac\u00f3 el ministro.<\/p>\n\n\n\n<p>\u201cEl vino bonaerense tiene una excelente calidad y, poco a poco, ha ido ganando lugar en el mercado. Hoy, gracias al trabajo conjunto entre los sectores p\u00fablico y privado, nuestra Provincia est\u00e1 en el mapa vitivin\u00edcola del pa\u00eds\u201d, agreg\u00f3.<\/p>\n\n\n\n<p>Actualmente, la provincia de Buenos Aires est\u00e1 dentro de las 10 principales provincias en producci\u00f3n de vino a nivel nacional y los datos muestran que la tendencia es creciente en t\u00e9rminos de superficie y producci\u00f3n: en promedio en el periodo 2019-2023, la producci\u00f3n fue un 98% mayor que el promedio 2015-2019; es decir, que pr\u00e1cticamente se duplic\u00f3.<\/p>\n\n\n\n<p>En la actualidad se contabilizaron 59 vi\u00f1edos en el territorio bonaerense. Por otro lado, los sectores de cultivo, elaboraci\u00f3n y venta en la Provincia generaron 25.000 empleos en 897 empresas.<\/p>\n\n\n\n<p>Para acompa\u00f1ar y fortalecer el desarrollo del sector, la cartera agraria cre\u00f3 financiamiento espec\u00edfico para nuevos productores de vino a trav\u00e9s de la L\u00ednea Frut\u00edcola, con cr\u00e9ditos a 7 a\u00f1os.<\/p>\n\n\n\n<p>Adem\u00e1s, tras la sanci\u00f3n de la Ley 15.404 de Promoci\u00f3n e Incentivo a la Vitivinicultura Bonaerense, el gobierno provincial lanz\u00f3 la marca Vino Buenos Aires, con logo propio, para difundir el consumo del vino producido en la Provincia.<\/p>\n\n\n\n<p>El MDA tambi\u00e9n implement\u00f3 el primer m\u00f3dulo vitivin\u00edcola experimental de la provincia de Buenos Aires. El mismo est\u00e1 ubicado en el Partido de Villarino, y en \u00e9l se ensayan 8 variedades diferentes, con 2500 plantas.<\/p>\n\n\n\n<p>Asimismo, desde 2019 se organizan las mesas regionales y la Mesa Provincial de Vino, y se brindan talleres de formaci\u00f3n vitivin\u00edcola para principiantes, talleres de producci\u00f3n de vid, y otras capacitaciones. Un hito muy importante, dada la historia del vino en la provincia de Buenos Aires, es que luego de d\u00e9cadas de desencuentros, se firm\u00f3 un convenio con el Instituto Nacional de Viticultura (INV) para asistencia y cooperaci\u00f3n t\u00e9cnica.<\/p>\n\n\n\n<p>A su vez, junto al INV y el Centro de En\u00f3logos de Buenos Aires se est\u00e1 llevando a cabo un mapeo de establecimientos vitivin\u00edcolas en la Provincia, con el objetivo de poder profundizar y mejorar las pol\u00edticas p\u00fablicas.<\/p>\n\n\n\n<p>Finalmente, en el marco del programa de incentivo a la actividad forestal de entregaron \u00e1rboles para cortinas forestales en las fincas que as\u00ed lo solicitaron, y en el marco del Programa de promoci\u00f3n de la fruticultura se entregaron plantas de vid para promocionar esta actividad.<\/p>\n","protected":false},"excerpt":{"rendered":"<p>El ministro de Desarrollo Agrario de la provincia de Buenos Aires, Javier Rodr\u00edguez, lanz\u00f3 la 9\u00b0 Fiesta Provincial de la Vendimia en el marco de una degustaci\u00f3n de vinos bonaerenses&hellip;<\/p>\n","protected":false},"author":3,"featured_media":5400,"comment_status":"closed","ping_status":"closed","sticky":false,"template":"","format":"standard","meta":{"footnotes":""},"categories":[9],"tags":[],"class_list":["post-5399","post","type-post","status-publish","format-standard","has-post-thumbnail","hentry","category-informacion-general"],"rttpg_featured_image_url":{"full":["https:\/\/magazineweb.com.ar\/wp-content\/uploads\/2024\/03\/fiesta-vendimia_09032024.jpeg",700,467,false],"landscape":["https:\/\/magazineweb.com.ar\/wp-content\/uploads\/2024\/03\/fiesta-vendimia_09032024.jpeg",700,467,false],"portraits":["https:\/\/magazineweb.com.ar\/wp-content\/uploads\/2024\/03\/fiesta-vendimia_09032024.jpeg",700,467,false],"thumbnail":["https:\/\/magazineweb.com.ar\/wp-content\/uploads\/2024\/03\/fiesta-vendimia_09032024-150x150.jpeg",150,150,true],"medium":["https:\/\/magazineweb.com.ar\/wp-content\/uploads\/2024\/03\/fiesta-vendimia_09032024-300x200.jpeg",300,200,true],"large":["https:\/\/magazineweb.com.ar\/wp-content\/uploads\/2024\/03\/fiesta-vendimia_09032024.jpeg",700,467,false],"1536x1536":["https:\/\/magazineweb.com.ar\/wp-content\/uploads\/2024\/03\/fiesta-vendimia_09032024.jpeg",700,467,false],"2048x2048":["https:\/\/magazineweb.com.ar\/wp-content\/uploads\/2024\/03\/fiesta-vendimia_09032024.jpeg",700,467,false],"ultp_layout_landscape_large":["https:\/\/magazineweb.com.ar\/wp-content\/uploads\/2024\/03\/fiesta-vendimia_09032024.jpeg",700,467,false],"ultp_layout_landscape":["https:\/\/magazineweb.com.ar\/wp-content\/uploads\/2024\/03\/fiesta-vendimia_09032024.jpeg",700,467,false],"ultp_layout_portrait":["https:\/\/magazineweb.com.ar\/wp-content\/uploads\/2024\/03\/fiesta-vendimia_09032024-600x467.jpeg",600,467,true],"ultp_layout_square":["https:\/\/magazineweb.com.ar\/wp-content\/uploads\/2024\/03\/fiesta-vendimia_09032024-600x467.jpeg",600,467,true]},"rttpg_author":{"display_name":"Redacci\u00f3n Magazine Web","author_link":"https:\/\/magazineweb.com.ar\/?author=3"},"rttpg_comment":0,"rttpg_category":"<a href=\"https:\/\/magazineweb.com.ar\/?cat=9\" rel=\"category\">Informaci\u00f3n General<\/a>","rttpg_excerpt":"El ministro de Desarrollo Agrario de la provincia de Buenos Aires, Javier Rodr\u00edguez, lanz\u00f3 la 9\u00b0 Fiesta Provincial de la Vendimia en el marco de una degustaci\u00f3n de vinos bonaerenses&hellip;","_links":{"self":[{"href":"https:\/\/magazineweb.com.ar\/index.php?rest_route=\/wp\/v2\/posts\/5399","targetHints":{"allow":["GET"]}}],"collection":[{"href":"https:\/\/magazineweb.com.ar\/index.php?rest_route=\/wp\/v2\/posts"}],"about":[{"href":"https:\/\/magazineweb.com.ar\/index.php?rest_route=\/wp\/v2\/types\/post"}],"author":[{"embeddable":true,"href":"https:\/\/magazineweb.com.ar\/index.php?rest_route=\/wp\/v2\/users\/3"}],"replies":[{"embeddable":true,"href":"https:\/\/magazineweb.com.ar\/index.php?rest_route=%2Fwp%2Fv2%2Fcomments&post=5399"}],"version-history":[{"count":1,"href":"https:\/\/magazineweb.com.ar\/index.php?rest_route=\/wp\/v2\/posts\/5399\/revisions"}],"predecessor-version":[{"id":5401,"href":"https:\/\/magazineweb.com.ar\/index.php?rest_route=\/wp\/v2\/posts\/5399\/revisions\/5401"}],"wp:featuredmedia":[{"embeddable":true,"href":"https:\/\/magazineweb.com.ar\/index.php?rest_route=\/wp\/v2\/media\/5400"}],"wp:attachment":[{"href":"https:\/\/magazineweb.com.ar\/index.php?rest_route=%2Fwp%2Fv2%2Fmedia&parent=5399"}],"wp:term":[{"taxonomy":"category","embeddable":true,"href":"https:\/\/magazineweb.com.ar\/index.php?rest_route=%2Fwp%2Fv2%2Fcategories&post=5399"},{"taxonomy":"post_tag","embeddable":true,"href":"https:\/\/magazineweb.com.ar\/index.php?rest_route=%2Fwp%2Fv2%2Ftags&post=5399"}],"curies":[{"name":"wp","href":"https:\/\/api.w.org\/{rel}","templated":true}]}}