{"id":5483,"date":"2024-03-15T01:06:00","date_gmt":"2024-03-15T04:06:00","guid":{"rendered":"https:\/\/magazineweb.com.ar\/?p=5483"},"modified":"2024-03-14T14:31:01","modified_gmt":"2024-03-14T17:31:01","slug":"la-b-play-medieval-fue-un-exito","status":"publish","type":"post","link":"https:\/\/magazineweb.com.ar\/?p=5483","title":{"rendered":"La B-Play Medieval fue un \u00e9xito"},"content":{"rendered":"\n<p><strong>Se realiz\u00f3 la Edici\u00f3n Medieval del Festival B-Play en la Plaza San Mart\u00edn, donde cientos de vecinos y vecinas disfrutaron de distintos atractivos como una exposici\u00f3n de artesanos medievales, charlas tem\u00e1ticas, recreacionismo hist\u00f3rico, gastronom\u00eda t\u00edpica de la \u00e9poca y un Festival de M\u00fasica Celta. El intendente de Berazategui, Juan Jos\u00e9 Mussi, recorri\u00f3 el evento que cerr\u00f3 el Ciclo Municipal de Verano 2024.<\/strong><\/p>\n\n\n\n<p>El secretario de Cultura y Educaci\u00f3n, Federico L\u00f3pez, destac\u00f3: \u201cEsta es una de las tantas propuestas que ofrece el Municipio para los vecinos y vecinas. Muchas gracias a ellos que, al acercarse, hicieron de esta B-Play un \u00e9xito\u201d.<\/p>\n\n\n\n<p>Por su parte, uno de los asistentes -Nahuel Cabrera- se\u00f1al\u00f3: \u201cEstuvo muy lindo y divertido este evento; pude ver y disfrutar de distintas cosas que no conoc\u00eda\u201d.<\/p>\n\n\n\n<p>En los shows de M\u00fasica Celta se presentaron bandas reconocidas del g\u00e9nero, como Muir y Sete Netos. Adem\u00e1s, durante La B-Play Medieval hubo recreaciones hist\u00f3ricas, caracterizaciones y otras actividades como charlas tem\u00e1ticas y exposici\u00f3n de artesanos medievales.<\/p>\n\n\n\n<p>Asimismo, los presentes pudieron degustar comidas t\u00edpicas de la \u00e9poca y disfrutar de las propuestas del m\u00f3vil de Cultura Colectiva, adem\u00e1s de los puestos de emprendedores locales de la Feria Municipal Regal\u00e1 Cultura.<\/p>\n","protected":false},"excerpt":{"rendered":"<p>Se realiz\u00f3 la Edici\u00f3n Medieval del Festival B-Play en la Plaza San Mart\u00edn, donde cientos de vecinos y vecinas disfrutaron de distintos atractivos como una exposici\u00f3n de artesanos medievales, charlas&hellip;<\/p>\n","protected":false},"author":3,"featured_media":5484,"comment_status":"closed","ping_status":"closed","sticky":false,"template":"","format":"standard","meta":{"footnotes":""},"categories":[7],"tags":[],"class_list":["post-5483","post","type-post","status-publish","format-standard","has-post-thumbnail","hentry","category-espectaculos"],"rttpg_featured_image_url":{"full":["https:\/\/magazineweb.com.ar\/wp-content\/uploads\/2024\/03\/thumbnail_20240310_4ta_Edicion_B_Play_Medieval_FS_111.jpg",1920,1280,false],"landscape":["https:\/\/magazineweb.com.ar\/wp-content\/uploads\/2024\/03\/thumbnail_20240310_4ta_Edicion_B_Play_Medieval_FS_111.jpg",1920,1280,false],"portraits":["https:\/\/magazineweb.com.ar\/wp-content\/uploads\/2024\/03\/thumbnail_20240310_4ta_Edicion_B_Play_Medieval_FS_111.jpg",1920,1280,false],"thumbnail":["https:\/\/magazineweb.com.ar\/wp-content\/uploads\/2024\/03\/thumbnail_20240310_4ta_Edicion_B_Play_Medieval_FS_111-150x150.jpg",150,150,true],"medium":["https:\/\/magazineweb.com.ar\/wp-content\/uploads\/2024\/03\/thumbnail_20240310_4ta_Edicion_B_Play_Medieval_FS_111-300x200.jpg",300,200,true],"large":["https:\/\/magazineweb.com.ar\/wp-content\/uploads\/2024\/03\/thumbnail_20240310_4ta_Edicion_B_Play_Medieval_FS_111-1024x683.jpg",1024,683,true],"1536x1536":["https:\/\/magazineweb.com.ar\/wp-content\/uploads\/2024\/03\/thumbnail_20240310_4ta_Edicion_B_Play_Medieval_FS_111-1536x1024.jpg",1536,1024,true],"2048x2048":["https:\/\/magazineweb.com.ar\/wp-content\/uploads\/2024\/03\/thumbnail_20240310_4ta_Edicion_B_Play_Medieval_FS_111.jpg",1920,1280,false],"ultp_layout_landscape_large":["https:\/\/magazineweb.com.ar\/wp-content\/uploads\/2024\/03\/thumbnail_20240310_4ta_Edicion_B_Play_Medieval_FS_111-1200x800.jpg",1200,800,true],"ultp_layout_landscape":["https:\/\/magazineweb.com.ar\/wp-content\/uploads\/2024\/03\/thumbnail_20240310_4ta_Edicion_B_Play_Medieval_FS_111-870x570.jpg",870,570,true],"ultp_layout_portrait":["https:\/\/magazineweb.com.ar\/wp-content\/uploads\/2024\/03\/thumbnail_20240310_4ta_Edicion_B_Play_Medieval_FS_111-600x900.jpg",600,900,true],"ultp_layout_square":["https:\/\/magazineweb.com.ar\/wp-content\/uploads\/2024\/03\/thumbnail_20240310_4ta_Edicion_B_Play_Medieval_FS_111-600x600.jpg",600,600,true]},"rttpg_author":{"display_name":"Redacci\u00f3n Magazine Web","author_link":"https:\/\/magazineweb.com.ar\/?author=3"},"rttpg_comment":0,"rttpg_category":"<a href=\"https:\/\/magazineweb.com.ar\/?cat=7\" rel=\"category\">Espect\u00e1culos<\/a>","rttpg_excerpt":"Se realiz\u00f3 la Edici\u00f3n Medieval del Festival B-Play en la Plaza San Mart\u00edn, donde cientos de vecinos y vecinas disfrutaron de distintos atractivos como una exposici\u00f3n de artesanos medievales, charlas&hellip;","_links":{"self":[{"href":"https:\/\/magazineweb.com.ar\/index.php?rest_route=\/wp\/v2\/posts\/5483","targetHints":{"allow":["GET"]}}],"collection":[{"href":"https:\/\/magazineweb.com.ar\/index.php?rest_route=\/wp\/v2\/posts"}],"about":[{"href":"https:\/\/magazineweb.com.ar\/index.php?rest_route=\/wp\/v2\/types\/post"}],"author":[{"embeddable":true,"href":"https:\/\/magazineweb.com.ar\/index.php?rest_route=\/wp\/v2\/users\/3"}],"replies":[{"embeddable":true,"href":"https:\/\/magazineweb.com.ar\/index.php?rest_route=%2Fwp%2Fv2%2Fcomments&post=5483"}],"version-history":[{"count":1,"href":"https:\/\/magazineweb.com.ar\/index.php?rest_route=\/wp\/v2\/posts\/5483\/revisions"}],"predecessor-version":[{"id":5485,"href":"https:\/\/magazineweb.com.ar\/index.php?rest_route=\/wp\/v2\/posts\/5483\/revisions\/5485"}],"wp:featuredmedia":[{"embeddable":true,"href":"https:\/\/magazineweb.com.ar\/index.php?rest_route=\/wp\/v2\/media\/5484"}],"wp:attachment":[{"href":"https:\/\/magazineweb.com.ar\/index.php?rest_route=%2Fwp%2Fv2%2Fmedia&parent=5483"}],"wp:term":[{"taxonomy":"category","embeddable":true,"href":"https:\/\/magazineweb.com.ar\/index.php?rest_route=%2Fwp%2Fv2%2Fcategories&post=5483"},{"taxonomy":"post_tag","embeddable":true,"href":"https:\/\/magazineweb.com.ar\/index.php?rest_route=%2Fwp%2Fv2%2Ftags&post=5483"}],"curies":[{"name":"wp","href":"https:\/\/api.w.org\/{rel}","templated":true}]}}