{"id":5556,"date":"2024-03-26T01:07:00","date_gmt":"2024-03-26T04:07:00","guid":{"rendered":"https:\/\/magazineweb.com.ar\/?p=5556"},"modified":"2024-03-24T21:12:38","modified_gmt":"2024-03-25T00:12:38","slug":"este-miercoles-sera-la-misa-crismal-de-la-diocesis-de-quilmes","status":"publish","type":"post","link":"https:\/\/magazineweb.com.ar\/?p=5556","title":{"rendered":"Este mi\u00e9rcoles ser\u00e1 la Misa Crismal de la Di\u00f3cesis de Quilmes"},"content":{"rendered":"\n<p>El&nbsp;mi\u00e9rcoles 27 de marzo, en camino hacia la Pascua, la comunidad diocesana de Quilmes celebrar\u00e1 la&nbsp;Misa Crismal.&nbsp;<\/p>\n\n\n\n<p>Ser\u00e1&nbsp;a las 19.00&nbsp;en la Catedral de Quilmes (Rivadavia 355, Quilmes Centro) y se transmitir\u00e1 en vivo por&nbsp;<a href=\"https:\/\/envios.obisquil.org.ar\/c\/nql2pe\/msntsagd\/ewbejn55a0c\" target=\"_blank\" rel=\"noreferrer noopener\">Youtube.com\/DiocesisQuilmesOficial<\/a><\/p>\n","protected":false},"excerpt":{"rendered":"<p>El&nbsp;mi\u00e9rcoles 27 de marzo, en camino hacia la Pascua, la comunidad diocesana de Quilmes celebrar\u00e1 la&nbsp;Misa Crismal.&nbsp; Ser\u00e1&nbsp;a las 19.00&nbsp;en la Catedral de Quilmes (Rivadavia 355, Quilmes Centro) y se&hellip;<\/p>\n","protected":false},"author":3,"featured_media":5557,"comment_status":"closed","ping_status":"closed","sticky":false,"template":"","format":"standard","meta":{"footnotes":""},"categories":[9],"tags":[],"class_list":["post-5556","post","type-post","status-publish","format-standard","has-post-thumbnail","hentry","category-informacion-general"],"rttpg_featured_image_url":{"full":["https:\/\/magazineweb.com.ar\/wp-content\/uploads\/2024\/03\/Misa-Crismal-2024.jpg",1200,1200,false],"landscape":["https:\/\/magazineweb.com.ar\/wp-content\/uploads\/2024\/03\/Misa-Crismal-2024.jpg",1200,1200,false],"portraits":["https:\/\/magazineweb.com.ar\/wp-content\/uploads\/2024\/03\/Misa-Crismal-2024.jpg",1200,1200,false],"thumbnail":["https:\/\/magazineweb.com.ar\/wp-content\/uploads\/2024\/03\/Misa-Crismal-2024-150x150.jpg",150,150,true],"medium":["https:\/\/magazineweb.com.ar\/wp-content\/uploads\/2024\/03\/Misa-Crismal-2024-300x300.jpg",300,300,true],"large":["https:\/\/magazineweb.com.ar\/wp-content\/uploads\/2024\/03\/Misa-Crismal-2024-1024x1024.jpg",1024,1024,true],"1536x1536":["https:\/\/magazineweb.com.ar\/wp-content\/uploads\/2024\/03\/Misa-Crismal-2024.jpg",1200,1200,false],"2048x2048":["https:\/\/magazineweb.com.ar\/wp-content\/uploads\/2024\/03\/Misa-Crismal-2024.jpg",1200,1200,false],"ultp_layout_landscape_large":["https:\/\/magazineweb.com.ar\/wp-content\/uploads\/2024\/03\/Misa-Crismal-2024-1200x800.jpg",1200,800,true],"ultp_layout_landscape":["https:\/\/magazineweb.com.ar\/wp-content\/uploads\/2024\/03\/Misa-Crismal-2024-870x570.jpg",870,570,true],"ultp_layout_portrait":["https:\/\/magazineweb.com.ar\/wp-content\/uploads\/2024\/03\/Misa-Crismal-2024-600x900.jpg",600,900,true],"ultp_layout_square":["https:\/\/magazineweb.com.ar\/wp-content\/uploads\/2024\/03\/Misa-Crismal-2024-600x600.jpg",600,600,true]},"rttpg_author":{"display_name":"Redacci\u00f3n Magazine Web","author_link":"https:\/\/magazineweb.com.ar\/?author=3"},"rttpg_comment":0,"rttpg_category":"<a href=\"https:\/\/magazineweb.com.ar\/?cat=9\" rel=\"category\">Informaci\u00f3n General<\/a>","rttpg_excerpt":"El&nbsp;mi\u00e9rcoles 27 de marzo, en camino hacia la Pascua, la comunidad diocesana de Quilmes celebrar\u00e1 la&nbsp;Misa Crismal.&nbsp; Ser\u00e1&nbsp;a las 19.00&nbsp;en la Catedral de Quilmes (Rivadavia 355, Quilmes Centro) y se&hellip;","_links":{"self":[{"href":"https:\/\/magazineweb.com.ar\/index.php?rest_route=\/wp\/v2\/posts\/5556","targetHints":{"allow":["GET"]}}],"collection":[{"href":"https:\/\/magazineweb.com.ar\/index.php?rest_route=\/wp\/v2\/posts"}],"about":[{"href":"https:\/\/magazineweb.com.ar\/index.php?rest_route=\/wp\/v2\/types\/post"}],"author":[{"embeddable":true,"href":"https:\/\/magazineweb.com.ar\/index.php?rest_route=\/wp\/v2\/users\/3"}],"replies":[{"embeddable":true,"href":"https:\/\/magazineweb.com.ar\/index.php?rest_route=%2Fwp%2Fv2%2Fcomments&post=5556"}],"version-history":[{"count":1,"href":"https:\/\/magazineweb.com.ar\/index.php?rest_route=\/wp\/v2\/posts\/5556\/revisions"}],"predecessor-version":[{"id":5558,"href":"https:\/\/magazineweb.com.ar\/index.php?rest_route=\/wp\/v2\/posts\/5556\/revisions\/5558"}],"wp:featuredmedia":[{"embeddable":true,"href":"https:\/\/magazineweb.com.ar\/index.php?rest_route=\/wp\/v2\/media\/5557"}],"wp:attachment":[{"href":"https:\/\/magazineweb.com.ar\/index.php?rest_route=%2Fwp%2Fv2%2Fmedia&parent=5556"}],"wp:term":[{"taxonomy":"category","embeddable":true,"href":"https:\/\/magazineweb.com.ar\/index.php?rest_route=%2Fwp%2Fv2%2Fcategories&post=5556"},{"taxonomy":"post_tag","embeddable":true,"href":"https:\/\/magazineweb.com.ar\/index.php?rest_route=%2Fwp%2Fv2%2Ftags&post=5556"}],"curies":[{"name":"wp","href":"https:\/\/api.w.org\/{rel}","templated":true}]}}