{"id":5689,"date":"2024-04-05T01:09:00","date_gmt":"2024-04-05T04:09:00","guid":{"rendered":"https:\/\/magazineweb.com.ar\/?p=5689"},"modified":"2024-04-04T22:14:02","modified_gmt":"2024-04-05T01:14:02","slug":"kicillof-cargo-contra-milei-por-el-dengue-se-borro-por-completo","status":"publish","type":"post","link":"https:\/\/magazineweb.com.ar\/?p=5689","title":{"rendered":"Kicillof carg\u00f3 contra Milei por el dengue: \u00abSe borr\u00f3 por completo\u00bb"},"content":{"rendered":"\n<p>El gobernador de Buenos Aires,&nbsp;Axel Kicillof, asegur\u00f3 que el presidente Javier Milei se \u201cborr\u00f3 por completo\u00bb ante la&nbsp;epidemia de dengue<strong>.&nbsp;<\/strong><\/p>\n\n\n\n<p>Lo hizo a trav\u00e9s de su cuenta de X, tras citar un art\u00edculo period\u00edstico que se\u00f1ala que el mandatario podr\u00eda delegar a las provincias la problem\u00e1tica.&nbsp;<\/p>\n\n\n\n<p>\u201cParece broma, pero&nbsp;es muy serio y muy grave.&nbsp;Un presidente inspirado en una ideolog\u00eda o un credo &#8216;liberal libertario&#8217;, &#8216;anarcocapitalista&#8217;, &#8216;de la Escuela austriaca del siglo XIX&#8217; que nunca se aplic\u00f3 en ning\u00fan lado,&nbsp;&#8216;decide&#8217; borrarse por completo ante la epidemia de dengue m\u00e1s grave de la historia\u00bb, lanz\u00f3 Kicillof.&nbsp;<\/p>\n","protected":false},"excerpt":{"rendered":"<p>El gobernador de Buenos Aires,&nbsp;Axel Kicillof, asegur\u00f3 que el presidente Javier Milei se \u201cborr\u00f3 por completo\u00bb ante la&nbsp;epidemia de dengue.&nbsp; Lo hizo a trav\u00e9s de su cuenta de X, tras&hellip;<\/p>\n","protected":false},"author":3,"featured_media":5690,"comment_status":"closed","ping_status":"closed","sticky":false,"template":"","format":"standard","meta":{"footnotes":""},"categories":[17],"tags":[],"class_list":["post-5689","post","type-post","status-publish","format-standard","has-post-thumbnail","hentry","category-nacional"],"rttpg_featured_image_url":{"full":["https:\/\/magazineweb.com.ar\/wp-content\/uploads\/2024\/04\/720-6.webp",1065,720,false],"landscape":["https:\/\/magazineweb.com.ar\/wp-content\/uploads\/2024\/04\/720-6.webp",1065,720,false],"portraits":["https:\/\/magazineweb.com.ar\/wp-content\/uploads\/2024\/04\/720-6.webp",1065,720,false],"thumbnail":["https:\/\/magazineweb.com.ar\/wp-content\/uploads\/2024\/04\/720-6-150x150.webp",150,150,true],"medium":["https:\/\/magazineweb.com.ar\/wp-content\/uploads\/2024\/04\/720-6-300x203.webp",300,203,true],"large":["https:\/\/magazineweb.com.ar\/wp-content\/uploads\/2024\/04\/720-6-1024x692.webp",1024,692,true],"1536x1536":["https:\/\/magazineweb.com.ar\/wp-content\/uploads\/2024\/04\/720-6.webp",1065,720,false],"2048x2048":["https:\/\/magazineweb.com.ar\/wp-content\/uploads\/2024\/04\/720-6.webp",1065,720,false],"ultp_layout_landscape_large":["https:\/\/magazineweb.com.ar\/wp-content\/uploads\/2024\/04\/720-6.webp",1065,720,false],"ultp_layout_landscape":["https:\/\/magazineweb.com.ar\/wp-content\/uploads\/2024\/04\/720-6-870x570.webp",870,570,true],"ultp_layout_portrait":["https:\/\/magazineweb.com.ar\/wp-content\/uploads\/2024\/04\/720-6-600x720.webp",600,720,true],"ultp_layout_square":["https:\/\/magazineweb.com.ar\/wp-content\/uploads\/2024\/04\/720-6-600x600.webp",600,600,true]},"rttpg_author":{"display_name":"Redacci\u00f3n Magazine Web","author_link":"https:\/\/magazineweb.com.ar\/?author=3"},"rttpg_comment":0,"rttpg_category":"<a href=\"https:\/\/magazineweb.com.ar\/?cat=17\" rel=\"category\">Nacional<\/a>","rttpg_excerpt":"El gobernador de Buenos Aires,&nbsp;Axel Kicillof, asegur\u00f3 que el presidente Javier Milei se \u201cborr\u00f3 por completo\u00bb ante la&nbsp;epidemia de dengue.&nbsp; Lo hizo a trav\u00e9s de su cuenta de X, tras&hellip;","_links":{"self":[{"href":"https:\/\/magazineweb.com.ar\/index.php?rest_route=\/wp\/v2\/posts\/5689","targetHints":{"allow":["GET"]}}],"collection":[{"href":"https:\/\/magazineweb.com.ar\/index.php?rest_route=\/wp\/v2\/posts"}],"about":[{"href":"https:\/\/magazineweb.com.ar\/index.php?rest_route=\/wp\/v2\/types\/post"}],"author":[{"embeddable":true,"href":"https:\/\/magazineweb.com.ar\/index.php?rest_route=\/wp\/v2\/users\/3"}],"replies":[{"embeddable":true,"href":"https:\/\/magazineweb.com.ar\/index.php?rest_route=%2Fwp%2Fv2%2Fcomments&post=5689"}],"version-history":[{"count":1,"href":"https:\/\/magazineweb.com.ar\/index.php?rest_route=\/wp\/v2\/posts\/5689\/revisions"}],"predecessor-version":[{"id":5691,"href":"https:\/\/magazineweb.com.ar\/index.php?rest_route=\/wp\/v2\/posts\/5689\/revisions\/5691"}],"wp:featuredmedia":[{"embeddable":true,"href":"https:\/\/magazineweb.com.ar\/index.php?rest_route=\/wp\/v2\/media\/5690"}],"wp:attachment":[{"href":"https:\/\/magazineweb.com.ar\/index.php?rest_route=%2Fwp%2Fv2%2Fmedia&parent=5689"}],"wp:term":[{"taxonomy":"category","embeddable":true,"href":"https:\/\/magazineweb.com.ar\/index.php?rest_route=%2Fwp%2Fv2%2Fcategories&post=5689"},{"taxonomy":"post_tag","embeddable":true,"href":"https:\/\/magazineweb.com.ar\/index.php?rest_route=%2Fwp%2Fv2%2Ftags&post=5689"}],"curies":[{"name":"wp","href":"https:\/\/api.w.org\/{rel}","templated":true}]}}