{"id":5713,"date":"2024-04-05T01:08:00","date_gmt":"2024-04-05T04:08:00","guid":{"rendered":"https:\/\/magazineweb.com.ar\/?p=5713"},"modified":"2024-04-05T00:46:04","modified_gmt":"2024-04-05T03:46:04","slug":"inaki-urlezaga-y-la-ruta-de-piazzolla-este-viernes-en-el-teatro-municipal","status":"publish","type":"post","link":"https:\/\/magazineweb.com.ar\/?p=5713","title":{"rendered":"I\u00f1aki Urlezaga y la Ruta de Piazzolla, este viernes en el Teatro Municipal"},"content":{"rendered":"\n<p>Con entrada libre y gratuita, este viernes 5 de abril se presentar\u00e1 en el Teatro Municipal el espect\u00e1culo \u00abLa Ruta de Piazzolla\u00bb dirigido por I\u00f1aki Urlezaga. La cita es a las 21 en Mitre 721.<\/p>\n\n\n\n<p>Invitado por el Instituto Cultural de la Provincia de Buenos Aires, I\u00f1aki subir\u00e1 a escena en su rol de director art\u00edstico un gran espect\u00e1culo de danza con la participaci\u00f3n de importantes bailarines y m\u00fasicos en vivo.<\/p>\n\n\n\n<p>La audiencia disfrutar\u00e1 de una gran propuesta art\u00edstica. El Cuarteto de Tango Buenos Aires, al ritmo del Mtro. Astor Piazzolla, y anim\u00e1ndose al comp\u00e1s de D&#8217;arienzo, y otras leyendas del tango argentino, acompa\u00f1ar\u00e1n al elenco de danza en una puesta estilizada y con el sello creativo de I\u00f1aki en cada movimiento.<\/p>\n\n\n\n<p>Para dicha funci\u00f3n se realizar\u00e1 una colecta de \u00fatiles escolares para donar a las Escuelas p\u00fablicas del distrito. Acercate con lo que puedas colaborar. Bloc de hojas rayadas, cuadriculadas N.\u00ba 3, birome, corrector (liquid), l\u00e1pices, goma de borrar, resaltadores, carpeta N.\u00aa 3, etc.<\/p>\n\n\n\n<p>Retiro de localidades de lunes a viernes de 9 a 18 hs. Por boleter\u00eda del teatro o por la p\u00e1gina www.quilmes.gov.ar\/agenda<\/p>\n","protected":false},"excerpt":{"rendered":"<p>Con entrada libre y gratuita, este viernes 5 de abril se presentar\u00e1 en el Teatro Municipal el espect\u00e1culo \u00abLa Ruta de Piazzolla\u00bb dirigido por I\u00f1aki Urlezaga. La cita es a&hellip;<\/p>\n","protected":false},"author":3,"featured_media":5714,"comment_status":"closed","ping_status":"closed","sticky":false,"template":"","format":"standard","meta":{"footnotes":""},"categories":[7],"tags":[],"class_list":["post-5713","post","type-post","status-publish","format-standard","has-post-thumbnail","hentry","category-espectaculos"],"rttpg_featured_image_url":{"full":["https:\/\/magazineweb.com.ar\/wp-content\/uploads\/2024\/04\/tango-astor.jpg",900,831,false],"landscape":["https:\/\/magazineweb.com.ar\/wp-content\/uploads\/2024\/04\/tango-astor.jpg",900,831,false],"portraits":["https:\/\/magazineweb.com.ar\/wp-content\/uploads\/2024\/04\/tango-astor.jpg",900,831,false],"thumbnail":["https:\/\/magazineweb.com.ar\/wp-content\/uploads\/2024\/04\/tango-astor-150x150.jpg",150,150,true],"medium":["https:\/\/magazineweb.com.ar\/wp-content\/uploads\/2024\/04\/tango-astor-300x277.jpg",300,277,true],"large":["https:\/\/magazineweb.com.ar\/wp-content\/uploads\/2024\/04\/tango-astor.jpg",900,831,false],"1536x1536":["https:\/\/magazineweb.com.ar\/wp-content\/uploads\/2024\/04\/tango-astor.jpg",900,831,false],"2048x2048":["https:\/\/magazineweb.com.ar\/wp-content\/uploads\/2024\/04\/tango-astor.jpg",900,831,false],"ultp_layout_landscape_large":["https:\/\/magazineweb.com.ar\/wp-content\/uploads\/2024\/04\/tango-astor-900x800.jpg",900,800,true],"ultp_layout_landscape":["https:\/\/magazineweb.com.ar\/wp-content\/uploads\/2024\/04\/tango-astor-870x570.jpg",870,570,true],"ultp_layout_portrait":["https:\/\/magazineweb.com.ar\/wp-content\/uploads\/2024\/04\/tango-astor-600x831.jpg",600,831,true],"ultp_layout_square":["https:\/\/magazineweb.com.ar\/wp-content\/uploads\/2024\/04\/tango-astor-600x600.jpg",600,600,true]},"rttpg_author":{"display_name":"Redacci\u00f3n Magazine Web","author_link":"https:\/\/magazineweb.com.ar\/?author=3"},"rttpg_comment":0,"rttpg_category":"<a href=\"https:\/\/magazineweb.com.ar\/?cat=7\" rel=\"category\">Espect\u00e1culos<\/a>","rttpg_excerpt":"Con entrada libre y gratuita, este viernes 5 de abril se presentar\u00e1 en el Teatro Municipal el espect\u00e1culo \u00abLa Ruta de Piazzolla\u00bb dirigido por I\u00f1aki Urlezaga. La cita es a&hellip;","_links":{"self":[{"href":"https:\/\/magazineweb.com.ar\/index.php?rest_route=\/wp\/v2\/posts\/5713","targetHints":{"allow":["GET"]}}],"collection":[{"href":"https:\/\/magazineweb.com.ar\/index.php?rest_route=\/wp\/v2\/posts"}],"about":[{"href":"https:\/\/magazineweb.com.ar\/index.php?rest_route=\/wp\/v2\/types\/post"}],"author":[{"embeddable":true,"href":"https:\/\/magazineweb.com.ar\/index.php?rest_route=\/wp\/v2\/users\/3"}],"replies":[{"embeddable":true,"href":"https:\/\/magazineweb.com.ar\/index.php?rest_route=%2Fwp%2Fv2%2Fcomments&post=5713"}],"version-history":[{"count":1,"href":"https:\/\/magazineweb.com.ar\/index.php?rest_route=\/wp\/v2\/posts\/5713\/revisions"}],"predecessor-version":[{"id":5715,"href":"https:\/\/magazineweb.com.ar\/index.php?rest_route=\/wp\/v2\/posts\/5713\/revisions\/5715"}],"wp:featuredmedia":[{"embeddable":true,"href":"https:\/\/magazineweb.com.ar\/index.php?rest_route=\/wp\/v2\/media\/5714"}],"wp:attachment":[{"href":"https:\/\/magazineweb.com.ar\/index.php?rest_route=%2Fwp%2Fv2%2Fmedia&parent=5713"}],"wp:term":[{"taxonomy":"category","embeddable":true,"href":"https:\/\/magazineweb.com.ar\/index.php?rest_route=%2Fwp%2Fv2%2Fcategories&post=5713"},{"taxonomy":"post_tag","embeddable":true,"href":"https:\/\/magazineweb.com.ar\/index.php?rest_route=%2Fwp%2Fv2%2Ftags&post=5713"}],"curies":[{"name":"wp","href":"https:\/\/api.w.org\/{rel}","templated":true}]}}