{"id":5730,"date":"2024-04-08T01:06:00","date_gmt":"2024-04-08T04:06:00","guid":{"rendered":"https:\/\/magazineweb.com.ar\/?p=5730"},"modified":"2024-04-08T00:09:09","modified_gmt":"2024-04-08T03:09:09","slug":"salud-bonaerense-busca-promover-la-vacunacion-contra-la-bronquiolitis","status":"publish","type":"post","link":"https:\/\/magazineweb.com.ar\/?p=5730","title":{"rendered":"Salud bonaerense busca promover la vacunaci\u00f3n contra la bronquiolitis"},"content":{"rendered":"\n<p>Autoridades bonaerenses intentan promover la vacunaci\u00f3n contra la bronquiolitis sobre todo en personas gestantes&nbsp;y cuidar as\u00ed la salud de sus beb\u00e9s, especialmente durante los primeros 6 meses de vida.&nbsp;<\/p>\n\n\n\n<p>En las \u00faltimas horas,&nbsp;el ministro de Salud bonaerense, Nicol\u00e1s Kreplak, se reuni\u00f3 con los representantes de ocho sociedades cient\u00edficas y asociaciones profesionales&nbsp;para promover la vacunaci\u00f3n contra el VRS, virus de la bronquiolitis y durante el encuentro&nbsp;se firm\u00f3 un comunicado conjunto llamando a que los equipos de salud alienten y promuevan la vacunaci\u00f3n.<\/p>\n\n\n\n<p>El comunicado reafirma que&nbsp;\u00abla bronquiolitis es una enfermedad respiratoria que afecta principalmente a ni\u00f1as y ni\u00f1os menores de un a\u00f1o, provocando cuadros graves e incluso la muerte. Esta enfermedad es generalmente causada por el Virus Sincicial Respiratorio (VSR)\u00bb.&nbsp;<\/p>\n\n\n\n<p>De ah\u00ed la importancia de la vacunaci\u00f3n en gestantes, para &nbsp;que trasmitan los anticuerpos durante el embarazo y as\u00ed proteger a las y los beb\u00e9s durante la \u00e9poca invernal.<\/p>\n\n\n\n<p>La cartera sanitaria record\u00f3 que&nbsp;este a\u00f1o se incorpor\u00f3 al Calendario Nacional de Vacunaci\u00f3n la vacuna contra el VSR de forma obligatoria y gratuita para todas las personas gestantes&nbsp;que se encuentren cursando la semana 32 a 36 inclusive de embarazo entre los meses de marzo y julio.&nbsp;<\/p>\n\n\n\n<p>Se trata de una dosis \u00fanica y puede aplicarse junto a otras vacunas en todos los vacunatorios p\u00fablicos de la Provincia de Buenos Aires.<\/p>\n\n\n\n<p>Las sociedades firmantes del comunicado para promover la aplicaci\u00f3n de la vacuna son: Sociedad de Obstetricia y Ginecolog\u00eda de la Provincia de Buenos Aires (SOGBA); Colegio de Obstetricia de Buenos Aires (COPBA); Sociedad Argentina de Pediatr\u00eda (SAP); Sociedad Argentina de Infectolog\u00eda (SADI); Sociedad Argentina de Vacunolog\u00eda y Epidemiolog\u00eda (SAVE); Sociedad Argentina de Medicina (SAM); Sociedad Argentina de Medicina Interna General (SAMIG); &nbsp;Asociaci\u00f3n de Medicina General de la Provincia de Buenos Aires (AMGBA).<\/p>\n","protected":false},"excerpt":{"rendered":"<p>Autoridades bonaerenses intentan promover la vacunaci\u00f3n contra la bronquiolitis sobre todo en personas gestantes&nbsp;y cuidar as\u00ed la salud de sus beb\u00e9s, especialmente durante los primeros 6 meses de vida.&nbsp; En&hellip;<\/p>\n","protected":false},"author":3,"featured_media":5731,"comment_status":"closed","ping_status":"closed","sticky":false,"template":"","format":"standard","meta":{"footnotes":""},"categories":[16],"tags":[],"class_list":["post-5730","post","type-post","status-publish","format-standard","has-post-thumbnail","hentry","category-salud-y-medio-ambiente"],"rttpg_featured_image_url":{"full":["https:\/\/magazineweb.com.ar\/wp-content\/uploads\/2024\/04\/VSR1_0.jpeg",700,434,false],"landscape":["https:\/\/magazineweb.com.ar\/wp-content\/uploads\/2024\/04\/VSR1_0.jpeg",700,434,false],"portraits":["https:\/\/magazineweb.com.ar\/wp-content\/uploads\/2024\/04\/VSR1_0.jpeg",700,434,false],"thumbnail":["https:\/\/magazineweb.com.ar\/wp-content\/uploads\/2024\/04\/VSR1_0-150x150.jpeg",150,150,true],"medium":["https:\/\/magazineweb.com.ar\/wp-content\/uploads\/2024\/04\/VSR1_0-300x186.jpeg",300,186,true],"large":["https:\/\/magazineweb.com.ar\/wp-content\/uploads\/2024\/04\/VSR1_0.jpeg",700,434,false],"1536x1536":["https:\/\/magazineweb.com.ar\/wp-content\/uploads\/2024\/04\/VSR1_0.jpeg",700,434,false],"2048x2048":["https:\/\/magazineweb.com.ar\/wp-content\/uploads\/2024\/04\/VSR1_0.jpeg",700,434,false],"ultp_layout_landscape_large":["https:\/\/magazineweb.com.ar\/wp-content\/uploads\/2024\/04\/VSR1_0.jpeg",700,434,false],"ultp_layout_landscape":["https:\/\/magazineweb.com.ar\/wp-content\/uploads\/2024\/04\/VSR1_0.jpeg",700,434,false],"ultp_layout_portrait":["https:\/\/magazineweb.com.ar\/wp-content\/uploads\/2024\/04\/VSR1_0-600x434.jpeg",600,434,true],"ultp_layout_square":["https:\/\/magazineweb.com.ar\/wp-content\/uploads\/2024\/04\/VSR1_0-600x434.jpeg",600,434,true]},"rttpg_author":{"display_name":"Redacci\u00f3n Magazine Web","author_link":"https:\/\/magazineweb.com.ar\/?author=3"},"rttpg_comment":0,"rttpg_category":"<a href=\"https:\/\/magazineweb.com.ar\/?cat=16\" rel=\"category\">Salud y Medio Ambiente<\/a>","rttpg_excerpt":"Autoridades bonaerenses intentan promover la vacunaci\u00f3n contra la bronquiolitis sobre todo en personas gestantes&nbsp;y cuidar as\u00ed la salud de sus beb\u00e9s, especialmente durante los primeros 6 meses de vida.&nbsp; En&hellip;","_links":{"self":[{"href":"https:\/\/magazineweb.com.ar\/index.php?rest_route=\/wp\/v2\/posts\/5730","targetHints":{"allow":["GET"]}}],"collection":[{"href":"https:\/\/magazineweb.com.ar\/index.php?rest_route=\/wp\/v2\/posts"}],"about":[{"href":"https:\/\/magazineweb.com.ar\/index.php?rest_route=\/wp\/v2\/types\/post"}],"author":[{"embeddable":true,"href":"https:\/\/magazineweb.com.ar\/index.php?rest_route=\/wp\/v2\/users\/3"}],"replies":[{"embeddable":true,"href":"https:\/\/magazineweb.com.ar\/index.php?rest_route=%2Fwp%2Fv2%2Fcomments&post=5730"}],"version-history":[{"count":1,"href":"https:\/\/magazineweb.com.ar\/index.php?rest_route=\/wp\/v2\/posts\/5730\/revisions"}],"predecessor-version":[{"id":5732,"href":"https:\/\/magazineweb.com.ar\/index.php?rest_route=\/wp\/v2\/posts\/5730\/revisions\/5732"}],"wp:featuredmedia":[{"embeddable":true,"href":"https:\/\/magazineweb.com.ar\/index.php?rest_route=\/wp\/v2\/media\/5731"}],"wp:attachment":[{"href":"https:\/\/magazineweb.com.ar\/index.php?rest_route=%2Fwp%2Fv2%2Fmedia&parent=5730"}],"wp:term":[{"taxonomy":"category","embeddable":true,"href":"https:\/\/magazineweb.com.ar\/index.php?rest_route=%2Fwp%2Fv2%2Fcategories&post=5730"},{"taxonomy":"post_tag","embeddable":true,"href":"https:\/\/magazineweb.com.ar\/index.php?rest_route=%2Fwp%2Fv2%2Ftags&post=5730"}],"curies":[{"name":"wp","href":"https:\/\/api.w.org\/{rel}","templated":true}]}}