{"id":5742,"date":"2024-04-08T01:07:00","date_gmt":"2024-04-08T04:07:00","guid":{"rendered":"https:\/\/magazineweb.com.ar\/?p=5742"},"modified":"2024-04-07T21:21:42","modified_gmt":"2024-04-08T00:21:42","slug":"cristina-kirchner-reaparecio-y-apunto-contra-el-gobierno-de-milei-el-cuadro-se-agrava-cada-vez-mas","status":"publish","type":"post","link":"https:\/\/magazineweb.com.ar\/?p=5742","title":{"rendered":"Cristina Kirchner reapareci\u00f3 y apunt\u00f3 contra el Gobierno de Milei: \u00abEl cuadro se agrava cada vez m\u00e1s\u00bb"},"content":{"rendered":"\n<p>La ex presidenta&nbsp;Cristina Fern\u00e1ndez de Kirchner reapareci\u00f3 en un mensaje grabado donde asegur\u00f3 que&nbsp;el cuadro de situaci\u00f3n del pa\u00eds \u00abse agrava cada vez m\u00e1s\u201d, en medio de los aumentos de tarifas de servicios p\u00fablicos que propone el Gobierno del presidente Javier Milei.&nbsp;<\/p>\n\n\n\n<p>En un audio de poco m\u00e1s de dos minutos que envi\u00f3 para un plenario de Nuevo Encuentro, el partido que conduce Mart\u00edn Sabbatella, la ex vicepresidenta de la Naci\u00f3n manifest\u00f3: \u201cTal cual lo preve\u00edamos en el mismo,&nbsp;el cuadro se agrava cada vez m\u00e1s, agreg\u00e1ndose ahora la cuesti\u00f3n del precio de los servicios p\u00fablicos esenciales\u201d.&nbsp;<\/p>\n\n\n\n<p>\u201cEl aumento de las tarifas, que en realidad debe implicar, ni m\u00e1s ni menos que discutir o rediscutir la cuesti\u00f3n energ\u00e9tica y su marco regulatorio en Argentina, significar\u00e1n sin lugar a duda un punto de inflexi\u00f3n en los tiempos que vienen\u201d, consider\u00f3 CFK.&nbsp;<\/p>\n\n\n\n<p>En tanto, la ex mandataria dijo que deuda externa y energ\u00eda son los \u201cdos vectores\u201d para una \u201cArgentina diferente\u201d, al tiempo que dejo un mensaje hacia el interior del espacio opositor.&nbsp;<\/p>\n\n\n\n<p>\u201cNuestra oposici\u00f3n al modelo que nos plantean desde un dogmatismo e ideologismo absolutamente incomprensible,&nbsp;no debe ser precisamente desde el dogmatismo tambi\u00e9n, o desde el consignismo.&nbsp;Sino desde la comprobaci\u00f3n emp\u00edrica, comprobaci\u00f3n emp\u00edrica, vuelvo a reiterar\u201d, argument\u00f3 la ex jefa de Estado.&nbsp;<\/p>\n\n\n\n<p>En este sentido, la ex titular del Senado expres\u00f3: \u201cLos hechos, las opiniones pueden variar, los hechos son sagrados dijo alguien, no? Bueno, la comprobaci\u00f3n emp\u00edrica del fracaso de estas pol\u00edticas, que no son nuevas, ni mucho menos originales\u201d.<\/p>\n\n\n\n<p>La ex presidenta se hab\u00eda manifestado hace un mes, cuando tuvo un cruce en redes con Milei, luego de que la diputada nacional Victoria Tolosa Paz hizo p\u00fablico el aumento del 48% que se les hab\u00eda otorgado a los funcionarios de Casa Rosada.&nbsp;<\/p>\n\n\n\n<p>Previamente al intercambio con el actual jefe de Estado, CFK hab\u00eda publicado una larga carta de 33 p\u00e1ginas en las que critic\u00f3 duramente a la gesti\u00f3n del presidente libertario.&nbsp;<\/p>\n","protected":false},"excerpt":{"rendered":"<p>La ex presidenta&nbsp;Cristina Fern\u00e1ndez de Kirchner reapareci\u00f3 en un mensaje grabado donde asegur\u00f3 que&nbsp;el cuadro de situaci\u00f3n del pa\u00eds \u00abse agrava cada vez m\u00e1s\u201d, en medio de los aumentos de&hellip;<\/p>\n","protected":false},"author":3,"featured_media":5743,"comment_status":"closed","ping_status":"closed","sticky":false,"template":"","format":"standard","meta":{"footnotes":""},"categories":[17],"tags":[],"class_list":["post-5742","post","type-post","status-publish","format-standard","has-post-thumbnail","hentry","category-nacional"],"rttpg_featured_image_url":{"full":["https:\/\/magazineweb.com.ar\/wp-content\/uploads\/2024\/04\/cfkjpg.webp",1200,675,false],"landscape":["https:\/\/magazineweb.com.ar\/wp-content\/uploads\/2024\/04\/cfkjpg.webp",1200,675,false],"portraits":["https:\/\/magazineweb.com.ar\/wp-content\/uploads\/2024\/04\/cfkjpg.webp",1200,675,false],"thumbnail":["https:\/\/magazineweb.com.ar\/wp-content\/uploads\/2024\/04\/cfkjpg-150x150.webp",150,150,true],"medium":["https:\/\/magazineweb.com.ar\/wp-content\/uploads\/2024\/04\/cfkjpg-300x169.webp",300,169,true],"large":["https:\/\/magazineweb.com.ar\/wp-content\/uploads\/2024\/04\/cfkjpg-1024x576.webp",1024,576,true],"1536x1536":["https:\/\/magazineweb.com.ar\/wp-content\/uploads\/2024\/04\/cfkjpg.webp",1200,675,false],"2048x2048":["https:\/\/magazineweb.com.ar\/wp-content\/uploads\/2024\/04\/cfkjpg.webp",1200,675,false],"ultp_layout_landscape_large":["https:\/\/magazineweb.com.ar\/wp-content\/uploads\/2024\/04\/cfkjpg.webp",1200,675,false],"ultp_layout_landscape":["https:\/\/magazineweb.com.ar\/wp-content\/uploads\/2024\/04\/cfkjpg-870x570.webp",870,570,true],"ultp_layout_portrait":["https:\/\/magazineweb.com.ar\/wp-content\/uploads\/2024\/04\/cfkjpg-600x675.webp",600,675,true],"ultp_layout_square":["https:\/\/magazineweb.com.ar\/wp-content\/uploads\/2024\/04\/cfkjpg-600x600.webp",600,600,true]},"rttpg_author":{"display_name":"Redacci\u00f3n Magazine Web","author_link":"https:\/\/magazineweb.com.ar\/?author=3"},"rttpg_comment":0,"rttpg_category":"<a href=\"https:\/\/magazineweb.com.ar\/?cat=17\" rel=\"category\">Nacional<\/a>","rttpg_excerpt":"La ex presidenta&nbsp;Cristina Fern\u00e1ndez de Kirchner reapareci\u00f3 en un mensaje grabado donde asegur\u00f3 que&nbsp;el cuadro de situaci\u00f3n del pa\u00eds \u00abse agrava cada vez m\u00e1s\u201d, en medio de los aumentos de&hellip;","_links":{"self":[{"href":"https:\/\/magazineweb.com.ar\/index.php?rest_route=\/wp\/v2\/posts\/5742","targetHints":{"allow":["GET"]}}],"collection":[{"href":"https:\/\/magazineweb.com.ar\/index.php?rest_route=\/wp\/v2\/posts"}],"about":[{"href":"https:\/\/magazineweb.com.ar\/index.php?rest_route=\/wp\/v2\/types\/post"}],"author":[{"embeddable":true,"href":"https:\/\/magazineweb.com.ar\/index.php?rest_route=\/wp\/v2\/users\/3"}],"replies":[{"embeddable":true,"href":"https:\/\/magazineweb.com.ar\/index.php?rest_route=%2Fwp%2Fv2%2Fcomments&post=5742"}],"version-history":[{"count":1,"href":"https:\/\/magazineweb.com.ar\/index.php?rest_route=\/wp\/v2\/posts\/5742\/revisions"}],"predecessor-version":[{"id":5744,"href":"https:\/\/magazineweb.com.ar\/index.php?rest_route=\/wp\/v2\/posts\/5742\/revisions\/5744"}],"wp:featuredmedia":[{"embeddable":true,"href":"https:\/\/magazineweb.com.ar\/index.php?rest_route=\/wp\/v2\/media\/5743"}],"wp:attachment":[{"href":"https:\/\/magazineweb.com.ar\/index.php?rest_route=%2Fwp%2Fv2%2Fmedia&parent=5742"}],"wp:term":[{"taxonomy":"category","embeddable":true,"href":"https:\/\/magazineweb.com.ar\/index.php?rest_route=%2Fwp%2Fv2%2Fcategories&post=5742"},{"taxonomy":"post_tag","embeddable":true,"href":"https:\/\/magazineweb.com.ar\/index.php?rest_route=%2Fwp%2Fv2%2Ftags&post=5742"}],"curies":[{"name":"wp","href":"https:\/\/api.w.org\/{rel}","templated":true}]}}