{"id":5748,"date":"2024-04-09T01:05:00","date_gmt":"2024-04-09T04:05:00","guid":{"rendered":"https:\/\/magazineweb.com.ar\/?p=5748"},"modified":"2024-04-07T22:27:21","modified_gmt":"2024-04-08T01:27:21","slug":"la-venta-de-autos-0km-sigue-con-una-fuerte-caida-en-medio-de-la-recesion","status":"publish","type":"post","link":"https:\/\/magazineweb.com.ar\/?p=5748","title":{"rendered":"La venta de autos 0km sigue con una fuerte ca\u00edda en medio de la recesi\u00f3n"},"content":{"rendered":"\n<p>Con 18 d\u00edas h\u00e1biles de actividad, cuatro jornadas menos que marzo del a\u00f1o pasado, la producci\u00f3n de veh\u00edculos (autom\u00f3viles y veh\u00edculos comerciales) &nbsp;fue de 43.159 &nbsp;unidades, un 15,1% m\u00e1s respecto de febrero pero 29,4% menos en su comparaci\u00f3n con las 61.104 unidades que se produjeron en marzo del 2023. &nbsp;<\/p>\n\n\n\n<p>En el acumulado del primer trimestre, el sector produjo un total de 103.293 veh\u00edculos, es decir, un 23,2% menos respecto de las 134.574 unidades que se &nbsp;produjeron en el mismo per\u00edodo del 2023.<\/p>\n\n\n\n<p>En marzo, el sector export\u00f3 23.484 unidades, lo que arroj\u00f3 una baja de 0,4 % respecto de febrero. En su comparaci\u00f3n es contra el mismo mes del 2023, el sector registr\u00f3 una contracci\u00f3n de 27,6% en sus env\u00edos.<\/p>\n\n\n\n<p>En el acumulado enero-marzo, las terminales exportaron 62.370 unidades, 7,9 % menos &nbsp;respecto de los env\u00edos registrados en el mismo periodo del a\u00f1o pasado.<\/p>\n\n\n\n<p>\u201cDe cara a los desaf\u00edos que se presentan para este 2024, y mientras aguardamos que las medidas econ\u00f3micas tomadas contribuyan a la recuperaci\u00f3n de la actividad, el comportamiento de las principales variables dan cuenta que tenemos que &nbsp;redoblar los esfuerzos y el trabajo en conjunto con la cadena de valor para contar con las herramientas que nos permitan tener un buen nivel de actividad\u201d, se\u00f1al\u00f3 Mart\u00edn Zuppi, presidente de ADEFA.<\/p>\n\n\n\n<p>En lo que respecta a ventas mayoristas, el sector automotor comercializ\u00f3 a la red de concesionarios 30.176 unidades en marzo, 9,2 % menos respecto de las entregas de febrero y 20,8 % por debajo del volumen que se comercializ\u00f3 el mismo mes del a\u00f1o pasado.<\/p>\n\n\n\n<p>Entre enero y marzo se comercializaron a la red un total de 79.352 unidades, un 12,1 % menos en su comparaci\u00f3n con las &nbsp;90.324 &nbsp;unidades del primer trimestre del 2023.<\/p>\n","protected":false},"excerpt":{"rendered":"<p>Con 18 d\u00edas h\u00e1biles de actividad, cuatro jornadas menos que marzo del a\u00f1o pasado, la producci\u00f3n de veh\u00edculos (autom\u00f3viles y veh\u00edculos comerciales) &nbsp;fue de 43.159 &nbsp;unidades, un 15,1% m\u00e1s respecto&hellip;<\/p>\n","protected":false},"author":3,"featured_media":5749,"comment_status":"closed","ping_status":"closed","sticky":false,"template":"","format":"standard","meta":{"footnotes":""},"categories":[5],"tags":[],"class_list":["post-5748","post","type-post","status-publish","format-standard","has-post-thumbnail","hentry","category-economia"],"rttpg_featured_image_url":{"full":["https:\/\/magazineweb.com.ar\/wp-content\/uploads\/2024\/04\/720-12.webp",1280,701,false],"landscape":["https:\/\/magazineweb.com.ar\/wp-content\/uploads\/2024\/04\/720-12.webp",1280,701,false],"portraits":["https:\/\/magazineweb.com.ar\/wp-content\/uploads\/2024\/04\/720-12.webp",1280,701,false],"thumbnail":["https:\/\/magazineweb.com.ar\/wp-content\/uploads\/2024\/04\/720-12-150x150.webp",150,150,true],"medium":["https:\/\/magazineweb.com.ar\/wp-content\/uploads\/2024\/04\/720-12-300x164.webp",300,164,true],"large":["https:\/\/magazineweb.com.ar\/wp-content\/uploads\/2024\/04\/720-12-1024x561.webp",1024,561,true],"1536x1536":["https:\/\/magazineweb.com.ar\/wp-content\/uploads\/2024\/04\/720-12.webp",1280,701,false],"2048x2048":["https:\/\/magazineweb.com.ar\/wp-content\/uploads\/2024\/04\/720-12.webp",1280,701,false],"ultp_layout_landscape_large":["https:\/\/magazineweb.com.ar\/wp-content\/uploads\/2024\/04\/720-12-1200x701.webp",1200,701,true],"ultp_layout_landscape":["https:\/\/magazineweb.com.ar\/wp-content\/uploads\/2024\/04\/720-12-870x570.webp",870,570,true],"ultp_layout_portrait":["https:\/\/magazineweb.com.ar\/wp-content\/uploads\/2024\/04\/720-12-600x701.webp",600,701,true],"ultp_layout_square":["https:\/\/magazineweb.com.ar\/wp-content\/uploads\/2024\/04\/720-12-600x600.webp",600,600,true]},"rttpg_author":{"display_name":"Redacci\u00f3n Magazine Web","author_link":"https:\/\/magazineweb.com.ar\/?author=3"},"rttpg_comment":0,"rttpg_category":"<a href=\"https:\/\/magazineweb.com.ar\/?cat=5\" rel=\"category\">Econom\u00eda<\/a>","rttpg_excerpt":"Con 18 d\u00edas h\u00e1biles de actividad, cuatro jornadas menos que marzo del a\u00f1o pasado, la producci\u00f3n de veh\u00edculos (autom\u00f3viles y veh\u00edculos comerciales) &nbsp;fue de 43.159 &nbsp;unidades, un 15,1% m\u00e1s respecto&hellip;","_links":{"self":[{"href":"https:\/\/magazineweb.com.ar\/index.php?rest_route=\/wp\/v2\/posts\/5748","targetHints":{"allow":["GET"]}}],"collection":[{"href":"https:\/\/magazineweb.com.ar\/index.php?rest_route=\/wp\/v2\/posts"}],"about":[{"href":"https:\/\/magazineweb.com.ar\/index.php?rest_route=\/wp\/v2\/types\/post"}],"author":[{"embeddable":true,"href":"https:\/\/magazineweb.com.ar\/index.php?rest_route=\/wp\/v2\/users\/3"}],"replies":[{"embeddable":true,"href":"https:\/\/magazineweb.com.ar\/index.php?rest_route=%2Fwp%2Fv2%2Fcomments&post=5748"}],"version-history":[{"count":1,"href":"https:\/\/magazineweb.com.ar\/index.php?rest_route=\/wp\/v2\/posts\/5748\/revisions"}],"predecessor-version":[{"id":5750,"href":"https:\/\/magazineweb.com.ar\/index.php?rest_route=\/wp\/v2\/posts\/5748\/revisions\/5750"}],"wp:featuredmedia":[{"embeddable":true,"href":"https:\/\/magazineweb.com.ar\/index.php?rest_route=\/wp\/v2\/media\/5749"}],"wp:attachment":[{"href":"https:\/\/magazineweb.com.ar\/index.php?rest_route=%2Fwp%2Fv2%2Fmedia&parent=5748"}],"wp:term":[{"taxonomy":"category","embeddable":true,"href":"https:\/\/magazineweb.com.ar\/index.php?rest_route=%2Fwp%2Fv2%2Fcategories&post=5748"},{"taxonomy":"post_tag","embeddable":true,"href":"https:\/\/magazineweb.com.ar\/index.php?rest_route=%2Fwp%2Fv2%2Ftags&post=5748"}],"curies":[{"name":"wp","href":"https:\/\/api.w.org\/{rel}","templated":true}]}}