{"id":5782,"date":"2024-04-09T01:07:00","date_gmt":"2024-04-09T04:07:00","guid":{"rendered":"https:\/\/magazineweb.com.ar\/?p=5782"},"modified":"2024-04-08T19:55:41","modified_gmt":"2024-04-08T22:55:41","slug":"los-docentes-universitarios-ratificaron-el-paro-y-convocaron-a-una-gran-marcha-federal","status":"publish","type":"post","link":"https:\/\/magazineweb.com.ar\/?p=5782","title":{"rendered":"Los docentes universitarios ratificaron el paro y convocaron a una gran marcha federal"},"content":{"rendered":"\n<p>Las y los docentes de las universidades nacionales ratificaron ayer lunes el&nbsp;paro nacional de 48 horas para el mi\u00e9rcoles y jueves, en defensa del salario y del presupuesto del sector, y redoblaron la apuesta con una convocatoria a una&nbsp;\u201cgran marcha federal universitaria\u201d para el 25 pr\u00f3ximo.<\/p>\n\n\n\n<p>\u201cLa situaci\u00f3n cr\u00edtica \u2013 en lo salarial y en lo presupuestario \u2013 de las Universidades Nacionales y del Sistema P\u00fablico de Ciencia y Tecnolog\u00eda provocada por el Gobierno de Milei,&nbsp;el ataque general que el partido de gobierno realiza a la educaci\u00f3n equipar\u00e1ndola con el adoctrinamiento&nbsp;y la reciente declaraci\u00f3n de uno de sus principales referentes&nbsp; \u2013Benegas Lynch\u2013 que reclama libertad para legitimar el trabajo infantil frente al derecho a la educaci\u00f3n obligatoria, plantean la&nbsp;necesidad de una respuesta en unidad: unidad para defender la&nbsp; universidad p\u00fablica, gratuita, laica y de calidad.&nbsp; Por ello, convocamos a una gran marcha federal universitaria para el d\u00eda 25 de abril\u201d, anuncia un comunicado difundido por los sindicatos del sector.<\/p>\n\n\n\n<p>\u201cRatificamos conjuntamente las 48 horas de lucha y visibilizaci\u00f3n de los d\u00edas 10 y 11 de abril en todo el pa\u00eds\u201d, a\u00f1ade el texto, enviado por la Conadu Hist\u00f3rica, en referencia al paro que los trabajadores universitarios realizar\u00e1n este mi\u00e9rcoles y jueves en todo el pa\u00eds.<\/p>\n\n\n\n<p>\u201cDefendamos la universidad p\u00fablica;&nbsp;defendamos los salarios docentes, no docentes y de investigadores; defendamos las becas, el boleto educativo y aquellas condiciones que hacen posible para la mayor\u00eda del estudiantado sostenerse&nbsp;dentro de la universidad. Reincorporaci\u00f3n ya de los despedidos en el Estado\u201d, concluye el comunicado, que firman la CONADU Hist\u00f3rica, CONADU, FEDUN, FACDUT (de la UTN), CTERA, FATUN y FUA.<\/p>\n\n\n\n<h2 class=\"wp-block-heading\">La situaci\u00f3n de las universidades<\/h2>\n\n\n\n<p>Con una inflaci\u00f3n interanual de 287%,&nbsp;las universidades deben funcionar con el presupuesto 2023 prorrogado, dado que el presupuesto 2024 nunca se aprob\u00f3 en el Congreso, lo que hace prever que, en algunas casas de estudio, las clases est\u00e9n garantizadas solo hasta mayo.<\/p>\n\n\n\n<p>De las partidas que las universidades reciben cada mes, cerca de un 90% se destina al pago de salarios, y solo un exiguo 10% queda para hacer frente a los gastos de funcionamiento,&nbsp;incluidas las desreguladas y temidas tarifas de servicios p\u00fablicos&nbsp;que ya azotan tambi\u00e9n a la poblaci\u00f3n en general.<\/p>\n\n\n\n<h2 class=\"wp-block-heading\">Paro nacional y banderazo<\/h2>\n\n\n\n<p><strong>El jueves pasado<\/strong>&nbsp;la docencia universitaria y preuniversitaria nucleada en CONADU Hist\u00f3rica&nbsp;<strong>realiz\u00f3 un paro nacional de 24 horas&nbsp;<\/strong>confluyendo con la medida de fuerza del resto de los niveles educativos impulsada por CTERA, que se concret\u00f3 con actos, movilizaciones, clases p\u00fablicas y otras actividades de visibilizaci\u00f3n de las demandas.<\/p>\n\n\n\n<p>En aquella oportunidad, en las escalinatas de la Facultad de Medicina de la UBA se realiz\u00f3 un&nbsp;<strong>banderazo en defensa de la Ciencia y la Universidad P\u00fablica<\/strong>&nbsp;convocado por AGD UBA, CONADU Hist\u00f3rica, ATE CONICET, FEDUBA y CONADU.&nbsp;<\/p>\n","protected":false},"excerpt":{"rendered":"<p>Las y los docentes de las universidades nacionales ratificaron ayer lunes el&nbsp;paro nacional de 48 horas para el mi\u00e9rcoles y jueves, en defensa del salario y del presupuesto del sector,&hellip;<\/p>\n","protected":false},"author":3,"featured_media":5783,"comment_status":"closed","ping_status":"closed","sticky":false,"template":"","format":"standard","meta":{"footnotes":""},"categories":[9],"tags":[],"class_list":["post-5782","post","type-post","status-publish","format-standard","has-post-thumbnail","hentry","category-informacion-general"],"rttpg_featured_image_url":{"full":["https:\/\/magazineweb.com.ar\/wp-content\/uploads\/2024\/04\/24M-2024_adelanto-33-768x512-1-1200x675-1.webp",1200,675,false],"landscape":["https:\/\/magazineweb.com.ar\/wp-content\/uploads\/2024\/04\/24M-2024_adelanto-33-768x512-1-1200x675-1.webp",1200,675,false],"portraits":["https:\/\/magazineweb.com.ar\/wp-content\/uploads\/2024\/04\/24M-2024_adelanto-33-768x512-1-1200x675-1.webp",1200,675,false],"thumbnail":["https:\/\/magazineweb.com.ar\/wp-content\/uploads\/2024\/04\/24M-2024_adelanto-33-768x512-1-1200x675-1-150x150.webp",150,150,true],"medium":["https:\/\/magazineweb.com.ar\/wp-content\/uploads\/2024\/04\/24M-2024_adelanto-33-768x512-1-1200x675-1-300x169.webp",300,169,true],"large":["https:\/\/magazineweb.com.ar\/wp-content\/uploads\/2024\/04\/24M-2024_adelanto-33-768x512-1-1200x675-1-1024x576.webp",1024,576,true],"1536x1536":["https:\/\/magazineweb.com.ar\/wp-content\/uploads\/2024\/04\/24M-2024_adelanto-33-768x512-1-1200x675-1.webp",1200,675,false],"2048x2048":["https:\/\/magazineweb.com.ar\/wp-content\/uploads\/2024\/04\/24M-2024_adelanto-33-768x512-1-1200x675-1.webp",1200,675,false],"ultp_layout_landscape_large":["https:\/\/magazineweb.com.ar\/wp-content\/uploads\/2024\/04\/24M-2024_adelanto-33-768x512-1-1200x675-1.webp",1200,675,false],"ultp_layout_landscape":["https:\/\/magazineweb.com.ar\/wp-content\/uploads\/2024\/04\/24M-2024_adelanto-33-768x512-1-1200x675-1-870x570.webp",870,570,true],"ultp_layout_portrait":["https:\/\/magazineweb.com.ar\/wp-content\/uploads\/2024\/04\/24M-2024_adelanto-33-768x512-1-1200x675-1-600x675.webp",600,675,true],"ultp_layout_square":["https:\/\/magazineweb.com.ar\/wp-content\/uploads\/2024\/04\/24M-2024_adelanto-33-768x512-1-1200x675-1-600x600.webp",600,600,true]},"rttpg_author":{"display_name":"Redacci\u00f3n Magazine Web","author_link":"https:\/\/magazineweb.com.ar\/?author=3"},"rttpg_comment":0,"rttpg_category":"<a href=\"https:\/\/magazineweb.com.ar\/?cat=9\" rel=\"category\">Informaci\u00f3n General<\/a>","rttpg_excerpt":"Las y los docentes de las universidades nacionales ratificaron ayer lunes el&nbsp;paro nacional de 48 horas para el mi\u00e9rcoles y jueves, en defensa del salario y del presupuesto del sector,&hellip;","_links":{"self":[{"href":"https:\/\/magazineweb.com.ar\/index.php?rest_route=\/wp\/v2\/posts\/5782","targetHints":{"allow":["GET"]}}],"collection":[{"href":"https:\/\/magazineweb.com.ar\/index.php?rest_route=\/wp\/v2\/posts"}],"about":[{"href":"https:\/\/magazineweb.com.ar\/index.php?rest_route=\/wp\/v2\/types\/post"}],"author":[{"embeddable":true,"href":"https:\/\/magazineweb.com.ar\/index.php?rest_route=\/wp\/v2\/users\/3"}],"replies":[{"embeddable":true,"href":"https:\/\/magazineweb.com.ar\/index.php?rest_route=%2Fwp%2Fv2%2Fcomments&post=5782"}],"version-history":[{"count":1,"href":"https:\/\/magazineweb.com.ar\/index.php?rest_route=\/wp\/v2\/posts\/5782\/revisions"}],"predecessor-version":[{"id":5784,"href":"https:\/\/magazineweb.com.ar\/index.php?rest_route=\/wp\/v2\/posts\/5782\/revisions\/5784"}],"wp:featuredmedia":[{"embeddable":true,"href":"https:\/\/magazineweb.com.ar\/index.php?rest_route=\/wp\/v2\/media\/5783"}],"wp:attachment":[{"href":"https:\/\/magazineweb.com.ar\/index.php?rest_route=%2Fwp%2Fv2%2Fmedia&parent=5782"}],"wp:term":[{"taxonomy":"category","embeddable":true,"href":"https:\/\/magazineweb.com.ar\/index.php?rest_route=%2Fwp%2Fv2%2Fcategories&post=5782"},{"taxonomy":"post_tag","embeddable":true,"href":"https:\/\/magazineweb.com.ar\/index.php?rest_route=%2Fwp%2Fv2%2Ftags&post=5782"}],"curies":[{"name":"wp","href":"https:\/\/api.w.org\/{rel}","templated":true}]}}