{"id":5785,"date":"2024-04-12T01:01:00","date_gmt":"2024-04-12T04:01:00","guid":{"rendered":"https:\/\/magazineweb.com.ar\/?p=5785"},"modified":"2024-04-08T20:02:12","modified_gmt":"2024-04-08T23:02:12","slug":"el-17-de-abril-comienza-el-pago-de-la-movilidad-y-el-bono-para-jubilados-y-pensionados","status":"publish","type":"post","link":"https:\/\/magazineweb.com.ar\/?p=5785","title":{"rendered":"EL 17 DE ABRIL COMIENZA EL PAGO DE LA MOVILIDAD Y EL BONO PARA JUBILADOS Y PENSIONADOS"},"content":{"rendered":"\n<p>ANSES informa que a partir del&nbsp;<strong>17 de abril<\/strong>&nbsp;comienza el pago de la movilidad para aquellas jubilaciones y pensiones que hayan cobrado sus haberes correspondientes a abril&nbsp;<strong>antes del mi\u00e9rcoles 17<\/strong>. Las jubilaciones m\u00ednimas cobrar\u00e1n, adem\u00e1s, el bono de 70 mil pesos.<\/p>\n\n\n\n<p>Por lo tanto, el calendario complementario ser\u00e1 el siguiente:<\/p>\n\n\n\n<p><strong>Pensiones No Contributivas:<\/strong><\/p>\n\n\n\n<p>Documentos terminados en&nbsp;<strong>0<\/strong>&nbsp;y&nbsp;<strong>1<\/strong>:&nbsp;<strong>17 de abril<\/strong><\/p>\n\n\n\n<p>Documentos terminados en&nbsp;<strong>2<\/strong>&nbsp;y&nbsp;<strong>3<\/strong>:&nbsp;<strong>18 de abril<\/strong><\/p>\n\n\n\n<p>Documentos terminados en&nbsp;<strong>4<\/strong>&nbsp;y&nbsp;<strong>5<\/strong>:&nbsp;<strong>19 de abril<\/strong><\/p>\n\n\n\n<p>Documentos terminados en&nbsp;<strong>6<\/strong>&nbsp;y&nbsp;<strong>7<\/strong>:&nbsp;<strong>22 de abril<\/strong><\/p>\n\n\n\n<p>Documentos terminados en&nbsp;<strong>8<\/strong>&nbsp;y&nbsp;<strong>9<\/strong>:&nbsp;<strong>23 de abril<\/strong><\/p>\n\n\n\n<p><strong>Jubilaciones y pensiones<\/strong><\/p>\n\n\n\n<p>Documentos terminados en&nbsp;<strong>0<\/strong>:&nbsp;<strong>17 de abril<\/strong><\/p>\n\n\n\n<p>Documentos terminados en&nbsp;<strong>1<\/strong>:&nbsp;<strong>18 de abril<\/strong><\/p>\n\n\n\n<p>Documentos terminados en&nbsp;<strong>2<\/strong>:&nbsp;<strong>19 de abril<\/strong><\/p>\n\n\n\n<p>Documentos terminados en&nbsp;<strong>3<\/strong>:&nbsp;<strong>22 de abril<\/strong><\/p>\n\n\n\n<p>Documentos terminados en&nbsp;<strong>4<\/strong>:&nbsp;<strong>23 de abril<\/strong><\/p>\n\n\n\n<p>Aquellos jubilados y pensionados que tienen&nbsp;<strong>fecha de cobro del haber&nbsp;<\/strong>a partir del<strong>&nbsp;17 de abril,<\/strong>&nbsp;<strong>cobrar\u00e1n todo junto<\/strong>&nbsp;con el calendario habitual.<\/p>\n\n\n\n<p>El calendario complementario se aplica en el marco de la transici\u00f3n de la f\u00f3rmula jubilatoria vigente a la nueva f\u00f3rmula oficializada por el Gobierno nacional, que entrar\u00e1 en vigencia en el mes de julio, y que actualizar\u00e1 las jubilaciones mensualmente tomando como base el \u00cdndice de Precios al Consumidor.<\/p>\n\n\n\n<p><a><\/a>En ese marco, en&nbsp;<strong>abril<\/strong>&nbsp;los jubilados y pensionados recibir\u00e1n un incremento extraordinario de&nbsp;<strong>12,5 por ciento&nbsp;<\/strong>para compensar parcialmente las p\u00e9rdidas ocasionadas por el proceso inflacionario del \u00faltimo a\u00f1o. Asimismo, se adicionar\u00e1 el&nbsp;<strong>13,24 por ciento correspondiente al IPC<\/strong>&nbsp;de febrero a cuenta de la movilidad a pagar en junio de 2024. Por todo ello, la jubilaci\u00f3n m\u00ednima de abril ser\u00e1 de&nbsp;<strong>171.283,31 pesos<\/strong>. A ese monto se le adicionara el pago de un&nbsp;<strong>bono de 70 mil pesos.&nbsp;<\/strong>En consecuencia, la jubilaci\u00f3n m\u00ednima en el mes de abril alcanzar\u00e1 un total de&nbsp;<strong>241.283,31 pesos<\/strong>.<\/p>\n","protected":false},"excerpt":{"rendered":"<p>ANSES informa que a partir del&nbsp;17 de abril&nbsp;comienza el pago de la movilidad para aquellas jubilaciones y pensiones que hayan cobrado sus haberes correspondientes a abril&nbsp;antes del mi\u00e9rcoles 17. Las&hellip;<\/p>\n","protected":false},"author":3,"featured_media":5786,"comment_status":"closed","ping_status":"closed","sticky":false,"template":"","format":"standard","meta":{"footnotes":""},"categories":[4,9],"tags":[],"class_list":["post-5785","post","type-post","status-publish","format-standard","has-post-thumbnail","hentry","category-destacados","category-informacion-general"],"rttpg_featured_image_url":{"full":["https:\/\/magazineweb.com.ar\/wp-content\/uploads\/2024\/04\/HISWCKHVHZIGRBTIV5ZYGWYXO4.jpg",644,362,false],"landscape":["https:\/\/magazineweb.com.ar\/wp-content\/uploads\/2024\/04\/HISWCKHVHZIGRBTIV5ZYGWYXO4.jpg",644,362,false],"portraits":["https:\/\/magazineweb.com.ar\/wp-content\/uploads\/2024\/04\/HISWCKHVHZIGRBTIV5ZYGWYXO4.jpg",644,362,false],"thumbnail":["https:\/\/magazineweb.com.ar\/wp-content\/uploads\/2024\/04\/HISWCKHVHZIGRBTIV5ZYGWYXO4-150x150.jpg",150,150,true],"medium":["https:\/\/magazineweb.com.ar\/wp-content\/uploads\/2024\/04\/HISWCKHVHZIGRBTIV5ZYGWYXO4-300x169.jpg",300,169,true],"large":["https:\/\/magazineweb.com.ar\/wp-content\/uploads\/2024\/04\/HISWCKHVHZIGRBTIV5ZYGWYXO4.jpg",644,362,false],"1536x1536":["https:\/\/magazineweb.com.ar\/wp-content\/uploads\/2024\/04\/HISWCKHVHZIGRBTIV5ZYGWYXO4.jpg",644,362,false],"2048x2048":["https:\/\/magazineweb.com.ar\/wp-content\/uploads\/2024\/04\/HISWCKHVHZIGRBTIV5ZYGWYXO4.jpg",644,362,false],"ultp_layout_landscape_large":["https:\/\/magazineweb.com.ar\/wp-content\/uploads\/2024\/04\/HISWCKHVHZIGRBTIV5ZYGWYXO4.jpg",644,362,false],"ultp_layout_landscape":["https:\/\/magazineweb.com.ar\/wp-content\/uploads\/2024\/04\/HISWCKHVHZIGRBTIV5ZYGWYXO4.jpg",644,362,false],"ultp_layout_portrait":["https:\/\/magazineweb.com.ar\/wp-content\/uploads\/2024\/04\/HISWCKHVHZIGRBTIV5ZYGWYXO4-600x362.jpg",600,362,true],"ultp_layout_square":["https:\/\/magazineweb.com.ar\/wp-content\/uploads\/2024\/04\/HISWCKHVHZIGRBTIV5ZYGWYXO4-600x362.jpg",600,362,true]},"rttpg_author":{"display_name":"Redacci\u00f3n Magazine Web","author_link":"https:\/\/magazineweb.com.ar\/?author=3"},"rttpg_comment":0,"rttpg_category":"<a href=\"https:\/\/magazineweb.com.ar\/?cat=4\" rel=\"category\">Destacados<\/a> <a href=\"https:\/\/magazineweb.com.ar\/?cat=9\" rel=\"category\">Informaci\u00f3n General<\/a>","rttpg_excerpt":"ANSES informa que a partir del&nbsp;17 de abril&nbsp;comienza el pago de la movilidad para aquellas jubilaciones y pensiones que hayan cobrado sus haberes correspondientes a abril&nbsp;antes del mi\u00e9rcoles 17. Las&hellip;","_links":{"self":[{"href":"https:\/\/magazineweb.com.ar\/index.php?rest_route=\/wp\/v2\/posts\/5785","targetHints":{"allow":["GET"]}}],"collection":[{"href":"https:\/\/magazineweb.com.ar\/index.php?rest_route=\/wp\/v2\/posts"}],"about":[{"href":"https:\/\/magazineweb.com.ar\/index.php?rest_route=\/wp\/v2\/types\/post"}],"author":[{"embeddable":true,"href":"https:\/\/magazineweb.com.ar\/index.php?rest_route=\/wp\/v2\/users\/3"}],"replies":[{"embeddable":true,"href":"https:\/\/magazineweb.com.ar\/index.php?rest_route=%2Fwp%2Fv2%2Fcomments&post=5785"}],"version-history":[{"count":1,"href":"https:\/\/magazineweb.com.ar\/index.php?rest_route=\/wp\/v2\/posts\/5785\/revisions"}],"predecessor-version":[{"id":5787,"href":"https:\/\/magazineweb.com.ar\/index.php?rest_route=\/wp\/v2\/posts\/5785\/revisions\/5787"}],"wp:featuredmedia":[{"embeddable":true,"href":"https:\/\/magazineweb.com.ar\/index.php?rest_route=\/wp\/v2\/media\/5786"}],"wp:attachment":[{"href":"https:\/\/magazineweb.com.ar\/index.php?rest_route=%2Fwp%2Fv2%2Fmedia&parent=5785"}],"wp:term":[{"taxonomy":"category","embeddable":true,"href":"https:\/\/magazineweb.com.ar\/index.php?rest_route=%2Fwp%2Fv2%2Fcategories&post=5785"},{"taxonomy":"post_tag","embeddable":true,"href":"https:\/\/magazineweb.com.ar\/index.php?rest_route=%2Fwp%2Fv2%2Ftags&post=5785"}],"curies":[{"name":"wp","href":"https:\/\/api.w.org\/{rel}","templated":true}]}}