{"id":5800,"date":"2024-04-09T01:09:00","date_gmt":"2024-04-09T04:09:00","guid":{"rendered":"https:\/\/magazineweb.com.ar\/?p=5800"},"modified":"2024-04-08T21:14:27","modified_gmt":"2024-04-09T00:14:27","slug":"nuevas-jornadas-de-vacunacion-antirrabica-en-berazategui","status":"publish","type":"post","link":"https:\/\/magazineweb.com.ar\/?p=5800","title":{"rendered":"Nuevas jornadas de vacunaci\u00f3n antirr\u00e1bica en Berazategui"},"content":{"rendered":"\n<p>Ya est\u00e1 confirmado el cronograma de abril de las jornadas de vacunaci\u00f3n antirr\u00e1bica que organiza la Municipalidad de Berazategui. A trav\u00e9s de esta iniciativa, impulsada por el intendente Juan Jos\u00e9 Mussi, los vecinos y vecinas de la ciudad podr\u00e1n acceder a servicios de salud para sus perros y gatos, gratis y cerca de sus casas.<\/p>\n\n\n\n<p>Cada jornada se desarrollar\u00e1 de 9.00 a 12.00, bajo el siguiente cronograma:<\/p>\n\n\n\n<p>-Del martes 9 al jueves 11, en la Sociedad de Fomento Rigolleau (Av. Dardo Rocha y 16).<br>-Del martes 16 al jueves 18, en el Polideportivo Municipal N\u00b0 3 (calle 459 e\/ 408 y 409).<br>-Del lunes 15 al jueves 18, en el Centro de Jubilados Barrio Sarmiento (calle 150 e\/ 57 y 58).<br>-Del lunes 22 al jueves 25, en la Sociedad de Fomento Buenaventura (Av. Vergara y 24).<\/p>\n\n\n\n<p>Para m\u00e1s informaci\u00f3n acerca de las pol\u00edticas de tenencia responsable y protecci\u00f3n de los derechos de los animales de Berazategui, se puede ingresar en corazondezonasur.com.ar.<\/p>\n","protected":false},"excerpt":{"rendered":"<p>Ya est\u00e1 confirmado el cronograma de abril de las jornadas de vacunaci\u00f3n antirr\u00e1bica que organiza la Municipalidad de Berazategui. A trav\u00e9s de esta iniciativa, impulsada por el intendente Juan Jos\u00e9&hellip;<\/p>\n","protected":false},"author":3,"featured_media":5801,"comment_status":"closed","ping_status":"closed","sticky":false,"template":"","format":"standard","meta":{"footnotes":""},"categories":[16],"tags":[],"class_list":["post-5800","post","type-post","status-publish","format-standard","has-post-thumbnail","hentry","category-salud-y-medio-ambiente"],"rttpg_featured_image_url":{"full":["https:\/\/magazineweb.com.ar\/wp-content\/uploads\/2024\/04\/NUEVAS-JORNADAS-DE-VACUNACION-ANTIRRABICA-EN-BERAZATEGUI1.jpg",1920,1280,false],"landscape":["https:\/\/magazineweb.com.ar\/wp-content\/uploads\/2024\/04\/NUEVAS-JORNADAS-DE-VACUNACION-ANTIRRABICA-EN-BERAZATEGUI1.jpg",1920,1280,false],"portraits":["https:\/\/magazineweb.com.ar\/wp-content\/uploads\/2024\/04\/NUEVAS-JORNADAS-DE-VACUNACION-ANTIRRABICA-EN-BERAZATEGUI1.jpg",1920,1280,false],"thumbnail":["https:\/\/magazineweb.com.ar\/wp-content\/uploads\/2024\/04\/NUEVAS-JORNADAS-DE-VACUNACION-ANTIRRABICA-EN-BERAZATEGUI1-150x150.jpg",150,150,true],"medium":["https:\/\/magazineweb.com.ar\/wp-content\/uploads\/2024\/04\/NUEVAS-JORNADAS-DE-VACUNACION-ANTIRRABICA-EN-BERAZATEGUI1-300x200.jpg",300,200,true],"large":["https:\/\/magazineweb.com.ar\/wp-content\/uploads\/2024\/04\/NUEVAS-JORNADAS-DE-VACUNACION-ANTIRRABICA-EN-BERAZATEGUI1-1024x683.jpg",1024,683,true],"1536x1536":["https:\/\/magazineweb.com.ar\/wp-content\/uploads\/2024\/04\/NUEVAS-JORNADAS-DE-VACUNACION-ANTIRRABICA-EN-BERAZATEGUI1-1536x1024.jpg",1536,1024,true],"2048x2048":["https:\/\/magazineweb.com.ar\/wp-content\/uploads\/2024\/04\/NUEVAS-JORNADAS-DE-VACUNACION-ANTIRRABICA-EN-BERAZATEGUI1.jpg",1920,1280,false],"ultp_layout_landscape_large":["https:\/\/magazineweb.com.ar\/wp-content\/uploads\/2024\/04\/NUEVAS-JORNADAS-DE-VACUNACION-ANTIRRABICA-EN-BERAZATEGUI1-1200x800.jpg",1200,800,true],"ultp_layout_landscape":["https:\/\/magazineweb.com.ar\/wp-content\/uploads\/2024\/04\/NUEVAS-JORNADAS-DE-VACUNACION-ANTIRRABICA-EN-BERAZATEGUI1-870x570.jpg",870,570,true],"ultp_layout_portrait":["https:\/\/magazineweb.com.ar\/wp-content\/uploads\/2024\/04\/NUEVAS-JORNADAS-DE-VACUNACION-ANTIRRABICA-EN-BERAZATEGUI1-600x900.jpg",600,900,true],"ultp_layout_square":["https:\/\/magazineweb.com.ar\/wp-content\/uploads\/2024\/04\/NUEVAS-JORNADAS-DE-VACUNACION-ANTIRRABICA-EN-BERAZATEGUI1-600x600.jpg",600,600,true]},"rttpg_author":{"display_name":"Redacci\u00f3n Magazine Web","author_link":"https:\/\/magazineweb.com.ar\/?author=3"},"rttpg_comment":0,"rttpg_category":"<a href=\"https:\/\/magazineweb.com.ar\/?cat=16\" rel=\"category\">Salud y Medio Ambiente<\/a>","rttpg_excerpt":"Ya est\u00e1 confirmado el cronograma de abril de las jornadas de vacunaci\u00f3n antirr\u00e1bica que organiza la Municipalidad de Berazategui. A trav\u00e9s de esta iniciativa, impulsada por el intendente Juan Jos\u00e9&hellip;","_links":{"self":[{"href":"https:\/\/magazineweb.com.ar\/index.php?rest_route=\/wp\/v2\/posts\/5800","targetHints":{"allow":["GET"]}}],"collection":[{"href":"https:\/\/magazineweb.com.ar\/index.php?rest_route=\/wp\/v2\/posts"}],"about":[{"href":"https:\/\/magazineweb.com.ar\/index.php?rest_route=\/wp\/v2\/types\/post"}],"author":[{"embeddable":true,"href":"https:\/\/magazineweb.com.ar\/index.php?rest_route=\/wp\/v2\/users\/3"}],"replies":[{"embeddable":true,"href":"https:\/\/magazineweb.com.ar\/index.php?rest_route=%2Fwp%2Fv2%2Fcomments&post=5800"}],"version-history":[{"count":1,"href":"https:\/\/magazineweb.com.ar\/index.php?rest_route=\/wp\/v2\/posts\/5800\/revisions"}],"predecessor-version":[{"id":5802,"href":"https:\/\/magazineweb.com.ar\/index.php?rest_route=\/wp\/v2\/posts\/5800\/revisions\/5802"}],"wp:featuredmedia":[{"embeddable":true,"href":"https:\/\/magazineweb.com.ar\/index.php?rest_route=\/wp\/v2\/media\/5801"}],"wp:attachment":[{"href":"https:\/\/magazineweb.com.ar\/index.php?rest_route=%2Fwp%2Fv2%2Fmedia&parent=5800"}],"wp:term":[{"taxonomy":"category","embeddable":true,"href":"https:\/\/magazineweb.com.ar\/index.php?rest_route=%2Fwp%2Fv2%2Fcategories&post=5800"},{"taxonomy":"post_tag","embeddable":true,"href":"https:\/\/magazineweb.com.ar\/index.php?rest_route=%2Fwp%2Fv2%2Ftags&post=5800"}],"curies":[{"name":"wp","href":"https:\/\/api.w.org\/{rel}","templated":true}]}}