{"id":5837,"date":"2024-04-11T01:06:00","date_gmt":"2024-04-11T04:06:00","guid":{"rendered":"https:\/\/magazineweb.com.ar\/?p=5837"},"modified":"2024-04-10T09:30:53","modified_gmt":"2024-04-10T12:30:53","slug":"la-feria-emprender-tambien-en-gutierrez","status":"publish","type":"post","link":"https:\/\/magazineweb.com.ar\/?p=5837","title":{"rendered":"La Feria Emprender, tambi\u00e9n en Guti\u00e9rrez"},"content":{"rendered":"\n<p>Ya empez\u00f3 a funcionar la Feria Emprender en el Polo Emprendedor Berazategui, ubicado en la localidad de Guti\u00e9rrez. De esta manera, los artesanos locales ahora cuentan con un nuevo espacio de comercializaci\u00f3n de sus productos.<\/p>\n\n\n\n<p>Una de las emprendedoras, Nadia Ruiz, asegur\u00f3: \u201cEstamos super agradecidos de tener otro lugar para vender, adem\u00e1s de la Plaza Rigolleau, donde tambi\u00e9n participo. Es important\u00edsimo para m\u00ed y mis compa\u00f1eros\u201d. Y agreg\u00f3: \u201cParticularmente, estoy a cargo de Nadine Creaciones. Hago productos de marroquiner\u00eda, como cartucheras y neceseres\u201d.<\/p>\n\n\n\n<p>El Polo Emprendedor Berazategui es una iniciativa impulsada por el intendente Juan Jos\u00e9 Mussi, a trav\u00e9s de la Secretar\u00eda de Trabajo. Se encuentra en la calle 413 y 455; y tiene el objetivo de visibilizar e impulsar la producci\u00f3n berazateguense, adem\u00e1s de fortalecer el consumo local. Los mi\u00e9rcoles y jueves, de 9.00 a 14.00, recibe a la Feria Emprender y a Mercado Vecino, dos iniciativas municipales.<\/p>\n","protected":false},"excerpt":{"rendered":"<p>Ya empez\u00f3 a funcionar la Feria Emprender en el Polo Emprendedor Berazategui, ubicado en la localidad de Guti\u00e9rrez. De esta manera, los artesanos locales ahora cuentan con un nuevo espacio&hellip;<\/p>\n","protected":false},"author":3,"featured_media":5838,"comment_status":"closed","ping_status":"closed","sticky":false,"template":"","format":"standard","meta":{"footnotes":""},"categories":[9],"tags":[],"class_list":["post-5837","post","type-post","status-publish","format-standard","has-post-thumbnail","hentry","category-informacion-general"],"rttpg_featured_image_url":{"full":["https:\/\/magazineweb.com.ar\/wp-content\/uploads\/2024\/04\/thumbnail_LA-FERIA-EMPRENDER-TAMBIEN-EN-GUTIERREZ1.jpg",1920,1280,false],"landscape":["https:\/\/magazineweb.com.ar\/wp-content\/uploads\/2024\/04\/thumbnail_LA-FERIA-EMPRENDER-TAMBIEN-EN-GUTIERREZ1.jpg",1920,1280,false],"portraits":["https:\/\/magazineweb.com.ar\/wp-content\/uploads\/2024\/04\/thumbnail_LA-FERIA-EMPRENDER-TAMBIEN-EN-GUTIERREZ1.jpg",1920,1280,false],"thumbnail":["https:\/\/magazineweb.com.ar\/wp-content\/uploads\/2024\/04\/thumbnail_LA-FERIA-EMPRENDER-TAMBIEN-EN-GUTIERREZ1-150x150.jpg",150,150,true],"medium":["https:\/\/magazineweb.com.ar\/wp-content\/uploads\/2024\/04\/thumbnail_LA-FERIA-EMPRENDER-TAMBIEN-EN-GUTIERREZ1-300x200.jpg",300,200,true],"large":["https:\/\/magazineweb.com.ar\/wp-content\/uploads\/2024\/04\/thumbnail_LA-FERIA-EMPRENDER-TAMBIEN-EN-GUTIERREZ1-1024x683.jpg",1024,683,true],"1536x1536":["https:\/\/magazineweb.com.ar\/wp-content\/uploads\/2024\/04\/thumbnail_LA-FERIA-EMPRENDER-TAMBIEN-EN-GUTIERREZ1-1536x1024.jpg",1536,1024,true],"2048x2048":["https:\/\/magazineweb.com.ar\/wp-content\/uploads\/2024\/04\/thumbnail_LA-FERIA-EMPRENDER-TAMBIEN-EN-GUTIERREZ1.jpg",1920,1280,false],"ultp_layout_landscape_large":["https:\/\/magazineweb.com.ar\/wp-content\/uploads\/2024\/04\/thumbnail_LA-FERIA-EMPRENDER-TAMBIEN-EN-GUTIERREZ1-1200x800.jpg",1200,800,true],"ultp_layout_landscape":["https:\/\/magazineweb.com.ar\/wp-content\/uploads\/2024\/04\/thumbnail_LA-FERIA-EMPRENDER-TAMBIEN-EN-GUTIERREZ1-870x570.jpg",870,570,true],"ultp_layout_portrait":["https:\/\/magazineweb.com.ar\/wp-content\/uploads\/2024\/04\/thumbnail_LA-FERIA-EMPRENDER-TAMBIEN-EN-GUTIERREZ1-600x900.jpg",600,900,true],"ultp_layout_square":["https:\/\/magazineweb.com.ar\/wp-content\/uploads\/2024\/04\/thumbnail_LA-FERIA-EMPRENDER-TAMBIEN-EN-GUTIERREZ1-600x600.jpg",600,600,true]},"rttpg_author":{"display_name":"Redacci\u00f3n Magazine Web","author_link":"https:\/\/magazineweb.com.ar\/?author=3"},"rttpg_comment":0,"rttpg_category":"<a href=\"https:\/\/magazineweb.com.ar\/?cat=9\" rel=\"category\">Informaci\u00f3n General<\/a>","rttpg_excerpt":"Ya empez\u00f3 a funcionar la Feria Emprender en el Polo Emprendedor Berazategui, ubicado en la localidad de Guti\u00e9rrez. De esta manera, los artesanos locales ahora cuentan con un nuevo espacio&hellip;","_links":{"self":[{"href":"https:\/\/magazineweb.com.ar\/index.php?rest_route=\/wp\/v2\/posts\/5837","targetHints":{"allow":["GET"]}}],"collection":[{"href":"https:\/\/magazineweb.com.ar\/index.php?rest_route=\/wp\/v2\/posts"}],"about":[{"href":"https:\/\/magazineweb.com.ar\/index.php?rest_route=\/wp\/v2\/types\/post"}],"author":[{"embeddable":true,"href":"https:\/\/magazineweb.com.ar\/index.php?rest_route=\/wp\/v2\/users\/3"}],"replies":[{"embeddable":true,"href":"https:\/\/magazineweb.com.ar\/index.php?rest_route=%2Fwp%2Fv2%2Fcomments&post=5837"}],"version-history":[{"count":1,"href":"https:\/\/magazineweb.com.ar\/index.php?rest_route=\/wp\/v2\/posts\/5837\/revisions"}],"predecessor-version":[{"id":5839,"href":"https:\/\/magazineweb.com.ar\/index.php?rest_route=\/wp\/v2\/posts\/5837\/revisions\/5839"}],"wp:featuredmedia":[{"embeddable":true,"href":"https:\/\/magazineweb.com.ar\/index.php?rest_route=\/wp\/v2\/media\/5838"}],"wp:attachment":[{"href":"https:\/\/magazineweb.com.ar\/index.php?rest_route=%2Fwp%2Fv2%2Fmedia&parent=5837"}],"wp:term":[{"taxonomy":"category","embeddable":true,"href":"https:\/\/magazineweb.com.ar\/index.php?rest_route=%2Fwp%2Fv2%2Fcategories&post=5837"},{"taxonomy":"post_tag","embeddable":true,"href":"https:\/\/magazineweb.com.ar\/index.php?rest_route=%2Fwp%2Fv2%2Ftags&post=5837"}],"curies":[{"name":"wp","href":"https:\/\/api.w.org\/{rel}","templated":true}]}}