{"id":5843,"date":"2024-04-11T01:09:00","date_gmt":"2024-04-11T04:09:00","guid":{"rendered":"https:\/\/magazineweb.com.ar\/?p=5843"},"modified":"2024-04-10T19:29:35","modified_gmt":"2024-04-10T22:29:35","slug":"la-inflacion-de-los-trabajadores-fue-de-104-en-marzo","status":"publish","type":"post","link":"https:\/\/magazineweb.com.ar\/?p=5843","title":{"rendered":"La inflaci\u00f3n de los trabajadores fue de 10,4% en marzo"},"content":{"rendered":"\n<p>En marzo, la&nbsp;inflaci\u00f3n de los trabajadores&nbsp;fue del 10,4%, desaceler\u00e1ndose en 5,4 puntos respecto a los valores de febrero, de acuerdo con la \u00faltima medici\u00f3n del Instituto de Estad\u00edstica de los Trabajadores (IET) de la Universidad Metropolitana para Educaci\u00f3n y el Trabajo (UMET) y el Centro para Concertaci\u00f3n y el Desarrollo (CCD).&nbsp;<\/p>\n\n\n\n<p>Con este registro, la inflaci\u00f3n interanual&nbsp;alcanz\u00f3 el 303,2% en los \u00faltimos 12 meses y un 56,8% en el primer trimestre del a\u00f1o.<\/p>\n\n\n\n<p>Seg\u00fan los analistas del IET \u201cde modo similar a febrero, la desaceleraci\u00f3n de la inflaci\u00f3n en marzo estuvo asociada a la estabilidad del d\u00f3lar nominal (que subi\u00f3 2% mensual) tras el salto devaluatorio de diciembre. Tambi\u00e9n incidieron la reducci\u00f3n de la brecha cambiaria, la ca\u00edda de los precios internacionales de las materias primas y la fuerte contracci\u00f3n del consumo, que est\u00e1 acotando los aumentos en ciertos sectores\u201d.<\/p>\n\n\n\n<p>Ante la situaci\u00f3n, el ex ministro de Educaci\u00f3n y director ejecutivo del CCD,&nbsp;Nicol\u00e1s Trotta&nbsp;que \u201cestamos viendo que a trav\u00e9s de una licuaci\u00f3n deliberada del poder adquisitivo de los salarios se materializa lo que constituye el objetivo central de la pol\u00edtica del gobierno: producir un ajuste econ\u00f3mico que ahorre divisas de la peor manera y disciplina a los trabajadores con el consecuente aumento de la pobreza y el desempleo. Un gobierno que ir\u00f3nicamente dice apoyar paritarias libres, pero no las homologa y acusa de abusivas pr\u00e1cticas de precios, como las prepagas, que \u00e9l mismo promueve\u201d.<\/p>\n\n\n\n<p>La inflaci\u00f3n de marzo estuvo impulsada por Educaci\u00f3n (24,6%), que es un rubro que suele concentrar uno de sus aumentos en dicho mes, producto del inicio del a\u00f1o lectivo. En segundo lugar, est\u00e1 Comunicaciones (20,6%), producto de subas en telefon\u00eda celular e internet, seguido por Vivienda (12,8%), Otros bienes y servicios (12,4%) y Transporte (10,6%). En este \u00faltimo caso, y a diferencia de meses previos, se registraron aumentos m\u00e1s moderados en los combustibles. Los alimentos y bebidas, en tanto, subieron 7,1%.<\/p>\n\n\n\n<h2 class=\"wp-block-heading\">Ca\u00edda real del salario<\/h2>\n\n\n\n<p>El salario real cay\u00f3 19% interanual en enero, lo que pone al inicio de 2024 como la cuarta mayor ca\u00edda interanual de las \u00faltimas nueve d\u00e9cadas en Argentina, solo por detr\u00e1s de 1976 (-37,1%), 1969 (-23%) y 1989 (-21%).<\/p>\n\n\n\n<p>La contracci\u00f3n que hasta ahora se viene registrando en 2024 viene siendo de una magnitud muy similar a la del a\u00f1o 2002 (-18,9%)\u201d, detallan los analistas.&nbsp;<\/p>\n\n\n\n<p>\u201cVemos que a trav\u00e9s de una licuaci\u00f3n deliberada de los salarios se materializa el objetivo central de la pol\u00edtica del gobierno: producir un ajuste econ\u00f3mico que ahorre divisas de la peor manera y disciplina a los trabajadores con el consecuente aumento de la pobreza y el desempleo\u201d, revel\u00f3 el ex ministro de Educaci\u00f3n y director ejecutivo del CCD, Nicol\u00e1s Trotta.<\/p>\n","protected":false},"excerpt":{"rendered":"<p>En marzo, la&nbsp;inflaci\u00f3n de los trabajadores&nbsp;fue del 10,4%, desaceler\u00e1ndose en 5,4 puntos respecto a los valores de febrero, de acuerdo con la \u00faltima medici\u00f3n del Instituto de Estad\u00edstica de los&hellip;<\/p>\n","protected":false},"author":3,"featured_media":5844,"comment_status":"closed","ping_status":"closed","sticky":false,"template":"","format":"standard","meta":{"footnotes":""},"categories":[5],"tags":[],"class_list":["post-5843","post","type-post","status-publish","format-standard","has-post-thumbnail","hentry","category-economia"],"rttpg_featured_image_url":{"full":["https:\/\/magazineweb.com.ar\/wp-content\/uploads\/2024\/04\/image-1122.png",1200,675,false],"landscape":["https:\/\/magazineweb.com.ar\/wp-content\/uploads\/2024\/04\/image-1122.png",1200,675,false],"portraits":["https:\/\/magazineweb.com.ar\/wp-content\/uploads\/2024\/04\/image-1122.png",1200,675,false],"thumbnail":["https:\/\/magazineweb.com.ar\/wp-content\/uploads\/2024\/04\/image-1122-150x150.png",150,150,true],"medium":["https:\/\/magazineweb.com.ar\/wp-content\/uploads\/2024\/04\/image-1122-300x169.png",300,169,true],"large":["https:\/\/magazineweb.com.ar\/wp-content\/uploads\/2024\/04\/image-1122-1024x576.png",1024,576,true],"1536x1536":["https:\/\/magazineweb.com.ar\/wp-content\/uploads\/2024\/04\/image-1122.png",1200,675,false],"2048x2048":["https:\/\/magazineweb.com.ar\/wp-content\/uploads\/2024\/04\/image-1122.png",1200,675,false],"ultp_layout_landscape_large":["https:\/\/magazineweb.com.ar\/wp-content\/uploads\/2024\/04\/image-1122.png",1200,675,false],"ultp_layout_landscape":["https:\/\/magazineweb.com.ar\/wp-content\/uploads\/2024\/04\/image-1122-870x570.png",870,570,true],"ultp_layout_portrait":["https:\/\/magazineweb.com.ar\/wp-content\/uploads\/2024\/04\/image-1122-600x675.png",600,675,true],"ultp_layout_square":["https:\/\/magazineweb.com.ar\/wp-content\/uploads\/2024\/04\/image-1122-600x600.png",600,600,true]},"rttpg_author":{"display_name":"Redacci\u00f3n Magazine Web","author_link":"https:\/\/magazineweb.com.ar\/?author=3"},"rttpg_comment":0,"rttpg_category":"<a href=\"https:\/\/magazineweb.com.ar\/?cat=5\" rel=\"category\">Econom\u00eda<\/a>","rttpg_excerpt":"En marzo, la&nbsp;inflaci\u00f3n de los trabajadores&nbsp;fue del 10,4%, desaceler\u00e1ndose en 5,4 puntos respecto a los valores de febrero, de acuerdo con la \u00faltima medici\u00f3n del Instituto de Estad\u00edstica de los&hellip;","_links":{"self":[{"href":"https:\/\/magazineweb.com.ar\/index.php?rest_route=\/wp\/v2\/posts\/5843","targetHints":{"allow":["GET"]}}],"collection":[{"href":"https:\/\/magazineweb.com.ar\/index.php?rest_route=\/wp\/v2\/posts"}],"about":[{"href":"https:\/\/magazineweb.com.ar\/index.php?rest_route=\/wp\/v2\/types\/post"}],"author":[{"embeddable":true,"href":"https:\/\/magazineweb.com.ar\/index.php?rest_route=\/wp\/v2\/users\/3"}],"replies":[{"embeddable":true,"href":"https:\/\/magazineweb.com.ar\/index.php?rest_route=%2Fwp%2Fv2%2Fcomments&post=5843"}],"version-history":[{"count":1,"href":"https:\/\/magazineweb.com.ar\/index.php?rest_route=\/wp\/v2\/posts\/5843\/revisions"}],"predecessor-version":[{"id":5845,"href":"https:\/\/magazineweb.com.ar\/index.php?rest_route=\/wp\/v2\/posts\/5843\/revisions\/5845"}],"wp:featuredmedia":[{"embeddable":true,"href":"https:\/\/magazineweb.com.ar\/index.php?rest_route=\/wp\/v2\/media\/5844"}],"wp:attachment":[{"href":"https:\/\/magazineweb.com.ar\/index.php?rest_route=%2Fwp%2Fv2%2Fmedia&parent=5843"}],"wp:term":[{"taxonomy":"category","embeddable":true,"href":"https:\/\/magazineweb.com.ar\/index.php?rest_route=%2Fwp%2Fv2%2Fcategories&post=5843"},{"taxonomy":"post_tag","embeddable":true,"href":"https:\/\/magazineweb.com.ar\/index.php?rest_route=%2Fwp%2Fv2%2Ftags&post=5843"}],"curies":[{"name":"wp","href":"https:\/\/api.w.org\/{rel}","templated":true}]}}