{"id":5859,"date":"2024-04-11T01:03:00","date_gmt":"2024-04-11T04:03:00","guid":{"rendered":"https:\/\/magazineweb.com.ar\/?p=5859"},"modified":"2024-04-10T20:41:47","modified_gmt":"2024-04-10T23:41:47","slug":"berazategui-se-realizo-la-ronda-multisectorial-de-negocios-2024","status":"publish","type":"post","link":"https:\/\/magazineweb.com.ar\/?p=5859","title":{"rendered":"Berazategui: se realiz\u00f3 la Ronda Multisectorial de Negocios 2024"},"content":{"rendered":"\n<p><strong>Se realiz\u00f3 la Ronda Multisectorial de Negocios 2024, en el Complejo Cultural Municipal La Calle. El acto de apertura fue encabezado por el intendente de Berazategui, Juan Jos\u00e9 Mussi; y el ministro bonaerense de Producci\u00f3n, Ciencia e Innovaci\u00f3n Tecnol\u00f3gica, Augusto Costa. En esta edici\u00f3n hubo r\u00e9cord de inscripciones con 267 empresas locales, que celebraron m\u00e1s de 600 reuniones de negocios.&nbsp;<\/strong><\/p>\n\n\n\n<p>Las Rondas de Negocios son una pol\u00edtica provincial sostenida de fomento a las empresas locales, ya que propicia encuentros de trabajo, genera contactos productivos y comerciales para el sector privado y permite difundir las distintas herramientas productivas y de financiamiento con las que cuenta el Estado bonaerense. Fue la tercera Ronda de Negocios del a\u00f1o, despu\u00e9s de las ya realizadas en La Plata y Pilar.&nbsp;<\/p>\n\n\n\n<p>En este contexto, Mussi remarc\u00f3 su compromiso con el desarrollo productivo del distrito: \u201cEsta es la Ronda m\u00e1s numerosa que organizamos hasta el momento y es porque tenemos la necesidad de agruparnos. Cuando asum\u00ed por primera vez, hace 36 a\u00f1os, me puse en contacto con los industriales de Berazategui, detr\u00e1s de una utop\u00eda: poner en marcha el primer parque industrial. Hoy ya vamos por el n\u00famero 13\u201d. Adem\u00e1s, el Intendente expres\u00f3: \u201cCelebro haber encontrado en el gobernador, Axel Kicillof, la misma forma de pensar\u201d.<\/p>\n\n\n\n<p>Por su parte, Costa asegur\u00f3: \u201cEsta es la forma de reafirmar la responsabilidad del Estado bonaerense de articular con los Municipios y con quienes producen y trabajan. Las Rondas de Negocios son herramientas que dan la posibilidad de que diferentes actores productivos locales y regionales puedan llevar adelante oportunidades nuevas de negocios para consolidarse y salir adelante\u201d.<\/p>\n\n\n\n<p>Tambi\u00e9n participaron el secretario de Trabajo de la Municipalidad de Berazategui, Juan Manuel Parra; los subsecretarios provinciales de Desarrollo Comercial y Promoci\u00f3n de Inversiones, Ariel Aguilar; y de Industrias, Pymes y Cooperativas, Mariela Bembi; adem\u00e1s de la directora ejecutiva del Organismo Provincial de Contrataciones (OPC), Mar\u00eda Victoria Anad\u00f3n.<\/p>\n","protected":false},"excerpt":{"rendered":"<p>Se realiz\u00f3 la Ronda Multisectorial de Negocios 2024, en el Complejo Cultural Municipal La Calle. El acto de apertura fue encabezado por el intendente de Berazategui, Juan Jos\u00e9 Mussi; y&hellip;<\/p>\n","protected":false},"author":3,"featured_media":5860,"comment_status":"closed","ping_status":"closed","sticky":false,"template":"","format":"standard","meta":{"footnotes":""},"categories":[4,9],"tags":[],"class_list":["post-5859","post","type-post","status-publish","format-standard","has-post-thumbnail","hentry","category-destacados","category-informacion-general"],"rttpg_featured_image_url":{"full":["https:\/\/magazineweb.com.ar\/wp-content\/uploads\/2024\/04\/BERAZATEGUI.-SE-REALIZO-LA-RONDA-MULTISECTORIAL-DE-NEGOCIOS-2024-3.jpg",1920,1280,false],"landscape":["https:\/\/magazineweb.com.ar\/wp-content\/uploads\/2024\/04\/BERAZATEGUI.-SE-REALIZO-LA-RONDA-MULTISECTORIAL-DE-NEGOCIOS-2024-3.jpg",1920,1280,false],"portraits":["https:\/\/magazineweb.com.ar\/wp-content\/uploads\/2024\/04\/BERAZATEGUI.-SE-REALIZO-LA-RONDA-MULTISECTORIAL-DE-NEGOCIOS-2024-3.jpg",1920,1280,false],"thumbnail":["https:\/\/magazineweb.com.ar\/wp-content\/uploads\/2024\/04\/BERAZATEGUI.-SE-REALIZO-LA-RONDA-MULTISECTORIAL-DE-NEGOCIOS-2024-3-150x150.jpg",150,150,true],"medium":["https:\/\/magazineweb.com.ar\/wp-content\/uploads\/2024\/04\/BERAZATEGUI.-SE-REALIZO-LA-RONDA-MULTISECTORIAL-DE-NEGOCIOS-2024-3-300x200.jpg",300,200,true],"large":["https:\/\/magazineweb.com.ar\/wp-content\/uploads\/2024\/04\/BERAZATEGUI.-SE-REALIZO-LA-RONDA-MULTISECTORIAL-DE-NEGOCIOS-2024-3-1024x683.jpg",1024,683,true],"1536x1536":["https:\/\/magazineweb.com.ar\/wp-content\/uploads\/2024\/04\/BERAZATEGUI.-SE-REALIZO-LA-RONDA-MULTISECTORIAL-DE-NEGOCIOS-2024-3-1536x1024.jpg",1536,1024,true],"2048x2048":["https:\/\/magazineweb.com.ar\/wp-content\/uploads\/2024\/04\/BERAZATEGUI.-SE-REALIZO-LA-RONDA-MULTISECTORIAL-DE-NEGOCIOS-2024-3.jpg",1920,1280,false],"ultp_layout_landscape_large":["https:\/\/magazineweb.com.ar\/wp-content\/uploads\/2024\/04\/BERAZATEGUI.-SE-REALIZO-LA-RONDA-MULTISECTORIAL-DE-NEGOCIOS-2024-3-1200x800.jpg",1200,800,true],"ultp_layout_landscape":["https:\/\/magazineweb.com.ar\/wp-content\/uploads\/2024\/04\/BERAZATEGUI.-SE-REALIZO-LA-RONDA-MULTISECTORIAL-DE-NEGOCIOS-2024-3-870x570.jpg",870,570,true],"ultp_layout_portrait":["https:\/\/magazineweb.com.ar\/wp-content\/uploads\/2024\/04\/BERAZATEGUI.-SE-REALIZO-LA-RONDA-MULTISECTORIAL-DE-NEGOCIOS-2024-3-600x900.jpg",600,900,true],"ultp_layout_square":["https:\/\/magazineweb.com.ar\/wp-content\/uploads\/2024\/04\/BERAZATEGUI.-SE-REALIZO-LA-RONDA-MULTISECTORIAL-DE-NEGOCIOS-2024-3-600x600.jpg",600,600,true]},"rttpg_author":{"display_name":"Redacci\u00f3n Magazine Web","author_link":"https:\/\/magazineweb.com.ar\/?author=3"},"rttpg_comment":0,"rttpg_category":"<a href=\"https:\/\/magazineweb.com.ar\/?cat=4\" rel=\"category\">Destacados<\/a> <a href=\"https:\/\/magazineweb.com.ar\/?cat=9\" rel=\"category\">Informaci\u00f3n General<\/a>","rttpg_excerpt":"Se realiz\u00f3 la Ronda Multisectorial de Negocios 2024, en el Complejo Cultural Municipal La Calle. El acto de apertura fue encabezado por el intendente de Berazategui, Juan Jos\u00e9 Mussi; y&hellip;","_links":{"self":[{"href":"https:\/\/magazineweb.com.ar\/index.php?rest_route=\/wp\/v2\/posts\/5859","targetHints":{"allow":["GET"]}}],"collection":[{"href":"https:\/\/magazineweb.com.ar\/index.php?rest_route=\/wp\/v2\/posts"}],"about":[{"href":"https:\/\/magazineweb.com.ar\/index.php?rest_route=\/wp\/v2\/types\/post"}],"author":[{"embeddable":true,"href":"https:\/\/magazineweb.com.ar\/index.php?rest_route=\/wp\/v2\/users\/3"}],"replies":[{"embeddable":true,"href":"https:\/\/magazineweb.com.ar\/index.php?rest_route=%2Fwp%2Fv2%2Fcomments&post=5859"}],"version-history":[{"count":2,"href":"https:\/\/magazineweb.com.ar\/index.php?rest_route=\/wp\/v2\/posts\/5859\/revisions"}],"predecessor-version":[{"id":5871,"href":"https:\/\/magazineweb.com.ar\/index.php?rest_route=\/wp\/v2\/posts\/5859\/revisions\/5871"}],"wp:featuredmedia":[{"embeddable":true,"href":"https:\/\/magazineweb.com.ar\/index.php?rest_route=\/wp\/v2\/media\/5860"}],"wp:attachment":[{"href":"https:\/\/magazineweb.com.ar\/index.php?rest_route=%2Fwp%2Fv2%2Fmedia&parent=5859"}],"wp:term":[{"taxonomy":"category","embeddable":true,"href":"https:\/\/magazineweb.com.ar\/index.php?rest_route=%2Fwp%2Fv2%2Fcategories&post=5859"},{"taxonomy":"post_tag","embeddable":true,"href":"https:\/\/magazineweb.com.ar\/index.php?rest_route=%2Fwp%2Fv2%2Ftags&post=5859"}],"curies":[{"name":"wp","href":"https:\/\/api.w.org\/{rel}","templated":true}]}}