{"id":5862,"date":"2024-04-12T01:09:00","date_gmt":"2024-04-12T04:09:00","guid":{"rendered":"https:\/\/magazineweb.com.ar\/?p=5862"},"modified":"2024-04-10T20:08:36","modified_gmt":"2024-04-10T23:08:36","slug":"nueva-jornada-integral-de-salud-en-pereyra","status":"publish","type":"post","link":"https:\/\/magazineweb.com.ar\/?p=5862","title":{"rendered":"Nueva jornada integral de salud en Pereyra"},"content":{"rendered":"\n<p>Nuevamente se realizar\u00e1 una Jornada de Salud Integral gratuita para la comunidad rural de la localidad de Pereyra. Ser\u00e1 este viernes 12 de abril, de 9.00 a 13.00, en las inmediaciones del Jard\u00edn de Infantes N\u00b0 936, la Escuela Primaria N\u00b0 19 y la Agraria N\u00b0 1. Se podr\u00e1 ingresar desde Camino General Belgrano y Camino Evita, Paraje Santa Rosa.<\/p>\n\n\n\n<p>Durante la jornada, organizada por el Gobierno de la provincia de Buenos Aires y la Municipalidad de Berazategui, se brindar\u00e1n las siguientes prestaciones de manera gratuita:<\/p>\n\n\n\n<ul class=\"wp-block-list\">\n<li>Detecci\u00f3n de pacientes con factores de riesgo y toma de tensi\u00f3n arterial, peso, talla e \u00edndice de masa corporal.<\/li>\n\n\n\n<li>Atenci\u00f3n cl\u00ednica, obst\u00e9trica y pedi\u00e1trica.<\/li>\n\n\n\n<li>Atenci\u00f3n de la Red de Salud Mental y SEDRONAR.<\/li>\n\n\n\n<li>Consejer\u00eda de alimentaci\u00f3n saludable, salud sexual y reproductiva.<\/li>\n\n\n\n<li>Firma de libretas AUH.<\/li>\n\n\n\n<li>Vacunaci\u00f3n de Calendario Nacional y COVID-19.<\/li>\n\n\n\n<li>Capacitaci\u00f3n en RCP y uso de DEA.<\/li>\n\n\n\n<li>Test r\u00e1pido de VIH \/ S\u00edfilis.<\/li>\n\n\n\n<li>Control de salud bucal para ni\u00f1os y ni\u00f1as de 1er grado.<\/li>\n\n\n\n<li>Prueba para detecci\u00f3n de HPV (Instituto Provincial del C\u00e1ncer).<\/li>\n<\/ul>\n\n\n\n<p>Estas jornadas itinerantes recorren distintos barrios por impulso del intendente municipal, Dr. Juan Jos\u00e9 Mussi. El objetivo es descentralizar la salud p\u00fablica y acercar servicios a los vecinos y vecinas.<\/p>\n\n\n\n<p>Para m\u00e1s informaci\u00f3n, se puede ingresar en berazategui.gob.ar\/salud.<\/p>\n","protected":false},"excerpt":{"rendered":"<p>Nuevamente se realizar\u00e1 una Jornada de Salud Integral gratuita para la comunidad rural de la localidad de Pereyra. Ser\u00e1 este viernes 12 de abril, de 9.00 a 13.00, en las&hellip;<\/p>\n","protected":false},"author":3,"featured_media":5863,"comment_status":"closed","ping_status":"closed","sticky":false,"template":"","format":"standard","meta":{"footnotes":""},"categories":[16],"tags":[],"class_list":["post-5862","post","type-post","status-publish","format-standard","has-post-thumbnail","hentry","category-salud-y-medio-ambiente"],"rttpg_featured_image_url":{"full":["https:\/\/magazineweb.com.ar\/wp-content\/uploads\/2024\/04\/NUEVA-JORNADA-INTEGRAL-DE-SALUD-EN-PEREYRA.jpg",1920,1280,false],"landscape":["https:\/\/magazineweb.com.ar\/wp-content\/uploads\/2024\/04\/NUEVA-JORNADA-INTEGRAL-DE-SALUD-EN-PEREYRA.jpg",1920,1280,false],"portraits":["https:\/\/magazineweb.com.ar\/wp-content\/uploads\/2024\/04\/NUEVA-JORNADA-INTEGRAL-DE-SALUD-EN-PEREYRA.jpg",1920,1280,false],"thumbnail":["https:\/\/magazineweb.com.ar\/wp-content\/uploads\/2024\/04\/NUEVA-JORNADA-INTEGRAL-DE-SALUD-EN-PEREYRA-150x150.jpg",150,150,true],"medium":["https:\/\/magazineweb.com.ar\/wp-content\/uploads\/2024\/04\/NUEVA-JORNADA-INTEGRAL-DE-SALUD-EN-PEREYRA-300x200.jpg",300,200,true],"large":["https:\/\/magazineweb.com.ar\/wp-content\/uploads\/2024\/04\/NUEVA-JORNADA-INTEGRAL-DE-SALUD-EN-PEREYRA-1024x683.jpg",1024,683,true],"1536x1536":["https:\/\/magazineweb.com.ar\/wp-content\/uploads\/2024\/04\/NUEVA-JORNADA-INTEGRAL-DE-SALUD-EN-PEREYRA-1536x1024.jpg",1536,1024,true],"2048x2048":["https:\/\/magazineweb.com.ar\/wp-content\/uploads\/2024\/04\/NUEVA-JORNADA-INTEGRAL-DE-SALUD-EN-PEREYRA.jpg",1920,1280,false],"ultp_layout_landscape_large":["https:\/\/magazineweb.com.ar\/wp-content\/uploads\/2024\/04\/NUEVA-JORNADA-INTEGRAL-DE-SALUD-EN-PEREYRA-1200x800.jpg",1200,800,true],"ultp_layout_landscape":["https:\/\/magazineweb.com.ar\/wp-content\/uploads\/2024\/04\/NUEVA-JORNADA-INTEGRAL-DE-SALUD-EN-PEREYRA-870x570.jpg",870,570,true],"ultp_layout_portrait":["https:\/\/magazineweb.com.ar\/wp-content\/uploads\/2024\/04\/NUEVA-JORNADA-INTEGRAL-DE-SALUD-EN-PEREYRA-600x900.jpg",600,900,true],"ultp_layout_square":["https:\/\/magazineweb.com.ar\/wp-content\/uploads\/2024\/04\/NUEVA-JORNADA-INTEGRAL-DE-SALUD-EN-PEREYRA-600x600.jpg",600,600,true]},"rttpg_author":{"display_name":"Redacci\u00f3n Magazine Web","author_link":"https:\/\/magazineweb.com.ar\/?author=3"},"rttpg_comment":0,"rttpg_category":"<a href=\"https:\/\/magazineweb.com.ar\/?cat=16\" rel=\"category\">Salud y Medio Ambiente<\/a>","rttpg_excerpt":"Nuevamente se realizar\u00e1 una Jornada de Salud Integral gratuita para la comunidad rural de la localidad de Pereyra. Ser\u00e1 este viernes 12 de abril, de 9.00 a 13.00, en las&hellip;","_links":{"self":[{"href":"https:\/\/magazineweb.com.ar\/index.php?rest_route=\/wp\/v2\/posts\/5862","targetHints":{"allow":["GET"]}}],"collection":[{"href":"https:\/\/magazineweb.com.ar\/index.php?rest_route=\/wp\/v2\/posts"}],"about":[{"href":"https:\/\/magazineweb.com.ar\/index.php?rest_route=\/wp\/v2\/types\/post"}],"author":[{"embeddable":true,"href":"https:\/\/magazineweb.com.ar\/index.php?rest_route=\/wp\/v2\/users\/3"}],"replies":[{"embeddable":true,"href":"https:\/\/magazineweb.com.ar\/index.php?rest_route=%2Fwp%2Fv2%2Fcomments&post=5862"}],"version-history":[{"count":1,"href":"https:\/\/magazineweb.com.ar\/index.php?rest_route=\/wp\/v2\/posts\/5862\/revisions"}],"predecessor-version":[{"id":5864,"href":"https:\/\/magazineweb.com.ar\/index.php?rest_route=\/wp\/v2\/posts\/5862\/revisions\/5864"}],"wp:featuredmedia":[{"embeddable":true,"href":"https:\/\/magazineweb.com.ar\/index.php?rest_route=\/wp\/v2\/media\/5863"}],"wp:attachment":[{"href":"https:\/\/magazineweb.com.ar\/index.php?rest_route=%2Fwp%2Fv2%2Fmedia&parent=5862"}],"wp:term":[{"taxonomy":"category","embeddable":true,"href":"https:\/\/magazineweb.com.ar\/index.php?rest_route=%2Fwp%2Fv2%2Fcategories&post=5862"},{"taxonomy":"post_tag","embeddable":true,"href":"https:\/\/magazineweb.com.ar\/index.php?rest_route=%2Fwp%2Fv2%2Ftags&post=5862"}],"curies":[{"name":"wp","href":"https:\/\/api.w.org\/{rel}","templated":true}]}}